{"id":9788,"date":"2016-05-05T14:01:56","date_gmt":"2016-05-05T17:01:56","guid":{"rendered":"http:\/\/web.molina.cl\/?p=9788"},"modified":"2020-11-24T11:49:15","modified_gmt":"2020-11-24T15:49:15","slug":"se-inauguro-plaza-y-multicancha-en-san-jorge-de-romeral-en-la-comuna-de-molina","status":"publish","type":"post","link":"https:\/\/web.molina.cl\/?p=9788","title":{"rendered":"Muy Contentos los vecinos de San Jorge de Romeral, se inaugur\u00f3 Plaza y Multicancha"},"content":{"rendered":"<p style=\"text-align: justify;\">Este fin de semana pasado, se inaugur\u00f3 plaza y multicancha en el sector de San Jorge de Romeral en la comuna de Molina.<!--more--><\/p>\n<p style=\"text-align: justify;\">La plaza se construy\u00f3 en conjunto con la Junta de vecinos y la colaboraci\u00f3n Municipalidad de Molina. Elena Gerli, presidenta de la Junta de Vecinos se\u00f1al\u00f3 lo siguiente: \u201cEste lugar estuvo mucho tiempo abandonado, como un potrero en donde entraban los animales, incluso. Ahora es una hermosa plaza, gracias al trabajo de los vecinos y la colaboraci\u00f3n de la Ilustre Municipalidad de Molina\u201d. Priscilla Castillo, alcaldesa de Molina, indic\u00f3: \u201cFelicitamos a la Directiva de la Junta de Vecinos y a toda la comunidad, porque tienen una plaza preciosa, lo importante es que la mantengan y que la cuiden, que los ni\u00f1os no boten basura, creo que es muy importante tener este espacio para que toda la familia pueda pasear\u201d.<\/p>\n<p style=\"text-align: justify;\"><strong>MULTICHANCHA <\/strong><\/p>\n<p style=\"text-align: justify;\">La Multicancha, se enmarca en el Programa de Mejoramiento Urbano, de la Subdere del Ministerio del Interior y Seguridad Publica. Y consiste en una estructura met\u00e1lica e 600 metros cuadrados con una techumbre de 780 metros aproximadamente. Y con una inversi\u00f3n cerca de los 50 millones de pesos.<\/p>\n<p style=\"text-align: justify;\">\u201cLos vecinos est\u00e1n contentos de tener un recinto deportivo, que no solo les servir\u00e1 para el deporte, sino que para sus actividades bailables, por ejemplo, tan caracter\u00edstico de este sector\u201d, dijo la edil de la comuna.<\/p>\n<p style=\"text-align: justify;\">La multicancha podr\u00e1 ser utilizada para Baby Futbol, basquetball, voleyball, tenis y handball y para los fines que necesite toda la comunidad de San Jorge de Romeral en la comuna de Molina.<\/p>\n<div class=\"fb-video\" data-href=\"https:\/\/www.facebook.com\/municipalidadmolina\/videos\/\n582190998627986\/\" data-width=\"700\"><\/div>\n<p>&nbsp;<br \/>\n<\/p>\n","protected":false},"excerpt":{"rendered":"<p>Este fin de semana pasado, se inaugur\u00f3 plaza y multicancha en el sector de San Jorge de Romeral en la comuna de Molina.<\/p>\n","protected":false},"author":1,"featured_media":9802,"comment_status":"open","ping_status":"open","sticky":false,"template":"","format":"standard","meta":{"footnotes":""},"categories":[35,3,4],"tags":[1514,1515,1516,1517,1518,1519,353,940,471,1520,1521],"_links":{"self":[{"href":"https:\/\/web.molina.cl\/index.php?rest_route=\/wp\/v2\/posts\/9788"}],"collection":[{"href":"https:\/\/web.molina.cl\/index.php?rest_route=\/wp\/v2\/posts"}],"about":[{"href":"https:\/\/web.molina.cl\/index.php?rest_route=\/wp\/v2\/types\/post"}],"author":[{"embeddable":true,"href":"https:\/\/web.molina.cl\/index.php?rest_route=\/wp\/v2\/users\/1"}],"replies":[{"embeddable":true,"href":"https:\/\/web.molina.cl\/index.php?rest_route=%2Fwp%2Fv2%2Fcomments&post=9788"}],"version-history":[{"count":1,"href":"https:\/\/web.molina.cl\/index.php?rest_route=\/wp\/v2\/posts\/9788\/revisions"}],"predecessor-version":[{"id":42604,"href":"https:\/\/web.molina.cl\/index.php?rest_route=\/wp\/v2\/posts\/9788\/revisions\/42604"}],"wp:featuredmedia":[{"embeddable":true,"href":"https:\/\/web.molina.cl\/index.php?rest_route=\/"}],"wp:attachment":[{"href":"https:\/\/web.molina.cl\/index.php?rest_route=%2Fwp%2Fv2%2Fmedia&parent=9788"}],"wp:term":[{"taxonomy":"category","embeddable":true,"href":"https:\/\/web.molina.cl\/index.php?rest_route=%2Fwp%2Fv2%2Fcategories&post=9788"},{"taxonomy":"post_tag","embeddable":true,"href":"https:\/\/web.molina.cl\/index.php?rest_route=%2Fwp%2Fv2%2Ftags&post=9788"}],"curies":[{"name":"wp","href":"https:\/\/api.w.org\/{rel}","templated":true}]}}