{"id":9403,"date":"2016-04-13T16:50:52","date_gmt":"2016-04-13T19:50:52","guid":{"rendered":"http:\/\/web.molina.cl\/?p=9403"},"modified":"2020-11-24T11:58:14","modified_gmt":"2020-11-24T15:58:14","slug":"nueva-doctora-se-integra-al-plan-de-salud-comunal-de-molina","status":"publish","type":"post","link":"https:\/\/web.molina.cl\/?p=9403","title":{"rendered":"Nueva Doctora se integra al plan de salud comunal de Molina"},"content":{"rendered":"<p style=\"text-align: justify;\">El Cesfam de Lontu\u00e9 tiene a partir de esta semana, un nuevo m\u00e9dico, su nombre es Arlet Lagos, de 25 a\u00f1os de edad, termin\u00f3 la carrera de medicina general en la UTAL en Talca y hoy est\u00e1 optando por una especialidad; para eso debe estar 3 a 6 a\u00f1os en el servicio p\u00fablico.<!--more--><\/p>\n<p style=\"text-align: justify;\">La doctora Arlet Lagos cumple una jornada de 44 horas y se centra en la atenci\u00f3n de cr\u00f3nicos y morbilidad. \u201cMe he sentido bien, me han acogido bien, los pacientes han sido s\u00faper amables. Es un gran desaf\u00edo considerando que el Cesfam de Lontu\u00e9 es el mejor de la regi\u00f3n en el ranking de atenci\u00f3n de p\u00fablico, la idea es que siga creciendo y dando una buena atenci\u00f3n a las personas\u201d, se\u00f1ala la doctora Lagos.<\/p>\n<p style=\"text-align: justify;\">En t\u00e9rminos de salud, la necesidad de la poblaci\u00f3n es evidente. Marisol Garc\u00eda, vecina y beneficiada se\u00f1ala lo siguiente: \u201cFeliz porque nos hace falta y todos estos son avances para la comunidad, porque cada d\u00eda hay m\u00e1s enfermos, mas adultos mayores y esto es maravilloso para todos nosotros\u201d<\/p>\n<p style=\"text-align: justify;\">Para tener un general de zona en el servicio p\u00fablico, debe haber una gesti\u00f3n importante del departamento de Salud y de la administraci\u00f3n municipal. La alcaldesa de la comuna, Priscilla Castillo se\u00f1ala que se viene el invierno y que la integraci\u00f3n de un nuevo m\u00e9dico es fundamental: \u201cLo agradece la comunidad, porque tenemos bastantes requerimientos, sobre todo en \u00e9poca a de invierno, este m\u00e9dico no es solamente para las enfermedades que ya est\u00e1n declaradas, sino que tambi\u00e9n las emergencias que muchas llegan al servicio\u201d.<\/p>\n<p style=\"text-align: justify;\">A la par de estos avances, la municipalidad trabaja en el futuro Cesfam de Molina, que estar\u00e1 ubicado en calle El Pinar con Libertad y que pretende abarcar a una poblaci\u00f3n que crece cada d\u00eda.<\/p>\n<div class=\"fb-video\" data-href=\"https:\/\/www.facebook.com\/municipalidadmolina\/videos\/574291176084635\/\" data-width=\"700\"><\/div>\n<p>&nbsp;<br \/>\n<\/p>\n","protected":false},"excerpt":{"rendered":"<p>El Cesfam de Lontu\u00e9 tiene a partir de esta semana, un nuevo m\u00e9dico, su nombre es Arlet Lagos, de 25 a\u00f1os de edad, termin\u00f3 la carrera de medicina general en la UTAL en Talca y hoy est\u00e1 optando por una especialidad; para eso debe estar 3 a 6 a\u00f1os en el servicio p\u00fablico.<\/p>\n","protected":false},"author":1,"featured_media":9407,"comment_status":"open","ping_status":"open","sticky":false,"template":"","format":"standard","meta":{"footnotes":""},"categories":[3,4,7,25],"tags":[1428,20,1429,1430,1431],"_links":{"self":[{"href":"https:\/\/web.molina.cl\/index.php?rest_route=\/wp\/v2\/posts\/9403"}],"collection":[{"href":"https:\/\/web.molina.cl\/index.php?rest_route=\/wp\/v2\/posts"}],"about":[{"href":"https:\/\/web.molina.cl\/index.php?rest_route=\/wp\/v2\/types\/post"}],"author":[{"embeddable":true,"href":"https:\/\/web.molina.cl\/index.php?rest_route=\/wp\/v2\/users\/1"}],"replies":[{"embeddable":true,"href":"https:\/\/web.molina.cl\/index.php?rest_route=%2Fwp%2Fv2%2Fcomments&post=9403"}],"version-history":[{"count":1,"href":"https:\/\/web.molina.cl\/index.php?rest_route=\/wp\/v2\/posts\/9403\/revisions"}],"predecessor-version":[{"id":42617,"href":"https:\/\/web.molina.cl\/index.php?rest_route=\/wp\/v2\/posts\/9403\/revisions\/42617"}],"wp:featuredmedia":[{"embeddable":true,"href":"https:\/\/web.molina.cl\/index.php?rest_route=\/"}],"wp:attachment":[{"href":"https:\/\/web.molina.cl\/index.php?rest_route=%2Fwp%2Fv2%2Fmedia&parent=9403"}],"wp:term":[{"taxonomy":"category","embeddable":true,"href":"https:\/\/web.molina.cl\/index.php?rest_route=%2Fwp%2Fv2%2Fcategories&post=9403"},{"taxonomy":"post_tag","embeddable":true,"href":"https:\/\/web.molina.cl\/index.php?rest_route=%2Fwp%2Fv2%2Ftags&post=9403"}],"curies":[{"name":"wp","href":"https:\/\/api.w.org\/{rel}","templated":true}]}}