{"id":9369,"date":"2016-04-12T22:14:06","date_gmt":"2016-04-13T01:14:06","guid":{"rendered":"http:\/\/web.molina.cl\/?p=9369"},"modified":"2020-11-24T11:58:17","modified_gmt":"2020-11-24T15:58:17","slug":"38-alumnos-de-la-comuna-de-molina-recibieron-certificacion-sence","status":"publish","type":"post","link":"https:\/\/web.molina.cl\/?p=9369","title":{"rendered":"38 Alumnos de la comuna de Molina recibieron certificaci\u00f3n SENCE"},"content":{"rendered":"<p style=\"text-align: justify;\">El viernes reci\u00e9n pasado se realiz\u00f3 en el Teatro Municipal, Ceremonia de Certificaci\u00f3n Sence, a trav\u00e9s del programa de Formaci\u00f3n Laboral +Capaz.&nbsp;<!--more--><\/p>\n<p style=\"text-align: justify;\">En la oportunidad estuvieron presentes, Cristina Bravo, gobernadora de la provincia de Curic\u00f3, Waldo Alfaro, director regional Sence, Priscilla Castillo, alcaldesa de Molina, Gabriel Silva, director Daem Molina, Gaby Fuentes, concejal y Felipe M\u00e9ndez, concejal de la comuna.<\/p>\n<p style=\"text-align: justify;\">476 j\u00f3venes y mujeres de la comuna de Molina se han matriculado en diferentes cursos y en esta oportunidad 38 alumnos recibieron su diploma. \u00bfCu\u00e1les son los objetivos de estos cursos? Waldo Alfaro, director regional Sence explica: \u201c&nbsp; Lo que nos interesa es capacitar no necesariamente en lo que nos gusta, sino que en lo que cumple el objetivo de tener impleabilidad, es decir, buscamos la necesidad que hay dentro del territorio, lo que las empresas necesitan y damos la capacitaci\u00f3n en ese enfoque\u201d.<\/p>\n<p style=\"text-align: justify;\">Los cursos fueron: Operaci\u00f3n de Gr\u00faas Horquillas, de Tractores y Manejo de Vi\u00f1edos. Los objetivos de estas capacitaciones es entregarles herramientas a las personas, para que puedan insertarse al mundo laboral. \u201cMe gusto mucho el curso, los profesores muy buenos. Saque una de las mejores calificaciones en la capacitaci\u00f3n de gr\u00faa horquillas, me siento contenta\u201d,&nbsp; se\u00f1al\u00f3 Dixiana Gonz\u00e1lez, una de las beneficiadas.<\/p>\n<p style=\"text-align: justify;\">El programa +Capaz contempla varios beneficios, entre ellos: nivelaci\u00f3n de estudios, apoyo social laboral y personalizado, intermediaci\u00f3n laboral, certificaci\u00f3n de competencias laborales, seguro de accidentes y cuidado infantil. Para mayor informaci\u00f3n pueden ingresar a la p\u00e1gina sence.cl o bien en el facebook sence.gob.cl.<\/p>\n<div class=\"fb-video\" data-href=\"https:\/\/www.facebook.com\/municipalidadmolina\/videos\/573262946187458\/\" data-width=\"700\"><\/div>\n<p>&nbsp;<br \/>\n<\/p>\n","protected":false},"excerpt":{"rendered":"<p>El viernes reci\u00e9n pasado se realiz\u00f3 en el Teatro Municipal, Ceremonia de Certificaci\u00f3n Sence, a trav\u00e9s del programa de Formaci\u00f3n Laboral +Capaz.&nbsp;<\/p>\n","protected":false},"author":1,"featured_media":9374,"comment_status":"open","ping_status":"open","sticky":false,"template":"","format":"standard","meta":{"footnotes":""},"categories":[42,68,3,4,40],"tags":[1404,1405,663,1406,1407,1408,1409,575,1410,513,1411,1412,1413,50,1414,957],"_links":{"self":[{"href":"https:\/\/web.molina.cl\/index.php?rest_route=\/wp\/v2\/posts\/9369"}],"collection":[{"href":"https:\/\/web.molina.cl\/index.php?rest_route=\/wp\/v2\/posts"}],"about":[{"href":"https:\/\/web.molina.cl\/index.php?rest_route=\/wp\/v2\/types\/post"}],"author":[{"embeddable":true,"href":"https:\/\/web.molina.cl\/index.php?rest_route=\/wp\/v2\/users\/1"}],"replies":[{"embeddable":true,"href":"https:\/\/web.molina.cl\/index.php?rest_route=%2Fwp%2Fv2%2Fcomments&post=9369"}],"version-history":[{"count":1,"href":"https:\/\/web.molina.cl\/index.php?rest_route=\/wp\/v2\/posts\/9369\/revisions"}],"predecessor-version":[{"id":42620,"href":"https:\/\/web.molina.cl\/index.php?rest_route=\/wp\/v2\/posts\/9369\/revisions\/42620"}],"wp:featuredmedia":[{"embeddable":true,"href":"https:\/\/web.molina.cl\/index.php?rest_route=\/"}],"wp:attachment":[{"href":"https:\/\/web.molina.cl\/index.php?rest_route=%2Fwp%2Fv2%2Fmedia&parent=9369"}],"wp:term":[{"taxonomy":"category","embeddable":true,"href":"https:\/\/web.molina.cl\/index.php?rest_route=%2Fwp%2Fv2%2Fcategories&post=9369"},{"taxonomy":"post_tag","embeddable":true,"href":"https:\/\/web.molina.cl\/index.php?rest_route=%2Fwp%2Fv2%2Ftags&post=9369"}],"curies":[{"name":"wp","href":"https:\/\/api.w.org\/{rel}","templated":true}]}}