{"id":936,"date":"2015-04-28T12:31:47","date_gmt":"2015-04-28T15:31:47","guid":{"rendered":"http:\/\/web.molina.cl\/?p=936"},"modified":"2020-11-24T19:40:36","modified_gmt":"2020-11-24T23:40:36","slug":"con-mini-parada-militar-molina-celebra-nuevo-aniversario-de-carabineros-de-chile","status":"publish","type":"post","link":"https:\/\/web.molina.cl\/?p=936","title":{"rendered":"Con \u00abMini parada militar\u00bb Molina celebra nuevo aniversario de Carabineros de Chile"},"content":{"rendered":"<p style=\"text-align: justify;\">Con una emotiva ceremonia, la Ilustre Municipalidad de Molina y su Departamento de Educaci\u00f3n conmemoraron el octog\u00e9simo octavo aniversario de Carabineros de Chile, instituci\u00f3n fundada en 27 de abril&nbsp; de 1927.<!--more--><\/p>\n<p style=\"text-align: justify;\"><img loading=\"lazy\" decoding=\"async\" class=\"alignnone size-large wp-image-954\" src=\"https:\/\/web.molina.cl\/wp-content\/uploads\/2015\/04\/DSC_02051-1024x678.jpg\" alt=\"DSC_0205\" width=\"700\" height=\"463\"><\/p>\n<p style=\"text-align: justify;\">La celebraci\u00f3n se llev\u00f3 a cabo en la escuela Reino de Dinamarca y cont\u00f3 con la asistencia de la alcaldesa de la comuna, <strong>Priscilla Castillo<\/strong>, el Mayor de carabineros,&nbsp; <strong>Cristi\u00e1n Guti\u00e9rrez<\/strong>, oficiales de la instituci\u00f3n, miembros del concejo municipal y autoridades educacionales de la comuna, adem\u00e1s de un centenar de padres, apoderados y estudiantes de diversos colegios de Molina.<\/p>\n<p style=\"text-align: justify;\">La ceremonia incluy\u00f3 una poes\u00eda en honor a los carabineros, pies de cueca de parte de los estudiantes de la escuela Reino de Dinamarca y una especial \u201cmini parada militar\u201d protagonizada&nbsp; por una treintena de p\u00e1rvulos quienes, vestidos como peque\u00f1os carabineros y carabineras, marcharon por la cancha del colegio al son del himno de la instituci\u00f3n, recibiendo aplausos de los asistentes y la admiraci\u00f3n de los uniformados presentes en la ceremonia.<\/p>\n<p style=\"text-align: justify;\">\u201cFue un espect\u00e1culo muy emocionante sobre todo&nbsp; en este segmento que es muy importante para nosotros, como es el alumnado, los que d\u00eda a d\u00eda protegimos para que ingresen a clases con toda seguridad. Estamos muy agradecidos&nbsp; por este homenaje y quisiera saludar a todos los carabineros de la comuna y a las autoridades que organizaron esta ceremonia y entregaron su homenaje, que es un aliciente para trabajar mejor y cumplir con la ayuda diaria a la comunidad\u201d dijo el mayor de carabineros y jefe&nbsp; de la cuarta comisar\u00eda de Molina, Cristi\u00e1n Guti\u00e9rrez.<\/p>\n<p style=\"text-align: justify;\"><strong>Trabajo y sacrificio <\/strong><\/p>\n<p style=\"text-align: justify;\">\u201cEstamos en este homenaje para agradecer por todo el trabajo que ellos hacen&nbsp; y el sacrificio que ponen en cada una de las labores que realizan. El trabajo del carabinero es una labor dif\u00edcil, a veces ingrata, pero tambi\u00e9n tiene muchas recompensas. Estamos contentas de tener carabineros en nuestra comuna y aprovechamos esta celebraci\u00f3n para entregarles ocho basureros que ellos nos solicitaron para cada uno de los recintos policiales de la comuna\u201d dijo la alcaldesa de Molina, Priscilla Castillo Gerli.<\/p>\n<p style=\"text-align: justify;\">Carabineros de Chile fue fundado el 27 de abril de 1927 por el entonces Vicepresidente de la Rep\u00fablica, Coronel de Ej\u00e9rcito Don Carlos Ib\u00e1\u00f1ez del Campo, en virtud del D.F.L. N\u00ba 2.484, que fusion\u00f3 la Polic\u00eda Fiscal con el Cuerpo de Carabineros, instituciones policiales existentes a la fecha y cuya historia, naturaleza y car\u00e1cter explican los s\u00f3lidos fundamentos de Carabineros de Chile.<\/p>\n<p><iframe loading=\"lazy\" src=\"https:\/\/www.youtube.com\/embed\/ru6AhEnoYJs\" width=\"100%\" height=\"150\" frameborder=\"0\" allowfullscreen=\"allowfullscreen\"><\/iframe><\/p>\n\n","protected":false},"excerpt":{"rendered":"<p>Con una emotiva ceremonia, la Ilustre Municipalidad de Molina y su Departamento de Educaci\u00f3n conmemoraron el octog\u00e9simo octavo aniversario de Carabineros de Chile, instituci\u00f3n fundada en 27 de abril&nbsp; de 1927.<\/p>\n","protected":false},"author":1,"featured_media":937,"comment_status":"closed","ping_status":"open","sticky":false,"template":"","format":"video","meta":{"footnotes":""},"categories":[3,4,5,25],"tags":[],"_links":{"self":[{"href":"https:\/\/web.molina.cl\/index.php?rest_route=\/wp\/v2\/posts\/936"}],"collection":[{"href":"https:\/\/web.molina.cl\/index.php?rest_route=\/wp\/v2\/posts"}],"about":[{"href":"https:\/\/web.molina.cl\/index.php?rest_route=\/wp\/v2\/types\/post"}],"author":[{"embeddable":true,"href":"https:\/\/web.molina.cl\/index.php?rest_route=\/wp\/v2\/users\/1"}],"replies":[{"embeddable":true,"href":"https:\/\/web.molina.cl\/index.php?rest_route=%2Fwp%2Fv2%2Fcomments&post=936"}],"version-history":[{"count":1,"href":"https:\/\/web.molina.cl\/index.php?rest_route=\/wp\/v2\/posts\/936\/revisions"}],"predecessor-version":[{"id":42822,"href":"https:\/\/web.molina.cl\/index.php?rest_route=\/wp\/v2\/posts\/936\/revisions\/42822"}],"wp:featuredmedia":[{"embeddable":true,"href":"https:\/\/web.molina.cl\/index.php?rest_route=\/"}],"wp:attachment":[{"href":"https:\/\/web.molina.cl\/index.php?rest_route=%2Fwp%2Fv2%2Fmedia&parent=936"}],"wp:term":[{"taxonomy":"category","embeddable":true,"href":"https:\/\/web.molina.cl\/index.php?rest_route=%2Fwp%2Fv2%2Fcategories&post=936"},{"taxonomy":"post_tag","embeddable":true,"href":"https:\/\/web.molina.cl\/index.php?rest_route=%2Fwp%2Fv2%2Ftags&post=936"}],"curies":[{"name":"wp","href":"https:\/\/api.w.org\/{rel}","templated":true}]}}