{"id":878,"date":"2014-01-23T13:51:19","date_gmt":"2014-01-23T16:51:19","guid":{"rendered":"http:\/\/web.molina.cl\/?p=878"},"modified":"2020-11-25T08:51:22","modified_gmt":"2020-11-25T12:51:22","slug":"campana-de-verano-senda-2014-decide-tu-verano-sin-drogas-sin-alcohol-presente-en-campeonato-nacional-de-futbol-de-molina","status":"publish","type":"post","link":"https:\/\/web.molina.cl\/?p=878","title":{"rendered":"Campa\u00f1a de verano SENDA 2014 \u201cDecide tu verano sin drogas, sin alcohol\u201d Presente en campeonato nacional de f\u00fatbol de Molina"},"content":{"rendered":"<p style=\"text-align: justify;\">La Alcaldesa de la comuna de Molina, Priscilla Castillo Gerli, la oficina Senda previene y la oficina de Turismo Municipal,&nbsp; realizaron el lanzamiento de su campa\u00f1a \u201c<b>DECIDE TU VERANO SIN DROGAS, SIN ALCOHOL\u201d.<\/b>&nbsp; Actividad que se realiz\u00f3 el viernes 10 de enero en el sector de Radal y donde la primera autoridad municipal entrego folletos informativos, adem\u00e1s de conversar con los veraneantes y visitantes del sector con el objetivo de promover el buen uso del tiempo libre, alejado del consumo de drogas y alcohol.<!--more--><\/p>\n<blockquote><p><strong>El objetivo de la campa\u00f1a de Senda es entregar informaci\u00f3n en terreno, a trav\u00e9s de material de merchandising, principalmente focalizados en sectores tur\u00edsticos, balnearios y lugares de alta concurrencia de p\u00fablico.<\/strong><\/p><\/blockquote>\n<p style=\"text-align: justify;\">La coordinadora de<b> <\/b>Senda previene<b>,<\/b>&nbsp; Issa Kaleff Gana, se\u00f1al\u00f3 que esta campa\u00f1a tambi\u00e9n contempla la participaci\u00f3n en diversas actividades como el 49\u00ba Campeonato Nacional de F\u00fatbol Amateur que se est\u00e1 desarrollando en la comuna de Molina, donde participan 14 delegaciones de f\u00fatbol de todo el&nbsp; pa\u00eds.<\/p>\n<p style=\"text-align: justify;\">En tal ocasi\u00f3n, Senda previene, se instal\u00f3 con un Stand&nbsp; con la idea de entregar al p\u00fablico asistente informaci\u00f3n y material de difusi\u00f3n, con la finalidad de poder fomentar estilos de vida saludable como el deporte que se est\u00e1 viviendo en la comuna, a trav\u00e9s de este torneo.<\/p>\n<p style=\"text-align: justify;\">Finalmente, es necesario se\u00f1alar que Senda previene tiene contemplado realizar m\u00e1s actividades con este mensaje preventivo, dentro de las cuales se destaca visitar el Centro de Hijos de Madres Temporeras que funciona en la Escuela San Pedro, en donde se pretende realizar actividades l\u00fadicas con los ni\u00f1os con la colaboraci\u00f3n de los j\u00f3venes de Colonias Infantiles Molina.<\/p>\n","protected":false},"excerpt":{"rendered":"<p>La Alcaldesa de la comuna de Molina, Priscilla Castillo Gerli, la oficina Senda previene y la oficina de Turismo Municipal,&nbsp; realizaron el lanzamiento de su campa\u00f1a \u201cDECIDE TU VERANO SIN DROGAS, SIN ALCOHOL\u201d.&nbsp; Actividad que se realiz\u00f3 el viernes 10 de enero en el sector de Radal y donde la primera autoridad municipal entrego folletos [&hellip;]<\/p>\n","protected":false},"author":1,"featured_media":879,"comment_status":"open","ping_status":"open","sticky":false,"template":"","format":"standard","meta":{"footnotes":""},"categories":[35,5,7],"tags":[],"_links":{"self":[{"href":"https:\/\/web.molina.cl\/index.php?rest_route=\/wp\/v2\/posts\/878"}],"collection":[{"href":"https:\/\/web.molina.cl\/index.php?rest_route=\/wp\/v2\/posts"}],"about":[{"href":"https:\/\/web.molina.cl\/index.php?rest_route=\/wp\/v2\/types\/post"}],"author":[{"embeddable":true,"href":"https:\/\/web.molina.cl\/index.php?rest_route=\/wp\/v2\/users\/1"}],"replies":[{"embeddable":true,"href":"https:\/\/web.molina.cl\/index.php?rest_route=%2Fwp%2Fv2%2Fcomments&post=878"}],"version-history":[{"count":1,"href":"https:\/\/web.molina.cl\/index.php?rest_route=\/wp\/v2\/posts\/878\/revisions"}],"predecessor-version":[{"id":42914,"href":"https:\/\/web.molina.cl\/index.php?rest_route=\/wp\/v2\/posts\/878\/revisions\/42914"}],"wp:featuredmedia":[{"embeddable":true,"href":"https:\/\/web.molina.cl\/index.php?rest_route=\/"}],"wp:attachment":[{"href":"https:\/\/web.molina.cl\/index.php?rest_route=%2Fwp%2Fv2%2Fmedia&parent=878"}],"wp:term":[{"taxonomy":"category","embeddable":true,"href":"https:\/\/web.molina.cl\/index.php?rest_route=%2Fwp%2Fv2%2Fcategories&post=878"},{"taxonomy":"post_tag","embeddable":true,"href":"https:\/\/web.molina.cl\/index.php?rest_route=%2Fwp%2Fv2%2Ftags&post=878"}],"curies":[{"name":"wp","href":"https:\/\/api.w.org\/{rel}","templated":true}]}}