{"id":860,"date":"2014-02-21T13:19:46","date_gmt":"2014-02-21T16:19:46","guid":{"rendered":"http:\/\/web.molina.cl\/?p=860"},"modified":"2020-11-25T08:51:13","modified_gmt":"2020-11-25T12:51:13","slug":"dos-asistentes-de-la-educacion-municipal-se-acogieron-a-retiro","status":"publish","type":"post","link":"https:\/\/web.molina.cl\/?p=860","title":{"rendered":"Dos asistentes de la Educaci\u00f3n Municipal se acogieron a retiro"},"content":{"rendered":"<p style=\"text-align: justify;\">Durante la jornada del viernes 21 de febrero,&nbsp; en dependencias del Departamento de Educaci\u00f3n Municipal de Molina, se llev\u00f3 a cabo la ceremonia de retiro de dos funcionarios que por a\u00f1os se desempe\u00f1aron como asistentes de la educaci\u00f3n municipal.<!--more--><\/p>\n<p style=\"text-align: justify;\">Guillermo Z\u00fa\u00f1iga Aguilera se desempe\u00f1\u00f3 por 41 a\u00f1os en estas labores, 37 a\u00f1os en la Escuela Superior de Hombres y 4 a\u00f1os en Escuela El Progreso.&nbsp; Tambi\u00e9n se acogi\u00f3 a retiro el se\u00f1or Narciso D\u00edaz Venegas, quien se desempe\u00f1o durante 44 a\u00f1os en la Escuela Quechereguas&nbsp; de Pichingal.<\/p>\n<p style=\"text-align: justify;\">Ambos ex funcionarios&nbsp; y sus esposas, compartieron un desayuno solemne terminada la ceremonia en compa\u00f1\u00eda de la Alcaldesa de Molina, Priscilla Castillo Gerli, el&nbsp; Administrador Municipal, Santiago Correa y&nbsp; el Jefe DAEM, Sergio Ortega.<\/p>\n<p style=\"text-align: justify;\"><b>AGRADECIMIENTOS<\/b><\/p>\n<p style=\"text-align: justify;\">Por su parte la Alcaldesa, Priscilla Castillo Gerli, entreg\u00f3 los agradecimientos a nombre de toda la comunidad escolar de Molina por los a\u00f1os de compromiso y profesionalismo de estos hombres, que entregaron su vida al servicio p\u00fablico y que contribuyeron a la formaci\u00f3n de muchos Molinenses en el desarrollo de sus funciones como asistentes de la educaci\u00f3n.<\/p>\n","protected":false},"excerpt":{"rendered":"<p>Durante la jornada del viernes 21 de febrero,&nbsp; en dependencias del Departamento de Educaci\u00f3n Municipal de Molina, se llev\u00f3 a cabo la ceremonia de retiro de dos funcionarios que por a\u00f1os se desempe\u00f1aron como asistentes de la educaci\u00f3n municipal.<\/p>\n","protected":false},"author":1,"featured_media":861,"comment_status":"open","ping_status":"open","sticky":false,"template":"","format":"standard","meta":{"footnotes":""},"categories":[5],"tags":[],"_links":{"self":[{"href":"https:\/\/web.molina.cl\/index.php?rest_route=\/wp\/v2\/posts\/860"}],"collection":[{"href":"https:\/\/web.molina.cl\/index.php?rest_route=\/wp\/v2\/posts"}],"about":[{"href":"https:\/\/web.molina.cl\/index.php?rest_route=\/wp\/v2\/types\/post"}],"author":[{"embeddable":true,"href":"https:\/\/web.molina.cl\/index.php?rest_route=\/wp\/v2\/users\/1"}],"replies":[{"embeddable":true,"href":"https:\/\/web.molina.cl\/index.php?rest_route=%2Fwp%2Fv2%2Fcomments&post=860"}],"version-history":[{"count":1,"href":"https:\/\/web.molina.cl\/index.php?rest_route=\/wp\/v2\/posts\/860\/revisions"}],"predecessor-version":[{"id":42909,"href":"https:\/\/web.molina.cl\/index.php?rest_route=\/wp\/v2\/posts\/860\/revisions\/42909"}],"wp:featuredmedia":[{"embeddable":true,"href":"https:\/\/web.molina.cl\/index.php?rest_route=\/"}],"wp:attachment":[{"href":"https:\/\/web.molina.cl\/index.php?rest_route=%2Fwp%2Fv2%2Fmedia&parent=860"}],"wp:term":[{"taxonomy":"category","embeddable":true,"href":"https:\/\/web.molina.cl\/index.php?rest_route=%2Fwp%2Fv2%2Fcategories&post=860"},{"taxonomy":"post_tag","embeddable":true,"href":"https:\/\/web.molina.cl\/index.php?rest_route=%2Fwp%2Fv2%2Ftags&post=860"}],"curies":[{"name":"wp","href":"https:\/\/api.w.org\/{rel}","templated":true}]}}