{"id":842,"date":"2013-06-27T12:37:35","date_gmt":"2013-06-27T15:37:35","guid":{"rendered":"http:\/\/web.molina.cl\/?p=842"},"modified":"2020-11-25T08:51:27","modified_gmt":"2020-11-25T12:51:27","slug":"comision-de-salud-estudia-ordenanza-municipal-sobre-tenencia-responsable-de-mascotas-caninas","status":"publish","type":"post","link":"https:\/\/web.molina.cl\/?p=842","title":{"rendered":"Comisi\u00f3n de salud estudia ordenanza Municipal sobre tenencia responsable de mascotas caninas"},"content":{"rendered":"<p style=\"text-align: justify;\">La Comisi\u00f3n Salud integrada por Concejales de la Comuna y funcionarios de la Direcci\u00f3n de Salud, se reuni\u00f3 en forma reciente, en dependencias de la Escuela Reino de Dinamarca, con la finalidad de estudiar y analizar la Ordenanza Municipal sobre tenencia responsable de Mascota Canina.<\/p>\n<p style=\"text-align: justify;\"><strong>Integrantes:<\/strong><\/p>\n<p style=\"text-align: justify;\">Manuel Calqu\u00edn Fuentes<\/p>\n<p style=\"text-align: justify;\">Patricio Vergara Moraga<\/p>\n<p style=\"text-align: justify;\">Gaby Fuentes Y\u00e1nez<\/p>\n<p style=\"text-align: justify;\">Felipe M\u00e9ndez Guzm\u00e1n<\/p>\n<p style=\"text-align: justify;\">Hugo Guajardo Roa<\/p>\n<p style=\"text-align: justify;\">Departamento de Salud: Soraya Herrera y Gregorio Huaiquil, encargado programa del ambiente.<\/p>\n","protected":false},"excerpt":{"rendered":"<p>La Comisi\u00f3n Salud integrada por Concejales de la Comuna y funcionarios de la Direcci\u00f3n de Salud, se reuni\u00f3 en forma reciente, en dependencias de la Escuela Reino de Dinamarca, con la finalidad de estudiar y analizar la Ordenanza Municipal sobre tenencia responsable de Mascota Canina. Integrantes: Manuel Calqu\u00edn Fuentes Patricio Vergara Moraga Gaby Fuentes Y\u00e1nez [&hellip;]<\/p>\n","protected":false},"author":1,"featured_media":843,"comment_status":"open","ping_status":"open","sticky":false,"template":"","format":"standard","meta":{"footnotes":""},"categories":[45,7],"tags":[],"_links":{"self":[{"href":"https:\/\/web.molina.cl\/index.php?rest_route=\/wp\/v2\/posts\/842"}],"collection":[{"href":"https:\/\/web.molina.cl\/index.php?rest_route=\/wp\/v2\/posts"}],"about":[{"href":"https:\/\/web.molina.cl\/index.php?rest_route=\/wp\/v2\/types\/post"}],"author":[{"embeddable":true,"href":"https:\/\/web.molina.cl\/index.php?rest_route=\/wp\/v2\/users\/1"}],"replies":[{"embeddable":true,"href":"https:\/\/web.molina.cl\/index.php?rest_route=%2Fwp%2Fv2%2Fcomments&post=842"}],"version-history":[{"count":1,"href":"https:\/\/web.molina.cl\/index.php?rest_route=\/wp\/v2\/posts\/842\/revisions"}],"predecessor-version":[{"id":42918,"href":"https:\/\/web.molina.cl\/index.php?rest_route=\/wp\/v2\/posts\/842\/revisions\/42918"}],"wp:featuredmedia":[{"embeddable":true,"href":"https:\/\/web.molina.cl\/index.php?rest_route=\/"}],"wp:attachment":[{"href":"https:\/\/web.molina.cl\/index.php?rest_route=%2Fwp%2Fv2%2Fmedia&parent=842"}],"wp:term":[{"taxonomy":"category","embeddable":true,"href":"https:\/\/web.molina.cl\/index.php?rest_route=%2Fwp%2Fv2%2Fcategories&post=842"},{"taxonomy":"post_tag","embeddable":true,"href":"https:\/\/web.molina.cl\/index.php?rest_route=%2Fwp%2Fv2%2Ftags&post=842"}],"curies":[{"name":"wp","href":"https:\/\/api.w.org\/{rel}","templated":true}]}}