{"id":81183,"date":"2026-04-27T12:12:26","date_gmt":"2026-04-27T16:12:26","guid":{"rendered":"https:\/\/web.molina.cl\/?p=81183"},"modified":"2026-04-27T12:12:27","modified_gmt":"2026-04-27T16:12:27","slug":"gestion-que-da-resultados-inauguran-dos-sedes-sociales-en-molina","status":"publish","type":"post","link":"https:\/\/web.molina.cl\/?p=81183","title":{"rendered":"Gesti\u00f3n que da resultados: inauguran dos sedes sociales en Molina"},"content":{"rendered":"\n<h2 class=\"wp-block-heading\">Casi 20 a\u00f1os tuvo que esperar una de las villas para contar con un recinto propio.<\/h2>\n\n\n\n<p>Cosechando lo que ha sido un intenso primer a\u00f1o de gesti\u00f3n, el municipio de Molina entreg\u00f3 dos nuevas sedes sociales a dos emblem\u00e1ticos sectores de la comuna.<\/p>\n\n\n\n<p>Ante la presencia de vecinos que ve\u00edan una importante meta cumplida, se inauguraron las sedes para El Trigal y la Junta de Vecinos Rafael Sotomayor.<\/p>\n\n\n\n<p>Esta \u00faltima corresponde a un caso especial, ya que la espera para contar con un espacio renovado se extendi\u00f3 por casi 20 a\u00f1os, tal como relata su presidenta, Silvia Kern.<\/p>\n\n\n\n<p>\u201cEs una alegr\u00eda de haber conseguido esto, porque llevo 18 como presidenta y siempre ped\u00ed que se hiciera, porque estaba en muy malas condiciones la sede. Nunca pens\u00e9 que iba a quedar tan bonita, as\u00ed que espero que los vecinos la cuiden. Lo logr\u00e9 gracias al Serviu, al municipio y al alcalde Felipe M\u00e9ndez que apur\u00f3 todo para que fuera m\u00e1s r\u00e1pido\u201d, dijo la dirigente.<\/p>\n\n\n\n<p>Por su parte, la presidenta de la Junta de Vecinos de El Trigal, Fabiola Oyarz\u00fan, se\u00f1al\u00f3 que \u201cestoy s\u00faper emocionada, porque nuestra sede qued\u00f3 de lujo, as\u00ed que la vamos a cuidar y utilizar en lo m\u00e1s que se pueda, con talleres y actividades que permitan unirnos m\u00e1s como comunidad\u201d.<\/p>\n\n\n\n<p><strong>IMPORTANTE INVERSI\u00d3N<\/strong><\/p>\n\n\n\n<p>Las obras se materializaron gracias a recursos del Servicio de Vivienda y Urbanismo (Serviu) que alcanzaron las 2.970 UF en cada sede, con un aporte municipal de otras 330 UF para cada recinto; lo que implica una inversi\u00f3n total de m\u00e1s de 130 millones de pesos por cada una.<\/p>\n\n\n\n<p>Compartiendo la alegr\u00eda con la comunidad, el alcalde Felipe M\u00e9ndez afirm\u00f3 que \u201cestamos felices por entregar estas sedes, especialmente por la se\u00f1ora Silvia que luch\u00f3 por tantos a\u00f1os para tenerla. Todo esto servir\u00e1 para los Clubes de Adulto Mayor, Juntas de Vecinos y Centros de Acci\u00f3n de la Mujer, entre otros. Es parte de lo que estamos desarrollando con nuestra Egis Municipal y esperamos seguir contando con el financiamiento de Serviu para concretar los sue\u00f1os de nuestra gente\u201d.<\/p>\n\n\n\n<p>En esa l\u00ednea, el concejal Jos\u00e9 Luis Lizana indic\u00f3 que \u201cla recuperaci\u00f3n de espacios p\u00fablicos debe ser prioridad para darle m\u00e1s vida a nuestros barrios, por lo que es importante que cuenten con su equipamiento. Felicito al equipo municipal, porque somos una de las pocas comunas con una Egis Municipal que se dedica a buscar recursos para los centros comunitarios para brindar m\u00e1s y mejores espacios a nuestros vecinos\u201d.<\/p>\n\n\n\n<p>En tanto, el Seremi de Vivienda, Patricio Ponce, explic\u00f3 que \u201cel Ministerio no solo hace viviendas, sino que tambi\u00e9n hace comunidad y entrega equipamiento. Estas sedes tienen aislamiento t\u00e9rmico, son confortables, luminosas y espaciosas; brindando un espacio para el desarrollo de los vecinos y de sus hijos\u201d.<\/p>\n\n\n\n<p>Entre las caracter\u00edsticas de los recintos remozados por la Constructora Anun SPA, destaca el mejoramiento de cubierta, cambio de puertas y ventanas, eficiencia energ\u00e9tica, accesibilidad universal, red h\u00fameda, bicicleteros, ba\u00f1os para personas con discapacidad, mobiliario urbano, basureros antivand\u00e1licos, postes con iluminaci\u00f3n LED solar y cierre perimetral.<\/p>\n\n\n\n<figure class=\"wp-block-gallery has-nested-images columns-default is-cropped wp-block-gallery-1 is-layout-flex wp-block-gallery-is-layout-flex\">\n<figure class=\"wp-block-image size-large\"><img loading=\"lazy\" decoding=\"async\" width=\"1024\" height=\"683\" data-id=\"81187\" src=\"https:\/\/web.molina.cl\/wp-content\/uploads\/2026\/04\/Foto-1-1024x683.jpeg\" alt=\"\" class=\"wp-image-81187\" srcset=\"https:\/\/web.molina.cl\/wp-content\/uploads\/2026\/04\/Foto-1-1024x683.jpeg 1024w, https:\/\/web.molina.cl\/wp-content\/uploads\/2026\/04\/Foto-1-300x200.jpeg 300w, https:\/\/web.molina.cl\/wp-content\/uploads\/2026\/04\/Foto-1-768x512.jpeg 768w, https:\/\/web.molina.cl\/wp-content\/uploads\/2026\/04\/Foto-1-630x420.jpeg 630w, https:\/\/web.molina.cl\/wp-content\/uploads\/2026\/04\/Foto-1-696x464.jpeg 696w, https:\/\/web.molina.cl\/wp-content\/uploads\/2026\/04\/Foto-1-1068x713.jpeg 1068w, https:\/\/web.molina.cl\/wp-content\/uploads\/2026\/04\/Foto-1.jpeg 1280w\" sizes=\"(max-width: 1024px) 100vw, 1024px\" \/><\/figure>\n\n\n\n<figure class=\"wp-block-image size-large\"><img loading=\"lazy\" decoding=\"async\" width=\"1024\" height=\"683\" data-id=\"81186\" src=\"https:\/\/web.molina.cl\/wp-content\/uploads\/2026\/04\/Foto-2-1024x683.jpeg\" alt=\"\" class=\"wp-image-81186\" srcset=\"https:\/\/web.molina.cl\/wp-content\/uploads\/2026\/04\/Foto-2-1024x683.jpeg 1024w, https:\/\/web.molina.cl\/wp-content\/uploads\/2026\/04\/Foto-2-300x200.jpeg 300w, https:\/\/web.molina.cl\/wp-content\/uploads\/2026\/04\/Foto-2-768x512.jpeg 768w, https:\/\/web.molina.cl\/wp-content\/uploads\/2026\/04\/Foto-2-630x420.jpeg 630w, https:\/\/web.molina.cl\/wp-content\/uploads\/2026\/04\/Foto-2-696x464.jpeg 696w, https:\/\/web.molina.cl\/wp-content\/uploads\/2026\/04\/Foto-2-1068x713.jpeg 1068w, https:\/\/web.molina.cl\/wp-content\/uploads\/2026\/04\/Foto-2.jpeg 1280w\" sizes=\"(max-width: 1024px) 100vw, 1024px\" \/><\/figure>\n\n\n\n<figure class=\"wp-block-image size-large\"><img loading=\"lazy\" decoding=\"async\" width=\"1024\" height=\"683\" data-id=\"81185\" src=\"https:\/\/web.molina.cl\/wp-content\/uploads\/2026\/04\/Foto-3-1024x683.jpeg\" alt=\"\" class=\"wp-image-81185\" srcset=\"https:\/\/web.molina.cl\/wp-content\/uploads\/2026\/04\/Foto-3-1024x683.jpeg 1024w, https:\/\/web.molina.cl\/wp-content\/uploads\/2026\/04\/Foto-3-300x200.jpeg 300w, https:\/\/web.molina.cl\/wp-content\/uploads\/2026\/04\/Foto-3-768x512.jpeg 768w, https:\/\/web.molina.cl\/wp-content\/uploads\/2026\/04\/Foto-3-630x420.jpeg 630w, https:\/\/web.molina.cl\/wp-content\/uploads\/2026\/04\/Foto-3-696x464.jpeg 696w, https:\/\/web.molina.cl\/wp-content\/uploads\/2026\/04\/Foto-3-1068x713.jpeg 1068w, https:\/\/web.molina.cl\/wp-content\/uploads\/2026\/04\/Foto-3.jpeg 1280w\" sizes=\"(max-width: 1024px) 100vw, 1024px\" \/><\/figure>\n\n\n\n<figure class=\"wp-block-image size-large\"><img loading=\"lazy\" decoding=\"async\" width=\"1024\" height=\"683\" data-id=\"81184\" src=\"https:\/\/web.molina.cl\/wp-content\/uploads\/2026\/04\/Foto-4-1024x683.jpeg\" alt=\"\" class=\"wp-image-81184\" srcset=\"https:\/\/web.molina.cl\/wp-content\/uploads\/2026\/04\/Foto-4-1024x683.jpeg 1024w, https:\/\/web.molina.cl\/wp-content\/uploads\/2026\/04\/Foto-4-300x200.jpeg 300w, https:\/\/web.molina.cl\/wp-content\/uploads\/2026\/04\/Foto-4-768x512.jpeg 768w, https:\/\/web.molina.cl\/wp-content\/uploads\/2026\/04\/Foto-4-630x420.jpeg 630w, https:\/\/web.molina.cl\/wp-content\/uploads\/2026\/04\/Foto-4-696x464.jpeg 696w, https:\/\/web.molina.cl\/wp-content\/uploads\/2026\/04\/Foto-4-1068x713.jpeg 1068w, https:\/\/web.molina.cl\/wp-content\/uploads\/2026\/04\/Foto-4.jpeg 1280w\" sizes=\"(max-width: 1024px) 100vw, 1024px\" \/><\/figure>\n<\/figure>\n","protected":false},"excerpt":{"rendered":"<p>Casi 20 a\u00f1os tuvo que esperar una de las villas para contar con un recinto propio. Cosechando lo que ha sido un intenso primer a\u00f1o de gesti\u00f3n, el municipio de Molina entreg\u00f3 dos nuevas sedes sociales a dos emblem\u00e1ticos sectores de la comuna. Ante la presencia de vecinos que ve\u00edan una importante meta cumplida, se [&hellip;]<\/p>\n","protected":false},"author":2,"featured_media":81187,"comment_status":"closed","ping_status":"open","sticky":false,"template":"","format":"standard","meta":{"footnotes":""},"categories":[3,6],"tags":[],"_links":{"self":[{"href":"https:\/\/web.molina.cl\/index.php?rest_route=\/wp\/v2\/posts\/81183"}],"collection":[{"href":"https:\/\/web.molina.cl\/index.php?rest_route=\/wp\/v2\/posts"}],"about":[{"href":"https:\/\/web.molina.cl\/index.php?rest_route=\/wp\/v2\/types\/post"}],"author":[{"embeddable":true,"href":"https:\/\/web.molina.cl\/index.php?rest_route=\/wp\/v2\/users\/2"}],"replies":[{"embeddable":true,"href":"https:\/\/web.molina.cl\/index.php?rest_route=%2Fwp%2Fv2%2Fcomments&post=81183"}],"version-history":[{"count":1,"href":"https:\/\/web.molina.cl\/index.php?rest_route=\/wp\/v2\/posts\/81183\/revisions"}],"predecessor-version":[{"id":81188,"href":"https:\/\/web.molina.cl\/index.php?rest_route=\/wp\/v2\/posts\/81183\/revisions\/81188"}],"wp:featuredmedia":[{"embeddable":true,"href":"https:\/\/web.molina.cl\/index.php?rest_route=\/wp\/v2\/media\/81187"}],"wp:attachment":[{"href":"https:\/\/web.molina.cl\/index.php?rest_route=%2Fwp%2Fv2%2Fmedia&parent=81183"}],"wp:term":[{"taxonomy":"category","embeddable":true,"href":"https:\/\/web.molina.cl\/index.php?rest_route=%2Fwp%2Fv2%2Fcategories&post=81183"},{"taxonomy":"post_tag","embeddable":true,"href":"https:\/\/web.molina.cl\/index.php?rest_route=%2Fwp%2Fv2%2Ftags&post=81183"}],"curies":[{"name":"wp","href":"https:\/\/api.w.org\/{rel}","templated":true}]}}