{"id":80465,"date":"2026-03-23T14:49:20","date_gmt":"2026-03-23T18:49:20","guid":{"rendered":"https:\/\/web.molina.cl\/?p=80465"},"modified":"2026-03-23T14:49:21","modified_gmt":"2026-03-23T18:49:21","slug":"alcalde-destaca-convenio-que-permitira-agilizar-proyectos-de-agua-potable-rural-en-molina","status":"publish","type":"post","link":"https:\/\/web.molina.cl\/?p=80465","title":{"rendered":"Alcalde destaca convenio que permitir\u00e1 agilizar proyectos de agua potable rural en Molina"},"content":{"rendered":"\n<h2 class=\"wp-block-heading\">El acuerdo se firm\u00f3 entre la empresa Nuevo Sur y el Gobierno Regional del Maule.<\/h2>\n\n\n\n<p>Importantes avances para los habitantes del campo tendr\u00e1 el convenio de colaboraci\u00f3n entre el Gobierno Regional del Maule y la empresa Nuevo Sur.<\/p>\n\n\n\n<p>As\u00ed lo indic\u00f3 el alcalde de Molina, Felipe M\u00e9ndez, quien se\u00f1al\u00f3 que el acuerdo con la compa\u00f1\u00eda \u201ces una gran noticia, porque en nuestra comuna se presenta una escasez h\u00eddrica y tenemos proyectos pendientes desde hace muchos a\u00f1os, con los que sectores de Molina, Lontu\u00e9 y sectores rurales tendr\u00edan agua potable\u201d.<\/p>\n\n\n\n<p>El jefe edilicio agreg\u00f3 que la puesta en marcha de esta medida \u201cpermitir\u00e1 agilizar procesos, teniendo en cuenta que en la comuna tenemos 13 comit\u00e9s de agua potable rural con proyectos ya levantados que demoran much\u00edsimo y para los cuales esperamos la colaboraci\u00f3n del Gobernador\u201d.<\/p>\n\n\n\n<p>Confirmando la disposici\u00f3n de apoyar al mundo rural, el Gobernador Regional, Pedro \u00c1lvarez-Salamanca, Gobernador afirm\u00f3 que lo importantes es que \u201cla gente del campo sienta el desarrollo y eso conlleva en m\u00e1s actividad econ\u00f3mica. C\u00f3mo vamos a pretender realizar inversi\u00f3n en vivienda o industria, si no contamos con los sistemas b\u00e1sicos de agua potable y alcantarillado\u201d.<\/p>\n\n\n\n<p>Por su parte, el gerente general de Nuevo Sur, V\u00edctor Hugo Bustamante, explic\u00f3 que \u201csabemos que hay mucho por avanzar en la regi\u00f3n y estamos llanos a seguir avanzando con el Gobierno Regional. Ya tenemos una mesa t\u00e9cnica mensual en la que hemos definido proyectos y la idea es comenzar con ciertos pilotos. En simple, el objetivo final es aumentar la cobertura de agua potable y saneamiento\u201d.<\/p>\n\n\n\n<figure class=\"wp-block-image size-large\"><img loading=\"lazy\" decoding=\"async\" width=\"1024\" height=\"768\" src=\"https:\/\/web.molina.cl\/wp-content\/uploads\/2026\/03\/Convenio-Agua-Gore-1024x768.jpeg\" alt=\"\" class=\"wp-image-80466\" srcset=\"https:\/\/web.molina.cl\/wp-content\/uploads\/2026\/03\/Convenio-Agua-Gore-1024x768.jpeg 1024w, https:\/\/web.molina.cl\/wp-content\/uploads\/2026\/03\/Convenio-Agua-Gore-300x225.jpeg 300w, https:\/\/web.molina.cl\/wp-content\/uploads\/2026\/03\/Convenio-Agua-Gore-768x576.jpeg 768w, https:\/\/web.molina.cl\/wp-content\/uploads\/2026\/03\/Convenio-Agua-Gore-560x420.jpeg 560w, https:\/\/web.molina.cl\/wp-content\/uploads\/2026\/03\/Convenio-Agua-Gore-80x60.jpeg 80w, https:\/\/web.molina.cl\/wp-content\/uploads\/2026\/03\/Convenio-Agua-Gore-696x522.jpeg 696w, https:\/\/web.molina.cl\/wp-content\/uploads\/2026\/03\/Convenio-Agua-Gore-1068x801.jpeg 1068w, https:\/\/web.molina.cl\/wp-content\/uploads\/2026\/03\/Convenio-Agua-Gore-265x198.jpeg 265w, https:\/\/web.molina.cl\/wp-content\/uploads\/2026\/03\/Convenio-Agua-Gore.jpeg 1280w\" sizes=\"(max-width: 1024px) 100vw, 1024px\" \/><\/figure>\n","protected":false},"excerpt":{"rendered":"<p>El acuerdo se firm\u00f3 entre la empresa Nuevo Sur y el Gobierno Regional del Maule. Importantes avances para los habitantes del campo tendr\u00e1 el convenio de colaboraci\u00f3n entre el Gobierno Regional del Maule y la empresa Nuevo Sur. As\u00ed lo indic\u00f3 el alcalde de Molina, Felipe M\u00e9ndez, quien se\u00f1al\u00f3 que el acuerdo con la compa\u00f1\u00eda [&hellip;]<\/p>\n","protected":false},"author":2,"featured_media":80466,"comment_status":"closed","ping_status":"open","sticky":false,"template":"","format":"standard","meta":{"footnotes":""},"categories":[3249],"tags":[],"_links":{"self":[{"href":"https:\/\/web.molina.cl\/index.php?rest_route=\/wp\/v2\/posts\/80465"}],"collection":[{"href":"https:\/\/web.molina.cl\/index.php?rest_route=\/wp\/v2\/posts"}],"about":[{"href":"https:\/\/web.molina.cl\/index.php?rest_route=\/wp\/v2\/types\/post"}],"author":[{"embeddable":true,"href":"https:\/\/web.molina.cl\/index.php?rest_route=\/wp\/v2\/users\/2"}],"replies":[{"embeddable":true,"href":"https:\/\/web.molina.cl\/index.php?rest_route=%2Fwp%2Fv2%2Fcomments&post=80465"}],"version-history":[{"count":1,"href":"https:\/\/web.molina.cl\/index.php?rest_route=\/wp\/v2\/posts\/80465\/revisions"}],"predecessor-version":[{"id":80467,"href":"https:\/\/web.molina.cl\/index.php?rest_route=\/wp\/v2\/posts\/80465\/revisions\/80467"}],"wp:featuredmedia":[{"embeddable":true,"href":"https:\/\/web.molina.cl\/index.php?rest_route=\/wp\/v2\/media\/80466"}],"wp:attachment":[{"href":"https:\/\/web.molina.cl\/index.php?rest_route=%2Fwp%2Fv2%2Fmedia&parent=80465"}],"wp:term":[{"taxonomy":"category","embeddable":true,"href":"https:\/\/web.molina.cl\/index.php?rest_route=%2Fwp%2Fv2%2Fcategories&post=80465"},{"taxonomy":"post_tag","embeddable":true,"href":"https:\/\/web.molina.cl\/index.php?rest_route=%2Fwp%2Fv2%2Ftags&post=80465"}],"curies":[{"name":"wp","href":"https:\/\/api.w.org\/{rel}","templated":true}]}}