{"id":80456,"date":"2026-03-23T07:29:55","date_gmt":"2026-03-23T11:29:55","guid":{"rendered":"https:\/\/web.molina.cl\/?p=80456"},"modified":"2026-03-23T07:29:56","modified_gmt":"2026-03-23T11:29:56","slug":"alcalde-de-molina-destaca-se-saco-de-circulacion-droga-que-podria-haber-llegado-a-las-poblaciones","status":"publish","type":"post","link":"https:\/\/web.molina.cl\/?p=80456","title":{"rendered":"Alcalde de Molina destaca: \u201cse sac\u00f3 de circulaci\u00f3n droga que podr\u00eda haber llegado a las poblaciones\u201d"},"content":{"rendered":"\n<h2 class=\"wp-block-heading\">En el marco del decomiso de m\u00e1s de 400 kg de cannabis en la pre-cordillera molinense por parte del MT-Cero de la PDI, el edil inst\u00f3 a la comunidad a seguir denunciando.<\/h2>\n\n\n\n<p>Calificando como acertada la decisi\u00f3n de impulsar la llegada del programa Modelo Territorial Cero (MT-Cero) de la PDI, el alcalde de Molina, Felipe M\u00e9ndez, valor\u00f3 el \u00faltimo procedimiento realizado por los detectives.<\/p>\n\n\n\n<p>Luego de dar a conocer la incautaci\u00f3n de m\u00e1s de 400 kilogramos de cannabis en el sector pre-cordillerano de Agua Fr\u00eda, el jefe edilicio destac\u00f3 que \u201ccon esto se saca de circulaci\u00f3n droga que podr\u00eda haber llegado a las poblaciones, causando mucho da\u00f1o social\u201d.<\/p>\n\n\n\n<p>La m\u00e1xima autoridad local revel\u00f3 que \u201ccada vez que voy a las poblaciones, la gente me dice que la venta de marihuana, coca\u00edna y pasta base est\u00e1n presentes en el territorio, no podemos obviarlo\u201d, por lo que hizo el llamado a denunciar, recordando que existen mecanismos para efectuar el proceso de manera an\u00f3nima.<\/p>\n\n\n\n<p>En detalle sobre el procedimiento, el Subprefecto de la PDI Molina, Leonardo Vega, explic\u00f3 que \u201cfue un trabajo de an\u00e1lisis con informaci\u00f3n de la comunidad de Molina y con tecnolog\u00eda de drones. Logramos dar con dos lugares de acopio de secado, adem\u00e1s de tres retazos de cultivo con cerca de 4.600 plantas avaluadas en casi 2.300 millones de pesos\u201d.<\/p>\n\n\n\n<p>Por su parte, el Delegado Presidencial para la Provincia de Curic\u00f3, \u00d3scar \u00c1guila, tuvo especiales palabras para \u201cfelicitar a la PDI por este tremendo procedimiento donde usaron inteligencia y tecnolog\u00eda de drones. Hay qu\u00e9 pensar cu\u00e1ntas dosis de droga se sacan del mercado il\u00edcito. Por tanto, fue muy buena idea del Prefecto y del alcalde de traer esta unidad del MT-Cero a Molina\u201d.<\/p>\n\n\n\n<figure class=\"wp-block-image size-large\"><img loading=\"lazy\" decoding=\"async\" width=\"1024\" height=\"769\" src=\"https:\/\/web.molina.cl\/wp-content\/uploads\/2026\/03\/Decomiso-MT-Cero-1024x769.png\" alt=\"\" class=\"wp-image-80457\" srcset=\"https:\/\/web.molina.cl\/wp-content\/uploads\/2026\/03\/Decomiso-MT-Cero-1024x769.png 1024w, https:\/\/web.molina.cl\/wp-content\/uploads\/2026\/03\/Decomiso-MT-Cero-300x225.png 300w, https:\/\/web.molina.cl\/wp-content\/uploads\/2026\/03\/Decomiso-MT-Cero-768x577.png 768w, https:\/\/web.molina.cl\/wp-content\/uploads\/2026\/03\/Decomiso-MT-Cero-1536x1153.png 1536w, https:\/\/web.molina.cl\/wp-content\/uploads\/2026\/03\/Decomiso-MT-Cero-2048x1538.png 2048w, https:\/\/web.molina.cl\/wp-content\/uploads\/2026\/03\/Decomiso-MT-Cero-559x420.png 559w, https:\/\/web.molina.cl\/wp-content\/uploads\/2026\/03\/Decomiso-MT-Cero-80x60.png 80w, https:\/\/web.molina.cl\/wp-content\/uploads\/2026\/03\/Decomiso-MT-Cero-696x523.png 696w, https:\/\/web.molina.cl\/wp-content\/uploads\/2026\/03\/Decomiso-MT-Cero-1068x802.png 1068w, https:\/\/web.molina.cl\/wp-content\/uploads\/2026\/03\/Decomiso-MT-Cero-1920x1441.png 1920w, https:\/\/web.molina.cl\/wp-content\/uploads\/2026\/03\/Decomiso-MT-Cero-265x198.png 265w\" sizes=\"(max-width: 1024px) 100vw, 1024px\" \/><\/figure>\n","protected":false},"excerpt":{"rendered":"<p>En el marco del decomiso de m\u00e1s de 400 kg de cannabis en la pre-cordillera molinense por parte del MT-Cero de la PDI, el edil inst\u00f3 a la comunidad a seguir denunciando. Calificando como acertada la decisi\u00f3n de impulsar la llegada del programa Modelo Territorial Cero (MT-Cero) de la PDI, el alcalde de Molina, Felipe [&hellip;]<\/p>\n","protected":false},"author":2,"featured_media":80457,"comment_status":"closed","ping_status":"open","sticky":false,"template":"","format":"standard","meta":{"footnotes":""},"categories":[47],"tags":[],"_links":{"self":[{"href":"https:\/\/web.molina.cl\/index.php?rest_route=\/wp\/v2\/posts\/80456"}],"collection":[{"href":"https:\/\/web.molina.cl\/index.php?rest_route=\/wp\/v2\/posts"}],"about":[{"href":"https:\/\/web.molina.cl\/index.php?rest_route=\/wp\/v2\/types\/post"}],"author":[{"embeddable":true,"href":"https:\/\/web.molina.cl\/index.php?rest_route=\/wp\/v2\/users\/2"}],"replies":[{"embeddable":true,"href":"https:\/\/web.molina.cl\/index.php?rest_route=%2Fwp%2Fv2%2Fcomments&post=80456"}],"version-history":[{"count":1,"href":"https:\/\/web.molina.cl\/index.php?rest_route=\/wp\/v2\/posts\/80456\/revisions"}],"predecessor-version":[{"id":80458,"href":"https:\/\/web.molina.cl\/index.php?rest_route=\/wp\/v2\/posts\/80456\/revisions\/80458"}],"wp:featuredmedia":[{"embeddable":true,"href":"https:\/\/web.molina.cl\/index.php?rest_route=\/wp\/v2\/media\/80457"}],"wp:attachment":[{"href":"https:\/\/web.molina.cl\/index.php?rest_route=%2Fwp%2Fv2%2Fmedia&parent=80456"}],"wp:term":[{"taxonomy":"category","embeddable":true,"href":"https:\/\/web.molina.cl\/index.php?rest_route=%2Fwp%2Fv2%2Fcategories&post=80456"},{"taxonomy":"post_tag","embeddable":true,"href":"https:\/\/web.molina.cl\/index.php?rest_route=%2Fwp%2Fv2%2Ftags&post=80456"}],"curies":[{"name":"wp","href":"https:\/\/api.w.org\/{rel}","templated":true}]}}