{"id":80410,"date":"2026-03-19T11:44:28","date_gmt":"2026-03-19T15:44:28","guid":{"rendered":"https:\/\/web.molina.cl\/?p=80410"},"modified":"2026-03-19T11:44:29","modified_gmt":"2026-03-19T15:44:29","slug":"reconocen-a-8-establecimientos-que-alcanzaron-excelencia-academica-en-acto-de-inicio-de-ano-escolar-en-molina","status":"publish","type":"post","link":"https:\/\/web.molina.cl\/?p=80410","title":{"rendered":"Reconocen a 8 establecimientos que alcanzaron Excelencia Acad\u00e9mica en acto de Inicio de A\u00f1o Escolar en Molina"},"content":{"rendered":"\n<h2 class=\"wp-block-heading\">El alcalde Felipe M\u00e9ndez entreg\u00f3 las distinciones junto al Director del SLEP \u201cLos Cerezos\u201d, Carlos Campano.<\/h2>\n\n\n\n<p>Una emotiva ceremonia de Inicio del A\u00f1o Escolar 2026 tuvo lugar en Molina, con la participaci\u00f3n de representantes de sus principales escuelas y liceos.<\/p>\n\n\n\n<p>En dependencias del teatro municipal Arnaldo Canto Matus, las autoridades entregaron un especial reconocimiento a los establecimientos que obtuvieron Excelencia Acad\u00e9mica en el reciente proceso de acreditaci\u00f3n del Sistema Nacional de Evaluaci\u00f3n de Desempe\u00f1o (SNED).<\/p>\n\n\n\n<p>Se trata de la Escuela San Pedro, Casa Blanca, Bajo Los Romeros, San Jorge de Romeral, Luis Maldonado Boggiano de Itahue, Julia Cat\u00e1n Dabike de Alupenhue, Escuela Diferencial Esperanza y Liceo Bicentenario.<\/p>\n\n\n\n<p>Como invitado especial, el Director del Servicio Local de Educaci\u00f3n P\u00fablica (SLEP) Los Cerezos, Carlos Campano, indic\u00f3 que se trat\u00f3 de \u201cuna inauguraci\u00f3n de a\u00f1o con sentido, donde se trataron tem\u00e1ticas importantes para el sistema educativo. Partimos felicitando a la comuna, porque ocho establecimientos obtienen a Excelencia Acad\u00e9mica y Excelencia Docente. Esto significa que no solo se est\u00e1n haciendo bien las cosas a nivel pedag\u00f3gico, sino que tambi\u00e9n administrativamente. Necesitamos que las cosas se hagan bien hasta el \u00faltimo d\u00eda y ah\u00ed hemos encontrado un aliado en el alcalde y el DAEM, pues siguen haciendo lo mejor posible con cada establecimiento para que recibamos un sistema de la mejor manera\u201d.<\/p>\n\n\n\n<p>Tras compartir sus deseos de \u00e9xito para este nuevo per\u00edodo lectivo y entregar los galardones, el alcalde Felipe M\u00e9ndez explic\u00f3 tener \u201csentimientos encontrados al tratarse de un a\u00f1o especial, pues estamos en un proceso de transici\u00f3n hacia enero de 2027, cuando el municipio dejar\u00e1 de ser sostenedor de la educaci\u00f3n y \u00e9sta pasa al SLEP. Es importante informar esto a la comunidad, pero eso tampoco nos exime de responsabilidad, por lo que buscamos un traspaso lo m\u00e1s cercano y ejemplar posible\u201d.<\/p>\n\n\n\n<p>Por su parte, la profesora encargada de la Escuela Casa Blanca, Carla Y\u00e1\u00f1ez, expres\u00f3 su alegr\u00eda tras recibir el reconocimiento. La docente coment\u00f3 que \u201cpara nosotros, obtener nuevamente la Excelencia Acad\u00e9mica es un logro de toda la comunidad educativa, de los docentes con su compromiso con el aprendizaje, de nuestros apoderados que conf\u00edan en la escuela y tambi\u00e9n de nuestros ni\u00f1os y j\u00f3venes por su motivaci\u00f3n\u201d.<\/p>\n\n\n\n<figure class=\"wp-block-image size-large\"><img loading=\"lazy\" decoding=\"async\" width=\"1024\" height=\"769\" src=\"https:\/\/web.molina.cl\/wp-content\/uploads\/2026\/03\/IMG_8692-1024x769.png\" alt=\"\" class=\"wp-image-80411\" srcset=\"https:\/\/web.molina.cl\/wp-content\/uploads\/2026\/03\/IMG_8692-1024x769.png 1024w, https:\/\/web.molina.cl\/wp-content\/uploads\/2026\/03\/IMG_8692-300x225.png 300w, https:\/\/web.molina.cl\/wp-content\/uploads\/2026\/03\/IMG_8692-768x577.png 768w, https:\/\/web.molina.cl\/wp-content\/uploads\/2026\/03\/IMG_8692-559x420.png 559w, https:\/\/web.molina.cl\/wp-content\/uploads\/2026\/03\/IMG_8692-80x60.png 80w, https:\/\/web.molina.cl\/wp-content\/uploads\/2026\/03\/IMG_8692-696x523.png 696w, https:\/\/web.molina.cl\/wp-content\/uploads\/2026\/03\/IMG_8692-1068x802.png 1068w, https:\/\/web.molina.cl\/wp-content\/uploads\/2026\/03\/IMG_8692-265x198.png 265w, https:\/\/web.molina.cl\/wp-content\/uploads\/2026\/03\/IMG_8692.png 1332w\" sizes=\"(max-width: 1024px) 100vw, 1024px\" \/><\/figure>\n","protected":false},"excerpt":{"rendered":"<p>El alcalde Felipe M\u00e9ndez entreg\u00f3 las distinciones junto al Director del SLEP \u201cLos Cerezos\u201d, Carlos Campano. Una emotiva ceremonia de Inicio del A\u00f1o Escolar 2026 tuvo lugar en Molina, con la participaci\u00f3n de representantes de sus principales escuelas y liceos. En dependencias del teatro municipal Arnaldo Canto Matus, las autoridades entregaron un especial reconocimiento a [&hellip;]<\/p>\n","protected":false},"author":2,"featured_media":80411,"comment_status":"closed","ping_status":"open","sticky":false,"template":"","format":"standard","meta":{"footnotes":""},"categories":[5],"tags":[],"_links":{"self":[{"href":"https:\/\/web.molina.cl\/index.php?rest_route=\/wp\/v2\/posts\/80410"}],"collection":[{"href":"https:\/\/web.molina.cl\/index.php?rest_route=\/wp\/v2\/posts"}],"about":[{"href":"https:\/\/web.molina.cl\/index.php?rest_route=\/wp\/v2\/types\/post"}],"author":[{"embeddable":true,"href":"https:\/\/web.molina.cl\/index.php?rest_route=\/wp\/v2\/users\/2"}],"replies":[{"embeddable":true,"href":"https:\/\/web.molina.cl\/index.php?rest_route=%2Fwp%2Fv2%2Fcomments&post=80410"}],"version-history":[{"count":1,"href":"https:\/\/web.molina.cl\/index.php?rest_route=\/wp\/v2\/posts\/80410\/revisions"}],"predecessor-version":[{"id":80412,"href":"https:\/\/web.molina.cl\/index.php?rest_route=\/wp\/v2\/posts\/80410\/revisions\/80412"}],"wp:featuredmedia":[{"embeddable":true,"href":"https:\/\/web.molina.cl\/index.php?rest_route=\/wp\/v2\/media\/80411"}],"wp:attachment":[{"href":"https:\/\/web.molina.cl\/index.php?rest_route=%2Fwp%2Fv2%2Fmedia&parent=80410"}],"wp:term":[{"taxonomy":"category","embeddable":true,"href":"https:\/\/web.molina.cl\/index.php?rest_route=%2Fwp%2Fv2%2Fcategories&post=80410"},{"taxonomy":"post_tag","embeddable":true,"href":"https:\/\/web.molina.cl\/index.php?rest_route=%2Fwp%2Fv2%2Ftags&post=80410"}],"curies":[{"name":"wp","href":"https:\/\/api.w.org\/{rel}","templated":true}]}}