{"id":79003,"date":"2026-01-22T11:05:11","date_gmt":"2026-01-22T15:05:11","guid":{"rendered":"https:\/\/web.molina.cl\/?p=79003"},"modified":"2026-01-22T11:05:11","modified_gmt":"2026-01-22T15:05:11","slug":"alcalde-de-molina-pide-al-seremi-de-vivienda-apurar-aprobacion-de-recursos-para-mas-de-mil-hogares","status":"publish","type":"post","link":"https:\/\/web.molina.cl\/?p=79003","title":{"rendered":"Alcalde de Molina pide al Seremi de Vivienda apurar aprobaci\u00f3n de recursos para m\u00e1s de mil hogares"},"content":{"rendered":"\n<h2 class=\"wp-block-heading\">El jefe comunal intensific\u00f3 las gestiones para que se apruebe el financiamiento a proyectos como el de Altos de Mar\u00eda Magdalena 2.<\/h2>\n\n\n\n<p>Una intensa jornada de trabajo desarroll\u00f3 el alcalde de Molina, Felipe M\u00e9ndez, para solicitar acelerar la entrega de recursos a los proyectos habitacionales de la tur\u00edstica comuna.<\/p>\n\n\n\n<p>En las dependencias de Talca, la autoridad se reuni\u00f3 con el Secretario Regional Ministerial (Seremi) de Vivienda, Pablo Campos, para abordar los detalles de cada una de las iniciativas que hoy se encuentran calificadas y a la espera de financiamiento por parte del Ministerio del ramo.<\/p>\n\n\n\n<p>Las tratativas se centraron en la situaci\u00f3n del comit\u00e9 Altos de Mar\u00eda Magdalena 2, el cual ser\u00e1 el primer proyecto de viviendas industrializadas en la Provincia de Curic\u00f3 y que agrupa a 255 familias.<\/p>\n\n\n\n<p>De igual forma, se incluy\u00f3 en las gestiones a los conjuntos habitacionales Parque Lontu\u00e9 en sus tres etapas (299 familias), Vi\u00f1a Brasil (347 familias) y Valles de Molina VI (128 familias), totalizando 1.029 familias beneficiadas en total.<\/p>\n\n\n\n<p>\u201cMolina es la capital provincial de las viviendas para las familias porque hemos seguido trabajando arduamente para ello. Estoy agradecido del Seremi y de todos los profesionales de Serviu, esperamos tener buenas noticias pronto\u201d, dijo el alcalde de Molina, Felipe M\u00e9ndez, tras el encuentro.<\/p>\n\n\n\n<p>Por su parte, el Seremi de Vivienda, Pablo Campos, se\u00f1al\u00f3 que \u201cestamos haciendo el seguimiento al proyecto Altos de Mar\u00eda Magdalena 2 con la entidad patrocinante, la constructora y la empresa proveedora. Revisamos algunos aspectos en proceso para poder avanzar en la aprobaci\u00f3n del proyecto y su posterior ingreso a Serviu\u201d.<\/p>\n\n\n\n<p>La autoridad regional tambi\u00e9n destac\u00f3 \u201cel \u00e1nimo de colaboraci\u00f3n que hemos tenido con Molina, una de las municipalidades protagonistas en el Plan de Emergencia Habitacional con una gesti\u00f3n intensa y eficiente\u201d.<\/p>\n\n\n\n<figure class=\"wp-block-gallery has-nested-images columns-default is-cropped wp-block-gallery-1 is-layout-flex wp-block-gallery-is-layout-flex\">\n<figure class=\"wp-block-image size-large\"><img loading=\"lazy\" decoding=\"async\" width=\"1024\" height=\"683\" data-id=\"79004\" src=\"https:\/\/web.molina.cl\/wp-content\/uploads\/2026\/01\/Foto-1-2-1024x683.jpeg\" alt=\"\" class=\"wp-image-79004\" srcset=\"https:\/\/web.molina.cl\/wp-content\/uploads\/2026\/01\/Foto-1-2-1024x683.jpeg 1024w, https:\/\/web.molina.cl\/wp-content\/uploads\/2026\/01\/Foto-1-2-300x200.jpeg 300w, https:\/\/web.molina.cl\/wp-content\/uploads\/2026\/01\/Foto-1-2-768x512.jpeg 768w, https:\/\/web.molina.cl\/wp-content\/uploads\/2026\/01\/Foto-1-2-630x420.jpeg 630w, https:\/\/web.molina.cl\/wp-content\/uploads\/2026\/01\/Foto-1-2-696x464.jpeg 696w, https:\/\/web.molina.cl\/wp-content\/uploads\/2026\/01\/Foto-1-2-1068x713.jpeg 1068w, https:\/\/web.molina.cl\/wp-content\/uploads\/2026\/01\/Foto-1-2.jpeg 1280w\" sizes=\"(max-width: 1024px) 100vw, 1024px\" \/><\/figure>\n\n\n\n<figure class=\"wp-block-image size-large\"><img loading=\"lazy\" decoding=\"async\" width=\"1024\" height=\"769\" data-id=\"79005\" src=\"https:\/\/web.molina.cl\/wp-content\/uploads\/2026\/01\/Foto-2-2-1024x769.jpg\" alt=\"\" class=\"wp-image-79005\" srcset=\"https:\/\/web.molina.cl\/wp-content\/uploads\/2026\/01\/Foto-2-2-1024x769.jpg 1024w, https:\/\/web.molina.cl\/wp-content\/uploads\/2026\/01\/Foto-2-2-300x225.jpg 300w, https:\/\/web.molina.cl\/wp-content\/uploads\/2026\/01\/Foto-2-2-768x577.jpg 768w, https:\/\/web.molina.cl\/wp-content\/uploads\/2026\/01\/Foto-2-2-1536x1153.jpg 1536w, https:\/\/web.molina.cl\/wp-content\/uploads\/2026\/01\/Foto-2-2-2048x1538.jpg 2048w, https:\/\/web.molina.cl\/wp-content\/uploads\/2026\/01\/Foto-2-2-559x420.jpg 559w, https:\/\/web.molina.cl\/wp-content\/uploads\/2026\/01\/Foto-2-2-80x60.jpg 80w, https:\/\/web.molina.cl\/wp-content\/uploads\/2026\/01\/Foto-2-2-696x523.jpg 696w, https:\/\/web.molina.cl\/wp-content\/uploads\/2026\/01\/Foto-2-2-1068x802.jpg 1068w, https:\/\/web.molina.cl\/wp-content\/uploads\/2026\/01\/Foto-2-2-1920x1441.jpg 1920w, https:\/\/web.molina.cl\/wp-content\/uploads\/2026\/01\/Foto-2-2-265x198.jpg 265w\" sizes=\"(max-width: 1024px) 100vw, 1024px\" \/><\/figure>\n\n\n\n<figure class=\"wp-block-image size-large\"><img loading=\"lazy\" decoding=\"async\" width=\"1024\" height=\"769\" data-id=\"79006\" src=\"https:\/\/web.molina.cl\/wp-content\/uploads\/2026\/01\/Foto-3-1024x769.jpg\" alt=\"\" class=\"wp-image-79006\" srcset=\"https:\/\/web.molina.cl\/wp-content\/uploads\/2026\/01\/Foto-3-1024x769.jpg 1024w, https:\/\/web.molina.cl\/wp-content\/uploads\/2026\/01\/Foto-3-300x225.jpg 300w, https:\/\/web.molina.cl\/wp-content\/uploads\/2026\/01\/Foto-3-768x577.jpg 768w, https:\/\/web.molina.cl\/wp-content\/uploads\/2026\/01\/Foto-3-1536x1153.jpg 1536w, https:\/\/web.molina.cl\/wp-content\/uploads\/2026\/01\/Foto-3-2048x1538.jpg 2048w, https:\/\/web.molina.cl\/wp-content\/uploads\/2026\/01\/Foto-3-559x420.jpg 559w, https:\/\/web.molina.cl\/wp-content\/uploads\/2026\/01\/Foto-3-80x60.jpg 80w, https:\/\/web.molina.cl\/wp-content\/uploads\/2026\/01\/Foto-3-696x523.jpg 696w, https:\/\/web.molina.cl\/wp-content\/uploads\/2026\/01\/Foto-3-1068x802.jpg 1068w, https:\/\/web.molina.cl\/wp-content\/uploads\/2026\/01\/Foto-3-1920x1441.jpg 1920w, https:\/\/web.molina.cl\/wp-content\/uploads\/2026\/01\/Foto-3-265x198.jpg 265w\" sizes=\"(max-width: 1024px) 100vw, 1024px\" \/><\/figure>\n<\/figure>\n","protected":false},"excerpt":{"rendered":"<p>El jefe comunal intensific\u00f3 las gestiones para que se apruebe el financiamiento a proyectos como el de Altos de Mar\u00eda Magdalena 2. Una intensa jornada de trabajo desarroll\u00f3 el alcalde de Molina, Felipe M\u00e9ndez, para solicitar acelerar la entrega de recursos a los proyectos habitacionales de la tur\u00edstica comuna. En las dependencias de Talca, la [&hellip;]<\/p>\n","protected":false},"author":2,"featured_media":79004,"comment_status":"closed","ping_status":"open","sticky":false,"template":"","format":"standard","meta":{"footnotes":""},"categories":[9],"tags":[],"_links":{"self":[{"href":"https:\/\/web.molina.cl\/index.php?rest_route=\/wp\/v2\/posts\/79003"}],"collection":[{"href":"https:\/\/web.molina.cl\/index.php?rest_route=\/wp\/v2\/posts"}],"about":[{"href":"https:\/\/web.molina.cl\/index.php?rest_route=\/wp\/v2\/types\/post"}],"author":[{"embeddable":true,"href":"https:\/\/web.molina.cl\/index.php?rest_route=\/wp\/v2\/users\/2"}],"replies":[{"embeddable":true,"href":"https:\/\/web.molina.cl\/index.php?rest_route=%2Fwp%2Fv2%2Fcomments&post=79003"}],"version-history":[{"count":1,"href":"https:\/\/web.molina.cl\/index.php?rest_route=\/wp\/v2\/posts\/79003\/revisions"}],"predecessor-version":[{"id":79007,"href":"https:\/\/web.molina.cl\/index.php?rest_route=\/wp\/v2\/posts\/79003\/revisions\/79007"}],"wp:featuredmedia":[{"embeddable":true,"href":"https:\/\/web.molina.cl\/index.php?rest_route=\/wp\/v2\/media\/79004"}],"wp:attachment":[{"href":"https:\/\/web.molina.cl\/index.php?rest_route=%2Fwp%2Fv2%2Fmedia&parent=79003"}],"wp:term":[{"taxonomy":"category","embeddable":true,"href":"https:\/\/web.molina.cl\/index.php?rest_route=%2Fwp%2Fv2%2Fcategories&post=79003"},{"taxonomy":"post_tag","embeddable":true,"href":"https:\/\/web.molina.cl\/index.php?rest_route=%2Fwp%2Fv2%2Ftags&post=79003"}],"curies":[{"name":"wp","href":"https:\/\/api.w.org\/{rel}","templated":true}]}}