{"id":78422,"date":"2026-01-08T09:30:53","date_gmt":"2026-01-08T13:30:53","guid":{"rendered":"https:\/\/web.molina.cl\/?p=78422"},"modified":"2026-01-08T09:30:54","modified_gmt":"2026-01-08T13:30:54","slug":"obra-de-confianza-inauguran-circuito-de-40-luces-peatonales-led-en-villa-primavera-de-lontue","status":"publish","type":"post","link":"https:\/\/web.molina.cl\/?p=78422","title":{"rendered":"Obra de Confianza: inauguran circuito de 40 luces peatonales LED en Villa Primavera de Lontu\u00e9"},"content":{"rendered":"\n<h2 class=\"wp-block-heading\">A trav\u00e9s del programa de recuperaci\u00f3n de espacios \u201cQuiero Mi Barrio\u201d, el municipio implement\u00f3 esta medida que brinda mayor seguridad a las familias que antes no pod\u00edan ni salir a caminar de noche.<\/h2>\n\n\n\n<p>Cumpliendo un especial compromiso con la Villa Primavera de Lontu\u00e9, las autoridades inauguraron oficialmente la denominada \u201cobra de confianza\u201d en la poblaci\u00f3n, como parte del programa de recuperaci\u00f3n de espacios \u201cQuiero Mi Barrio\u201d.<\/p>\n\n\n\n<p>En concreto, se instal\u00f3 una serie de siete circuitos con 40 luces peatonales LED distribuidos en la misma cantidad de postes de alumbrado p\u00fablico, abarcando las calles Alejandro Roll\u00e1n, Los Maquis, Los Coig\u00fces, Los Robles y Pasaje 4.<\/p>\n\n\n\n<p>Mediante una concurrida ceremonia, los vecinos recibieron de manera oficial la obra que se financi\u00f3 gracias a 78 millones de pesos del Ministerio de Vivienda y Urbanismo (Minvu).<\/p>\n\n\n\n<p>El alcalde de Molina, Felipe M\u00e9ndez, destac\u00f3 que se trata de \u201cuna gran inversi\u00f3n que da seguridad. Pero tambi\u00e9n seguimos trabajando, ya que es la obra de confianza y se vienen m\u00e1s iniciativas que han sido concertadas por los vecinos de la villa\u201d.<\/p>\n\n\n\n<p>Ratificando la importancia de estas obras, el presidente del Consejo de Desarrollo Vecinal (CVD) de la Villa Primavera, Eduardo Gavil\u00e1n, relat\u00f3 que \u201csiempre hemos tenido partes con poca luminosidad, los ni\u00f1os no pod\u00edan salir a jugar. Pero con esta iluminaci\u00f3n, las familias est\u00e1n compartiendo hasta m\u00e1s tarde, hasta los ancianos que juegan brisca. Adem\u00e1s, para las personas que trabajan de noche, esto es un alivio, porque hab\u00eda mujeres a las que el marido ten\u00eda que ir a dejarlas y a buscarlas por la oscuridad; pero hoy en d\u00eda pueden transitar libremente y hasta hay c\u00e1maras, lo que da m\u00e1s seguridad\u201d.<\/p>\n\n\n\n<p>La duraci\u00f3n del programa garantiza una serie de obras para la comunidad, por lo que \u201cestamos citando para el 8 a una nueva asamblea donde votaremos por nuevos proyectos para la villa, como hacer una nueva sede con m\u00e1s recursos y amplitud para que los ni\u00f1os puedan hacer danza o cantar de manera digna\u201d, a\u00f1ade Gavil\u00e1n.<\/p>\n\n\n\n<p>Por su parte, el coordinador social de la Seremi de Vivienda, Felipe Rojas, explica que \u201cesta intervenci\u00f3n lleg\u00f3 para quedarse por cinco a\u00f1os. Hace un a\u00f1o partimos el compromiso de inaugurar esta obra y seguiremos con un centro comunitario nuevo, en el que se congregar\u00e1n las agrupaciones sociales, culturales y deportivas de Lontu\u00e9. Tambi\u00e9n realizaremos hermoseamiento de las \u00e1reas verdes para sacar la droga y el abandono. Agradezco al municipio, que entiende c\u00f3mo se debe aplicar la intervenci\u00f3n del Quiero Mi Barrio\u201d.<\/p>\n\n\n\n<figure class=\"wp-block-gallery has-nested-images columns-default is-cropped wp-block-gallery-1 is-layout-flex wp-block-gallery-is-layout-flex\">\n<figure class=\"wp-block-image size-large\"><img loading=\"lazy\" decoding=\"async\" width=\"1024\" height=\"769\" data-id=\"78423\" src=\"https:\/\/web.molina.cl\/wp-content\/uploads\/2026\/01\/Foto-1-2-1024x769.jpg\" alt=\"\" class=\"wp-image-78423\" srcset=\"https:\/\/web.molina.cl\/wp-content\/uploads\/2026\/01\/Foto-1-2-1024x769.jpg 1024w, https:\/\/web.molina.cl\/wp-content\/uploads\/2026\/01\/Foto-1-2-300x225.jpg 300w, https:\/\/web.molina.cl\/wp-content\/uploads\/2026\/01\/Foto-1-2-768x577.jpg 768w, https:\/\/web.molina.cl\/wp-content\/uploads\/2026\/01\/Foto-1-2-1536x1153.jpg 1536w, https:\/\/web.molina.cl\/wp-content\/uploads\/2026\/01\/Foto-1-2-2048x1538.jpg 2048w, https:\/\/web.molina.cl\/wp-content\/uploads\/2026\/01\/Foto-1-2-559x420.jpg 559w, https:\/\/web.molina.cl\/wp-content\/uploads\/2026\/01\/Foto-1-2-80x60.jpg 80w, https:\/\/web.molina.cl\/wp-content\/uploads\/2026\/01\/Foto-1-2-696x523.jpg 696w, https:\/\/web.molina.cl\/wp-content\/uploads\/2026\/01\/Foto-1-2-1068x802.jpg 1068w, https:\/\/web.molina.cl\/wp-content\/uploads\/2026\/01\/Foto-1-2-1920x1441.jpg 1920w, https:\/\/web.molina.cl\/wp-content\/uploads\/2026\/01\/Foto-1-2-265x198.jpg 265w\" sizes=\"(max-width: 1024px) 100vw, 1024px\" \/><\/figure>\n\n\n\n<figure class=\"wp-block-image size-large\"><img loading=\"lazy\" decoding=\"async\" width=\"1024\" height=\"769\" data-id=\"78424\" src=\"https:\/\/web.molina.cl\/wp-content\/uploads\/2026\/01\/Foto-2-1-1024x769.jpg\" alt=\"\" class=\"wp-image-78424\" srcset=\"https:\/\/web.molina.cl\/wp-content\/uploads\/2026\/01\/Foto-2-1-1024x769.jpg 1024w, https:\/\/web.molina.cl\/wp-content\/uploads\/2026\/01\/Foto-2-1-300x225.jpg 300w, https:\/\/web.molina.cl\/wp-content\/uploads\/2026\/01\/Foto-2-1-768x577.jpg 768w, https:\/\/web.molina.cl\/wp-content\/uploads\/2026\/01\/Foto-2-1-1536x1153.jpg 1536w, https:\/\/web.molina.cl\/wp-content\/uploads\/2026\/01\/Foto-2-1-2048x1538.jpg 2048w, https:\/\/web.molina.cl\/wp-content\/uploads\/2026\/01\/Foto-2-1-559x420.jpg 559w, https:\/\/web.molina.cl\/wp-content\/uploads\/2026\/01\/Foto-2-1-80x60.jpg 80w, https:\/\/web.molina.cl\/wp-content\/uploads\/2026\/01\/Foto-2-1-696x523.jpg 696w, https:\/\/web.molina.cl\/wp-content\/uploads\/2026\/01\/Foto-2-1-1068x802.jpg 1068w, https:\/\/web.molina.cl\/wp-content\/uploads\/2026\/01\/Foto-2-1-1920x1441.jpg 1920w, https:\/\/web.molina.cl\/wp-content\/uploads\/2026\/01\/Foto-2-1-265x198.jpg 265w\" sizes=\"(max-width: 1024px) 100vw, 1024px\" \/><\/figure>\n<\/figure>\n","protected":false},"excerpt":{"rendered":"<p>A trav\u00e9s del programa de recuperaci\u00f3n de espacios \u201cQuiero Mi Barrio\u201d, el municipio implement\u00f3 esta medida que brinda mayor seguridad a las familias que antes no pod\u00edan ni salir a caminar de noche. Cumpliendo un especial compromiso con la Villa Primavera de Lontu\u00e9, las autoridades inauguraron oficialmente la denominada \u201cobra de confianza\u201d en la poblaci\u00f3n, [&hellip;]<\/p>\n","protected":false},"author":2,"featured_media":78423,"comment_status":"closed","ping_status":"open","sticky":false,"template":"","format":"standard","meta":{"footnotes":""},"categories":[3,21,6],"tags":[],"_links":{"self":[{"href":"https:\/\/web.molina.cl\/index.php?rest_route=\/wp\/v2\/posts\/78422"}],"collection":[{"href":"https:\/\/web.molina.cl\/index.php?rest_route=\/wp\/v2\/posts"}],"about":[{"href":"https:\/\/web.molina.cl\/index.php?rest_route=\/wp\/v2\/types\/post"}],"author":[{"embeddable":true,"href":"https:\/\/web.molina.cl\/index.php?rest_route=\/wp\/v2\/users\/2"}],"replies":[{"embeddable":true,"href":"https:\/\/web.molina.cl\/index.php?rest_route=%2Fwp%2Fv2%2Fcomments&post=78422"}],"version-history":[{"count":1,"href":"https:\/\/web.molina.cl\/index.php?rest_route=\/wp\/v2\/posts\/78422\/revisions"}],"predecessor-version":[{"id":78425,"href":"https:\/\/web.molina.cl\/index.php?rest_route=\/wp\/v2\/posts\/78422\/revisions\/78425"}],"wp:featuredmedia":[{"embeddable":true,"href":"https:\/\/web.molina.cl\/index.php?rest_route=\/wp\/v2\/media\/78423"}],"wp:attachment":[{"href":"https:\/\/web.molina.cl\/index.php?rest_route=%2Fwp%2Fv2%2Fmedia&parent=78422"}],"wp:term":[{"taxonomy":"category","embeddable":true,"href":"https:\/\/web.molina.cl\/index.php?rest_route=%2Fwp%2Fv2%2Fcategories&post=78422"},{"taxonomy":"post_tag","embeddable":true,"href":"https:\/\/web.molina.cl\/index.php?rest_route=%2Fwp%2Fv2%2Ftags&post=78422"}],"curies":[{"name":"wp","href":"https:\/\/api.w.org\/{rel}","templated":true}]}}