{"id":78150,"date":"2026-01-06T08:46:21","date_gmt":"2026-01-06T12:46:21","guid":{"rendered":"https:\/\/web.molina.cl\/?p=78150"},"modified":"2026-01-06T08:46:21","modified_gmt":"2026-01-06T12:46:21","slug":"tradicion-adrenalina-y-ciclismo-asi-se-vivio-la-kingkona-mtb-2026-en-molina","status":"publish","type":"post","link":"https:\/\/web.molina.cl\/?p=78150","title":{"rendered":"Tradici\u00f3n, adrenalina y ciclismo: as\u00ed se vivi\u00f3 la KingKona MTB 2026 en Molina"},"content":{"rendered":"\n<h2 class=\"wp-block-heading\">Fueron m\u00e1s de 750 los competidores que dieron vida a la 12\u00aa edici\u00f3n del evento que cont\u00f3 con apoyo del municipio.<\/h2>\n\n\n\n<p>Creciendo cada vez m\u00e1s, la 12\u00aa versi\u00f3n de la KingKona MTB hizo vivir un panorama lleno de adrenalina a los m\u00e1s de 750 competidores que arribaron hasta el sector rural de Fuente de Agua, en Molina.<\/p>\n\n\n\n<p>La versi\u00f3n 2026 del evento, que ya se ha vuelto un imperdible en el calendario de los amantes de las dos ruedas, cont\u00f3 con una alta convocatoria que contempl\u00f3 a corredores de todo el pa\u00eds.<\/p>\n\n\n\n<p>Esta verdadera tradici\u00f3n ciclista cont\u00f3 con el respaldo del municipio, organismo que se encarg\u00f3 de apoyar con la log\u00edstica, los permisos legales, la instalaci\u00f3n de vallas, cami\u00f3n aljibe y ambulancia. Adem\u00e1s, se otorg\u00f3 al club una subvenci\u00f3n de 1,2 millones de pesos tras aprobaci\u00f3n del Concejo Municipal.<\/p>\n\n\n\n<p>El presidente del Club KingKona MTB, Rodrigo Mu\u00f1oz, destac\u00f3 el alto nivel de participaci\u00f3n en las 27 categor\u00edas, afirmando que \u201clo mejor ha sido el clima que nos toc\u00f3, ideal para practicar el ciclismo. Cada a\u00f1o innovamos y eso atrae a muchos ciclistas de todo el pa\u00eds. La Corporaci\u00f3n de Deportes se porta muy bien todo el a\u00f1o con nosotros, mientras que la municipalidad nos gestiona las vallas papales, el cami\u00f3n aljibe, los permisos y la ambulancia; entonces estamos compenetrados\u201d.<\/p>\n\n\n\n<p>Ratificando sus palabras, el alcalde local, Felipe M\u00e9ndez, tuvo un especial mensaje para \u201cfelicitar a la organizaci\u00f3n y a toda la gente que ha llegado a la competencia. Los instamos a seguir practicando deportes, tendr\u00e1n siempre la colaboraci\u00f3n del municipio y de nuestra Corporaci\u00f3n\u201d.<\/p>\n\n\n\n<p>Luego de ganar la categor\u00eda \u201camateur\u201d, Ram\u00f3n Sandoval, procedente de Rengo, coment\u00f3 que \u201ces mi primer rally y estoy feliz de haber terminado la carrera sin ning\u00fan problema mec\u00e1nico ni ca\u00eddas. Felicito a la organizaci\u00f3n por el marcaje, los stands y la comida, fue espectacular\u201d.<\/p>\n\n\n\n<figure class=\"wp-block-gallery has-nested-images columns-default is-cropped wp-block-gallery-1 is-layout-flex wp-block-gallery-is-layout-flex\">\n<figure class=\"wp-block-image size-large\"><img loading=\"lazy\" decoding=\"async\" width=\"1024\" height=\"768\" data-id=\"78151\" src=\"https:\/\/web.molina.cl\/wp-content\/uploads\/2026\/01\/Foto-1-1-1024x768.jpg\" alt=\"\" class=\"wp-image-78151\" srcset=\"https:\/\/web.molina.cl\/wp-content\/uploads\/2026\/01\/Foto-1-1-1024x768.jpg 1024w, https:\/\/web.molina.cl\/wp-content\/uploads\/2026\/01\/Foto-1-1-300x225.jpg 300w, https:\/\/web.molina.cl\/wp-content\/uploads\/2026\/01\/Foto-1-1-768x576.jpg 768w, https:\/\/web.molina.cl\/wp-content\/uploads\/2026\/01\/Foto-1-1-1536x1152.jpg 1536w, https:\/\/web.molina.cl\/wp-content\/uploads\/2026\/01\/Foto-1-1-2048x1536.jpg 2048w, https:\/\/web.molina.cl\/wp-content\/uploads\/2026\/01\/Foto-1-1-560x420.jpg 560w, https:\/\/web.molina.cl\/wp-content\/uploads\/2026\/01\/Foto-1-1-80x60.jpg 80w, https:\/\/web.molina.cl\/wp-content\/uploads\/2026\/01\/Foto-1-1-696x522.jpg 696w, https:\/\/web.molina.cl\/wp-content\/uploads\/2026\/01\/Foto-1-1-1068x801.jpg 1068w, https:\/\/web.molina.cl\/wp-content\/uploads\/2026\/01\/Foto-1-1-1920x1440.jpg 1920w, https:\/\/web.molina.cl\/wp-content\/uploads\/2026\/01\/Foto-1-1-265x198.jpg 265w\" sizes=\"(max-width: 1024px) 100vw, 1024px\" \/><\/figure>\n\n\n\n<figure class=\"wp-block-image size-large\"><img loading=\"lazy\" decoding=\"async\" width=\"1024\" height=\"768\" data-id=\"78152\" src=\"https:\/\/web.molina.cl\/wp-content\/uploads\/2026\/01\/Foto-2-1024x768.jpg\" alt=\"\" class=\"wp-image-78152\" srcset=\"https:\/\/web.molina.cl\/wp-content\/uploads\/2026\/01\/Foto-2-1024x768.jpg 1024w, https:\/\/web.molina.cl\/wp-content\/uploads\/2026\/01\/Foto-2-300x225.jpg 300w, https:\/\/web.molina.cl\/wp-content\/uploads\/2026\/01\/Foto-2-768x576.jpg 768w, https:\/\/web.molina.cl\/wp-content\/uploads\/2026\/01\/Foto-2-1536x1152.jpg 1536w, https:\/\/web.molina.cl\/wp-content\/uploads\/2026\/01\/Foto-2-2048x1536.jpg 2048w, https:\/\/web.molina.cl\/wp-content\/uploads\/2026\/01\/Foto-2-560x420.jpg 560w, https:\/\/web.molina.cl\/wp-content\/uploads\/2026\/01\/Foto-2-80x60.jpg 80w, https:\/\/web.molina.cl\/wp-content\/uploads\/2026\/01\/Foto-2-696x522.jpg 696w, https:\/\/web.molina.cl\/wp-content\/uploads\/2026\/01\/Foto-2-1068x801.jpg 1068w, https:\/\/web.molina.cl\/wp-content\/uploads\/2026\/01\/Foto-2-1920x1440.jpg 1920w, https:\/\/web.molina.cl\/wp-content\/uploads\/2026\/01\/Foto-2-265x198.jpg 265w\" sizes=\"(max-width: 1024px) 100vw, 1024px\" \/><\/figure>\n<\/figure>\n","protected":false},"excerpt":{"rendered":"<p>Fueron m\u00e1s de 750 los competidores que dieron vida a la 12\u00aa edici\u00f3n del evento que cont\u00f3 con apoyo del municipio. Creciendo cada vez m\u00e1s, la 12\u00aa versi\u00f3n de la KingKona MTB hizo vivir un panorama lleno de adrenalina a los m\u00e1s de 750 competidores que arribaron hasta el sector rural de Fuente de Agua, [&hellip;]<\/p>\n","protected":false},"author":2,"featured_media":78151,"comment_status":"closed","ping_status":"open","sticky":false,"template":"","format":"standard","meta":{"footnotes":""},"categories":[35],"tags":[],"_links":{"self":[{"href":"https:\/\/web.molina.cl\/index.php?rest_route=\/wp\/v2\/posts\/78150"}],"collection":[{"href":"https:\/\/web.molina.cl\/index.php?rest_route=\/wp\/v2\/posts"}],"about":[{"href":"https:\/\/web.molina.cl\/index.php?rest_route=\/wp\/v2\/types\/post"}],"author":[{"embeddable":true,"href":"https:\/\/web.molina.cl\/index.php?rest_route=\/wp\/v2\/users\/2"}],"replies":[{"embeddable":true,"href":"https:\/\/web.molina.cl\/index.php?rest_route=%2Fwp%2Fv2%2Fcomments&post=78150"}],"version-history":[{"count":1,"href":"https:\/\/web.molina.cl\/index.php?rest_route=\/wp\/v2\/posts\/78150\/revisions"}],"predecessor-version":[{"id":78153,"href":"https:\/\/web.molina.cl\/index.php?rest_route=\/wp\/v2\/posts\/78150\/revisions\/78153"}],"wp:featuredmedia":[{"embeddable":true,"href":"https:\/\/web.molina.cl\/index.php?rest_route=\/wp\/v2\/media\/78151"}],"wp:attachment":[{"href":"https:\/\/web.molina.cl\/index.php?rest_route=%2Fwp%2Fv2%2Fmedia&parent=78150"}],"wp:term":[{"taxonomy":"category","embeddable":true,"href":"https:\/\/web.molina.cl\/index.php?rest_route=%2Fwp%2Fv2%2Fcategories&post=78150"},{"taxonomy":"post_tag","embeddable":true,"href":"https:\/\/web.molina.cl\/index.php?rest_route=%2Fwp%2Fv2%2Ftags&post=78150"}],"curies":[{"name":"wp","href":"https:\/\/api.w.org\/{rel}","templated":true}]}}