{"id":77932,"date":"2025-12-12T12:45:03","date_gmt":"2025-12-12T16:45:03","guid":{"rendered":"https:\/\/web.molina.cl\/?p=77932"},"modified":"2025-12-12T12:45:04","modified_gmt":"2025-12-12T16:45:04","slug":"compromiso-cumplido-inauguran-plaza-de-calistenia-en-valles-de-casa-blanca","status":"publish","type":"post","link":"https:\/\/web.molina.cl\/?p=77932","title":{"rendered":"Compromiso cumplido: inauguran Plaza de Calistenia en Valles de Casa Blanca"},"content":{"rendered":"\n<h2 class=\"wp-block-heading\">Los ni\u00f1os y j\u00f3venes comenzaron a darle uso inmediato al espacio p\u00fablico.<\/h2>\n\n\n\n<p>Con una alta participaci\u00f3n de ni\u00f1os y j\u00f3venes, el municipio de Molina inaugur\u00f3 oficialmente la Plaza de Calistenia de Valles de Casa Blanca.<\/p>\n\n\n\n<p>El proyecto reviste un car\u00e1cter especial, dado que fueron los propios adolescentes quienes le solicitaron al jefe comunal, en ese entonces en plena campa\u00f1a electoral, la sentida necesidad de contar con un espacio para recrearse y hacer ejercicios.<\/p>\n\n\n\n<p>Por tal motivo, se realiz\u00f3 un trabajo conjunto con la Secretar\u00eda Regional Ministerial (Seremi) de Salud, permitiendo la adquisici\u00f3n e instalaci\u00f3n de las estructuras a trav\u00e9s del programa Promoci\u00f3n de la Salud.<\/p>\n\n\n\n<p>Son varias las iniciativas que lograron materializarse bajo esta modalidad en la tur\u00edstica comuna, como los juegos modulares para jardines infantiles y el Kiosco de la Convivencia. Sin embargo, \u00e9sta es la primera que va dirigida hacia la poblaci\u00f3n juvenil.<\/p>\n\n\n\n<p>El alcalde de Molina, Felipe M\u00e9ndez, record\u00f3 que \u201cen campa\u00f1a, nos comprometimos a que entregar\u00edamos una plaza de calistenia y que remozar\u00edamos este espacio. Nos quedan obras pendientes que completaremos la pr\u00f3xima semana, pero hoy ya estamos inaugurando gracias a fondos de la Seremi de Salud. Estoy seguro de que la van a cuidar y le dar\u00e1n un gran uso\u201d.<\/p>\n\n\n\n<p>La calistenia consiste en una rutina de ejercicios que contempla el propio peso corporal y la fuerza de gravedad para desarrollar la musculatura del individuo, lo que ha permitido que cada vez m\u00e1s personas se interesen por ella.<\/p>\n\n\n\n<p>El instructor del taller, Patricio Cruz, explic\u00f3 que \u201cel beneficio que trae para la salud es fortalecer la musculatura, al trabajar con su propio peso muscular tiene avances significativos en la salud. Hemos estado trabajando durante el invierno con cerca de 15 personas, pero ahora esperamos buena concurrencia de la comunidad\u201d.<\/p>\n\n\n\n<p>Uno de los participantes es Lucas Contreras, quien comenta que \u201cpart\u00ed hace unos dos a\u00f1os en mi colegio. F\u00edsicamente no era muy activo, pero empec\u00e9 a ver videos de ejercicios simples de calistenia y a hacer flexiones cada d\u00eda, con lo que mi fuerza fue aumentando mucho. Me gusta lo que una persona puede llegar a hacer con su cuerpo, no es necesario estar en un gimnasio, sino solo tener barras\u201d.<\/p>\n\n\n\n<p>Durante la inauguraci\u00f3n, se mostraron muchos ni\u00f1os y j\u00f3venes interesados, como Martina Barra, quien calific\u00f3 al espacio como \u201cmuy bonito, porque no ten\u00edamos cosas para hacer deportes. Invito a todos a que vengan a hacer ejercicio, porque es mucho mejor que estar pegado a una pantalla\u201d.<\/p>\n\n\n\n<figure class=\"wp-block-gallery has-nested-images columns-default is-cropped wp-block-gallery-1 is-layout-flex wp-block-gallery-is-layout-flex\">\n<figure class=\"wp-block-image size-large\"><img loading=\"lazy\" decoding=\"async\" width=\"1024\" height=\"769\" data-id=\"77935\" src=\"https:\/\/web.molina.cl\/wp-content\/uploads\/2025\/12\/Foto-1-5-1024x769.jpg\" alt=\"\" class=\"wp-image-77935\" srcset=\"https:\/\/web.molina.cl\/wp-content\/uploads\/2025\/12\/Foto-1-5-1024x769.jpg 1024w, https:\/\/web.molina.cl\/wp-content\/uploads\/2025\/12\/Foto-1-5-300x225.jpg 300w, https:\/\/web.molina.cl\/wp-content\/uploads\/2025\/12\/Foto-1-5-768x577.jpg 768w, https:\/\/web.molina.cl\/wp-content\/uploads\/2025\/12\/Foto-1-5-1536x1153.jpg 1536w, https:\/\/web.molina.cl\/wp-content\/uploads\/2025\/12\/Foto-1-5-2048x1538.jpg 2048w, https:\/\/web.molina.cl\/wp-content\/uploads\/2025\/12\/Foto-1-5-559x420.jpg 559w, https:\/\/web.molina.cl\/wp-content\/uploads\/2025\/12\/Foto-1-5-80x60.jpg 80w, https:\/\/web.molina.cl\/wp-content\/uploads\/2025\/12\/Foto-1-5-696x523.jpg 696w, https:\/\/web.molina.cl\/wp-content\/uploads\/2025\/12\/Foto-1-5-1068x802.jpg 1068w, https:\/\/web.molina.cl\/wp-content\/uploads\/2025\/12\/Foto-1-5-1920x1441.jpg 1920w, https:\/\/web.molina.cl\/wp-content\/uploads\/2025\/12\/Foto-1-5-265x198.jpg 265w\" sizes=\"(max-width: 1024px) 100vw, 1024px\" \/><\/figure>\n\n\n\n<figure class=\"wp-block-image size-large\"><img loading=\"lazy\" decoding=\"async\" width=\"1024\" height=\"769\" data-id=\"77937\" src=\"https:\/\/web.molina.cl\/wp-content\/uploads\/2025\/12\/Foto-2-4-1024x769.jpg\" alt=\"\" class=\"wp-image-77937\" srcset=\"https:\/\/web.molina.cl\/wp-content\/uploads\/2025\/12\/Foto-2-4-1024x769.jpg 1024w, https:\/\/web.molina.cl\/wp-content\/uploads\/2025\/12\/Foto-2-4-300x225.jpg 300w, https:\/\/web.molina.cl\/wp-content\/uploads\/2025\/12\/Foto-2-4-768x577.jpg 768w, https:\/\/web.molina.cl\/wp-content\/uploads\/2025\/12\/Foto-2-4-1536x1153.jpg 1536w, https:\/\/web.molina.cl\/wp-content\/uploads\/2025\/12\/Foto-2-4-2048x1538.jpg 2048w, https:\/\/web.molina.cl\/wp-content\/uploads\/2025\/12\/Foto-2-4-559x420.jpg 559w, https:\/\/web.molina.cl\/wp-content\/uploads\/2025\/12\/Foto-2-4-80x60.jpg 80w, https:\/\/web.molina.cl\/wp-content\/uploads\/2025\/12\/Foto-2-4-696x523.jpg 696w, https:\/\/web.molina.cl\/wp-content\/uploads\/2025\/12\/Foto-2-4-1068x802.jpg 1068w, https:\/\/web.molina.cl\/wp-content\/uploads\/2025\/12\/Foto-2-4-1920x1441.jpg 1920w, https:\/\/web.molina.cl\/wp-content\/uploads\/2025\/12\/Foto-2-4-265x198.jpg 265w\" sizes=\"(max-width: 1024px) 100vw, 1024px\" \/><\/figure>\n\n\n\n<figure class=\"wp-block-image size-large\"><img loading=\"lazy\" decoding=\"async\" width=\"1024\" height=\"769\" data-id=\"77938\" src=\"https:\/\/web.molina.cl\/wp-content\/uploads\/2025\/12\/Foto-3-3-1024x769.jpg\" alt=\"\" class=\"wp-image-77938\" srcset=\"https:\/\/web.molina.cl\/wp-content\/uploads\/2025\/12\/Foto-3-3-1024x769.jpg 1024w, https:\/\/web.molina.cl\/wp-content\/uploads\/2025\/12\/Foto-3-3-300x225.jpg 300w, https:\/\/web.molina.cl\/wp-content\/uploads\/2025\/12\/Foto-3-3-768x577.jpg 768w, https:\/\/web.molina.cl\/wp-content\/uploads\/2025\/12\/Foto-3-3-1536x1153.jpg 1536w, https:\/\/web.molina.cl\/wp-content\/uploads\/2025\/12\/Foto-3-3-2048x1538.jpg 2048w, https:\/\/web.molina.cl\/wp-content\/uploads\/2025\/12\/Foto-3-3-559x420.jpg 559w, https:\/\/web.molina.cl\/wp-content\/uploads\/2025\/12\/Foto-3-3-80x60.jpg 80w, https:\/\/web.molina.cl\/wp-content\/uploads\/2025\/12\/Foto-3-3-696x523.jpg 696w, https:\/\/web.molina.cl\/wp-content\/uploads\/2025\/12\/Foto-3-3-1068x802.jpg 1068w, https:\/\/web.molina.cl\/wp-content\/uploads\/2025\/12\/Foto-3-3-1920x1441.jpg 1920w, https:\/\/web.molina.cl\/wp-content\/uploads\/2025\/12\/Foto-3-3-265x198.jpg 265w\" sizes=\"(max-width: 1024px) 100vw, 1024px\" \/><\/figure>\n\n\n\n<figure class=\"wp-block-image size-large\"><img loading=\"lazy\" decoding=\"async\" width=\"1024\" height=\"769\" data-id=\"77939\" src=\"https:\/\/web.molina.cl\/wp-content\/uploads\/2025\/12\/Foto-4-1-1024x769.jpg\" alt=\"\" class=\"wp-image-77939\" srcset=\"https:\/\/web.molina.cl\/wp-content\/uploads\/2025\/12\/Foto-4-1-1024x769.jpg 1024w, https:\/\/web.molina.cl\/wp-content\/uploads\/2025\/12\/Foto-4-1-300x225.jpg 300w, https:\/\/web.molina.cl\/wp-content\/uploads\/2025\/12\/Foto-4-1-768x577.jpg 768w, https:\/\/web.molina.cl\/wp-content\/uploads\/2025\/12\/Foto-4-1-1536x1153.jpg 1536w, https:\/\/web.molina.cl\/wp-content\/uploads\/2025\/12\/Foto-4-1-2048x1538.jpg 2048w, https:\/\/web.molina.cl\/wp-content\/uploads\/2025\/12\/Foto-4-1-559x420.jpg 559w, https:\/\/web.molina.cl\/wp-content\/uploads\/2025\/12\/Foto-4-1-80x60.jpg 80w, https:\/\/web.molina.cl\/wp-content\/uploads\/2025\/12\/Foto-4-1-696x523.jpg 696w, https:\/\/web.molina.cl\/wp-content\/uploads\/2025\/12\/Foto-4-1-1068x802.jpg 1068w, https:\/\/web.molina.cl\/wp-content\/uploads\/2025\/12\/Foto-4-1-1920x1441.jpg 1920w, https:\/\/web.molina.cl\/wp-content\/uploads\/2025\/12\/Foto-4-1-265x198.jpg 265w\" sizes=\"(max-width: 1024px) 100vw, 1024px\" \/><\/figure>\n\n\n\n<figure class=\"wp-block-image size-large\"><img loading=\"lazy\" decoding=\"async\" width=\"1024\" height=\"769\" data-id=\"77936\" src=\"https:\/\/web.molina.cl\/wp-content\/uploads\/2025\/12\/Foto-5-1024x769.jpg\" alt=\"\" class=\"wp-image-77936\" srcset=\"https:\/\/web.molina.cl\/wp-content\/uploads\/2025\/12\/Foto-5-1024x769.jpg 1024w, https:\/\/web.molina.cl\/wp-content\/uploads\/2025\/12\/Foto-5-300x225.jpg 300w, https:\/\/web.molina.cl\/wp-content\/uploads\/2025\/12\/Foto-5-768x577.jpg 768w, https:\/\/web.molina.cl\/wp-content\/uploads\/2025\/12\/Foto-5-1536x1153.jpg 1536w, https:\/\/web.molina.cl\/wp-content\/uploads\/2025\/12\/Foto-5-2048x1538.jpg 2048w, https:\/\/web.molina.cl\/wp-content\/uploads\/2025\/12\/Foto-5-559x420.jpg 559w, https:\/\/web.molina.cl\/wp-content\/uploads\/2025\/12\/Foto-5-80x60.jpg 80w, https:\/\/web.molina.cl\/wp-content\/uploads\/2025\/12\/Foto-5-696x523.jpg 696w, https:\/\/web.molina.cl\/wp-content\/uploads\/2025\/12\/Foto-5-1068x802.jpg 1068w, https:\/\/web.molina.cl\/wp-content\/uploads\/2025\/12\/Foto-5-1920x1441.jpg 1920w, https:\/\/web.molina.cl\/wp-content\/uploads\/2025\/12\/Foto-5-265x198.jpg 265w\" sizes=\"(max-width: 1024px) 100vw, 1024px\" \/><\/figure>\n<\/figure>\n","protected":false},"excerpt":{"rendered":"<p>Los ni\u00f1os y j\u00f3venes comenzaron a darle uso inmediato al espacio p\u00fablico. Con una alta participaci\u00f3n de ni\u00f1os y j\u00f3venes, el municipio de Molina inaugur\u00f3 oficialmente la Plaza de Calistenia de Valles de Casa Blanca. El proyecto reviste un car\u00e1cter especial, dado que fueron los propios adolescentes quienes le solicitaron al jefe comunal, en ese [&hellip;]<\/p>\n","protected":false},"author":2,"featured_media":77937,"comment_status":"closed","ping_status":"open","sticky":false,"template":"","format":"standard","meta":{"footnotes":""},"categories":[3324,6,7],"tags":[],"_links":{"self":[{"href":"https:\/\/web.molina.cl\/index.php?rest_route=\/wp\/v2\/posts\/77932"}],"collection":[{"href":"https:\/\/web.molina.cl\/index.php?rest_route=\/wp\/v2\/posts"}],"about":[{"href":"https:\/\/web.molina.cl\/index.php?rest_route=\/wp\/v2\/types\/post"}],"author":[{"embeddable":true,"href":"https:\/\/web.molina.cl\/index.php?rest_route=\/wp\/v2\/users\/2"}],"replies":[{"embeddable":true,"href":"https:\/\/web.molina.cl\/index.php?rest_route=%2Fwp%2Fv2%2Fcomments&post=77932"}],"version-history":[{"count":1,"href":"https:\/\/web.molina.cl\/index.php?rest_route=\/wp\/v2\/posts\/77932\/revisions"}],"predecessor-version":[{"id":77940,"href":"https:\/\/web.molina.cl\/index.php?rest_route=\/wp\/v2\/posts\/77932\/revisions\/77940"}],"wp:featuredmedia":[{"embeddable":true,"href":"https:\/\/web.molina.cl\/index.php?rest_route=\/wp\/v2\/media\/77937"}],"wp:attachment":[{"href":"https:\/\/web.molina.cl\/index.php?rest_route=%2Fwp%2Fv2%2Fmedia&parent=77932"}],"wp:term":[{"taxonomy":"category","embeddable":true,"href":"https:\/\/web.molina.cl\/index.php?rest_route=%2Fwp%2Fv2%2Fcategories&post=77932"},{"taxonomy":"post_tag","embeddable":true,"href":"https:\/\/web.molina.cl\/index.php?rest_route=%2Fwp%2Fv2%2Ftags&post=77932"}],"curies":[{"name":"wp","href":"https:\/\/api.w.org\/{rel}","templated":true}]}}