{"id":77927,"date":"2025-12-12T12:25:16","date_gmt":"2025-12-12T16:25:16","guid":{"rendered":"https:\/\/web.molina.cl\/?p=77927"},"modified":"2025-12-12T12:25:16","modified_gmt":"2025-12-12T16:25:16","slug":"terminan-obras-de-mejoramiento-por-mas-de-700-millones-de-pesos-en-dos-escuelas-de-molina","status":"publish","type":"post","link":"https:\/\/web.molina.cl\/?p=77927","title":{"rendered":"Terminan obras de mejoramiento por m\u00e1s de 700 millones de pesos en dos escuelas de Molina"},"content":{"rendered":"\n<h2 class=\"wp-block-heading\">Los proyectos de conservaci\u00f3n permitieron renovar la infraestructura tanto en interiores como en exteriores de cada establecimiento.<\/h2>\n\n\n\n<p>M\u00e1s de 700 millones de pesos de inversi\u00f3n terminaron de ejecutarse en Molina, gracias a los proyectos de conservaci\u00f3n en dos establecimientos educacionales con financiamiento del Ministerio de Educaci\u00f3n (Mineduc).<\/p>\n\n\n\n<p>Se trata de la Escuela San Pedro, recinto en el que se invirtieron 472 millones de pesos para un mejoramiento completo que contempl\u00f3 reparaci\u00f3n de techumbres, reposici\u00f3n de ventanas y puertas, reparaci\u00f3n de servicios higi\u00e9nicos y aislaci\u00f3n h\u00eddrica.<\/p>\n\n\n\n<p>Por su parte, la Escuela Diferencial Esperanza cont\u00f3 con un monto de 273 millones de pesos, lo que sirvi\u00f3 para la conservaci\u00f3n de los servicios higi\u00e9nicos, mejoramiento de patios y multi-cancha, normalizaci\u00f3n el\u00e9ctrica y arreglo de las bajadas del sistema de evacuaci\u00f3n de aguas lluvias.<\/p>\n\n\n\n<p>El alcalde molinense, Felipe M\u00e9ndez, encabez\u00f3 las emotivas ceremonias con las que se dio por terminada cada faena y en las que cada comunidad educativa agradeci\u00f3 los beneficios de esta potente inversi\u00f3n mediante actos c\u00edvicos y culturales inclusivos.<\/p>\n\n\n\n<p>Precisamente, la Directora de la Escuela Diferencial Esperanza, Mar\u00eda Ang\u00e9lica Silva, reconoci\u00f3 que \u201cten\u00edamos problemas de piso, puertas, ventanas, goteras en el techo e incluso se resbalaban los ni\u00f1os. Pero ahora, nada de eso, ya que tenemos ventanas termopaneles maravillosas que a\u00edslan el ruido, mejoran el clima adentro y entregan confortabilidad. Adem\u00e1s, las paredes est\u00e1n pintadas, piso qued\u00f3 brillante y moderno; mientras que las puertas cuentan con todo lo que nos exige el Ministerio y la c\u00fapula est\u00e1 preciosa\u201d.<\/p>\n\n\n\n<p>Por su parte, la Seremi de Gobierno, Luc\u00eda Bozo, se\u00f1al\u00f3 que \u201cpara nosotros, como Gobierno, nos llena de orgullo haber culminado dos grandes hitos que son financiados por el Mineduc y que buscan mejorar las condiciones estructurales para que los estudiantes puedan seguir desarroll\u00e1ndose acad\u00e9micamente\u201d.<\/p>\n\n\n\n<figure class=\"wp-block-gallery has-nested-images columns-default is-cropped wp-block-gallery-1 is-layout-flex wp-block-gallery-is-layout-flex\">\n<figure class=\"wp-block-image size-large\"><img loading=\"lazy\" decoding=\"async\" width=\"1024\" height=\"768\" data-id=\"77928\" src=\"https:\/\/web.molina.cl\/wp-content\/uploads\/2025\/12\/Foto-1-2-1024x768.jpeg\" alt=\"\" class=\"wp-image-77928\" srcset=\"https:\/\/web.molina.cl\/wp-content\/uploads\/2025\/12\/Foto-1-2-1024x768.jpeg 1024w, https:\/\/web.molina.cl\/wp-content\/uploads\/2025\/12\/Foto-1-2-300x225.jpeg 300w, https:\/\/web.molina.cl\/wp-content\/uploads\/2025\/12\/Foto-1-2-768x576.jpeg 768w, https:\/\/web.molina.cl\/wp-content\/uploads\/2025\/12\/Foto-1-2-560x420.jpeg 560w, https:\/\/web.molina.cl\/wp-content\/uploads\/2025\/12\/Foto-1-2-80x60.jpeg 80w, https:\/\/web.molina.cl\/wp-content\/uploads\/2025\/12\/Foto-1-2-696x522.jpeg 696w, https:\/\/web.molina.cl\/wp-content\/uploads\/2025\/12\/Foto-1-2-1068x801.jpeg 1068w, https:\/\/web.molina.cl\/wp-content\/uploads\/2025\/12\/Foto-1-2-265x198.jpeg 265w, https:\/\/web.molina.cl\/wp-content\/uploads\/2025\/12\/Foto-1-2.jpeg 1440w\" sizes=\"(max-width: 1024px) 100vw, 1024px\" \/><\/figure>\n\n\n\n<figure class=\"wp-block-image size-large\"><img loading=\"lazy\" decoding=\"async\" width=\"1024\" height=\"768\" data-id=\"77930\" src=\"https:\/\/web.molina.cl\/wp-content\/uploads\/2025\/12\/Foto-2-2-1024x768.jpeg\" alt=\"\" class=\"wp-image-77930\" srcset=\"https:\/\/web.molina.cl\/wp-content\/uploads\/2025\/12\/Foto-2-2-1024x768.jpeg 1024w, https:\/\/web.molina.cl\/wp-content\/uploads\/2025\/12\/Foto-2-2-300x225.jpeg 300w, https:\/\/web.molina.cl\/wp-content\/uploads\/2025\/12\/Foto-2-2-768x576.jpeg 768w, https:\/\/web.molina.cl\/wp-content\/uploads\/2025\/12\/Foto-2-2-560x420.jpeg 560w, https:\/\/web.molina.cl\/wp-content\/uploads\/2025\/12\/Foto-2-2-80x60.jpeg 80w, https:\/\/web.molina.cl\/wp-content\/uploads\/2025\/12\/Foto-2-2-696x522.jpeg 696w, https:\/\/web.molina.cl\/wp-content\/uploads\/2025\/12\/Foto-2-2-1068x801.jpeg 1068w, https:\/\/web.molina.cl\/wp-content\/uploads\/2025\/12\/Foto-2-2-265x198.jpeg 265w, https:\/\/web.molina.cl\/wp-content\/uploads\/2025\/12\/Foto-2-2.jpeg 1440w\" sizes=\"(max-width: 1024px) 100vw, 1024px\" \/><\/figure>\n\n\n\n<figure class=\"wp-block-image size-large\"><img loading=\"lazy\" decoding=\"async\" width=\"1024\" height=\"768\" data-id=\"77929\" src=\"https:\/\/web.molina.cl\/wp-content\/uploads\/2025\/12\/Foto-3-2-1024x768.jpeg\" alt=\"\" class=\"wp-image-77929\" srcset=\"https:\/\/web.molina.cl\/wp-content\/uploads\/2025\/12\/Foto-3-2-1024x768.jpeg 1024w, https:\/\/web.molina.cl\/wp-content\/uploads\/2025\/12\/Foto-3-2-300x225.jpeg 300w, https:\/\/web.molina.cl\/wp-content\/uploads\/2025\/12\/Foto-3-2-768x576.jpeg 768w, https:\/\/web.molina.cl\/wp-content\/uploads\/2025\/12\/Foto-3-2-560x420.jpeg 560w, https:\/\/web.molina.cl\/wp-content\/uploads\/2025\/12\/Foto-3-2-80x60.jpeg 80w, https:\/\/web.molina.cl\/wp-content\/uploads\/2025\/12\/Foto-3-2-696x522.jpeg 696w, https:\/\/web.molina.cl\/wp-content\/uploads\/2025\/12\/Foto-3-2-1068x801.jpeg 1068w, https:\/\/web.molina.cl\/wp-content\/uploads\/2025\/12\/Foto-3-2-265x198.jpeg 265w, https:\/\/web.molina.cl\/wp-content\/uploads\/2025\/12\/Foto-3-2.jpeg 1440w\" sizes=\"(max-width: 1024px) 100vw, 1024px\" \/><\/figure>\n<\/figure>\n","protected":false},"excerpt":{"rendered":"<p>Los proyectos de conservaci\u00f3n permitieron renovar la infraestructura tanto en interiores como en exteriores de cada establecimiento. M\u00e1s de 700 millones de pesos de inversi\u00f3n terminaron de ejecutarse en Molina, gracias a los proyectos de conservaci\u00f3n en dos establecimientos educacionales con financiamiento del Ministerio de Educaci\u00f3n (Mineduc). Se trata de la Escuela San Pedro, recinto [&hellip;]<\/p>\n","protected":false},"author":2,"featured_media":77930,"comment_status":"closed","ping_status":"open","sticky":false,"template":"","format":"standard","meta":{"footnotes":""},"categories":[5],"tags":[],"_links":{"self":[{"href":"https:\/\/web.molina.cl\/index.php?rest_route=\/wp\/v2\/posts\/77927"}],"collection":[{"href":"https:\/\/web.molina.cl\/index.php?rest_route=\/wp\/v2\/posts"}],"about":[{"href":"https:\/\/web.molina.cl\/index.php?rest_route=\/wp\/v2\/types\/post"}],"author":[{"embeddable":true,"href":"https:\/\/web.molina.cl\/index.php?rest_route=\/wp\/v2\/users\/2"}],"replies":[{"embeddable":true,"href":"https:\/\/web.molina.cl\/index.php?rest_route=%2Fwp%2Fv2%2Fcomments&post=77927"}],"version-history":[{"count":1,"href":"https:\/\/web.molina.cl\/index.php?rest_route=\/wp\/v2\/posts\/77927\/revisions"}],"predecessor-version":[{"id":77931,"href":"https:\/\/web.molina.cl\/index.php?rest_route=\/wp\/v2\/posts\/77927\/revisions\/77931"}],"wp:featuredmedia":[{"embeddable":true,"href":"https:\/\/web.molina.cl\/index.php?rest_route=\/wp\/v2\/media\/77930"}],"wp:attachment":[{"href":"https:\/\/web.molina.cl\/index.php?rest_route=%2Fwp%2Fv2%2Fmedia&parent=77927"}],"wp:term":[{"taxonomy":"category","embeddable":true,"href":"https:\/\/web.molina.cl\/index.php?rest_route=%2Fwp%2Fv2%2Fcategories&post=77927"},{"taxonomy":"post_tag","embeddable":true,"href":"https:\/\/web.molina.cl\/index.php?rest_route=%2Fwp%2Fv2%2Ftags&post=77927"}],"curies":[{"name":"wp","href":"https:\/\/api.w.org\/{rel}","templated":true}]}}