{"id":77468,"date":"2025-11-25T07:36:54","date_gmt":"2025-11-25T11:36:54","guid":{"rendered":"https:\/\/web.molina.cl\/?p=77468"},"modified":"2025-11-25T07:36:55","modified_gmt":"2025-11-25T11:36:55","slug":"molina-sigue-creciendo-en-vivienda-entregan-214-casas-del-complejo-parque-del-sol","status":"publish","type":"post","link":"https:\/\/web.molina.cl\/?p=77468","title":{"rendered":"Molina sigue creciendo en Vivienda: entregan 214 casas del complejo Parque del Sol"},"content":{"rendered":"\n<h2 class=\"wp-block-heading\">Luego de intensas gestiones municipales ante diversos organismos, se inaugur\u00f3 el conjunto habitacional financiado por el Serviu.<\/h2>\n\n\n\n<p>Ante la presencia de las m\u00e1s altas autoridades regionales, los ahora propietarios del proyecto habitacional Parque del Sol recibieron sus casas en Molina.<\/p>\n\n\n\n<p>Se trata del Grupo 214, formado por dicha cantidad de familias, quienes obtuvieron subsidio del Servicio de Vivienda y Urbanismo (Serviu) correspondiente al DS N\u00b049, por lo que no pagar\u00e1n dividendo al adquirir sus hogares.<\/p>\n\n\n\n<p>Para llegar al esperado momento, el propio alcalde Felipe M\u00e9ndez debi\u00f3 realizar gestiones desde el municipio ante organismos como la Direcci\u00f3n General de Aguas (DGA), la Direcci\u00f3n de Vialidad, el Seremi de Obras P\u00fablicas y la propia empresa constructora.<\/p>\n\n\n\n<p>\u201cEl ver que ahora ser\u00e1n due\u00f1os de un pedacito de Chile, vaya que es significativo, porque ya no ser\u00e1n m\u00e1s allegados. Me siento orgulloso, como alcalde, porque Molina es la comuna con m\u00e1s proyectos habitacionales en la Provincia de Curic\u00f3; mientras que en la Regi\u00f3n s\u00f3lo nos gana Talca por la magnitud de la ciudad. Ya tenemos, dentro del banco de proyectos de Serviu, a 787 nuevas viviendas, as\u00ed que esperamos atentos los nuevos llamados para darle soluci\u00f3n habitacional a m\u00e1s familias de la comuna\u201d dijo el jefe comunal.<\/p>\n\n\n\n<p>Adem\u00e1s, la m\u00e1xima autoridad local afirm\u00f3 que \u201cesperamos, en un par de semanas m\u00e1s, entregar las 397 viviendas restantes para las dem\u00e1s familias de este conjunto habitacional\u201d.<\/p>\n\n\n\n<p>Por su parte, la presidenta del comit\u00e9, Kayna P\u00e9rez, reconoci\u00f3 haber sentido, al momento de recibir las llaves de su casa, \u201cmucha emoci\u00f3n y alegr\u00eda al ver que el trabajo realizado dio frutos. Ver la felicidad de mi hija es lo m\u00e1s grande y de la gente que agradece el esfuerzo que hicimos. Fue un largo camino, arduo, de estar hasta tarde trabajando; pero dio sus frutos\u201d.<\/p>\n\n\n\n<p>Entre las autoridades presentes, concurri\u00f3 el Delegado Presidencial Regional, Humberto Aqueveque; el Seremi de Vivienda, Pablo Campos, la Seremi de Gobierno, Luc\u00eda Bozo; y el Gobernador Regional, Pedro \u00c1lvarez-Salamanca.<\/p>\n\n\n\n<p>Este \u00faltimo tuvo especiales palabras para \u201cagradecer a todos los que hicieron posible esta entrega: al Ministerio de Vivienda, el alcalde y dem\u00e1s autoridades. La vivienda es un derecho y en las 30 comunas de la Regi\u00f3n del Maule todav\u00eda tenemos un d\u00e9ficit habitacional, as\u00ed que de a poco tenemos que ir aunando fuerzas para sacar adelante a la zona\u201d.<\/p>\n\n\n\n<figure class=\"wp-block-gallery has-nested-images columns-default is-cropped wp-block-gallery-1 is-layout-flex wp-block-gallery-is-layout-flex\">\n<figure class=\"wp-block-image size-large\"><img loading=\"lazy\" decoding=\"async\" width=\"1024\" height=\"769\" data-id=\"77473\" src=\"https:\/\/web.molina.cl\/wp-content\/uploads\/2025\/11\/Foto-1-3-1024x769.jpg\" alt=\"\" class=\"wp-image-77473\" srcset=\"https:\/\/web.molina.cl\/wp-content\/uploads\/2025\/11\/Foto-1-3-1024x769.jpg 1024w, https:\/\/web.molina.cl\/wp-content\/uploads\/2025\/11\/Foto-1-3-300x225.jpg 300w, https:\/\/web.molina.cl\/wp-content\/uploads\/2025\/11\/Foto-1-3-768x577.jpg 768w, https:\/\/web.molina.cl\/wp-content\/uploads\/2025\/11\/Foto-1-3-1536x1153.jpg 1536w, https:\/\/web.molina.cl\/wp-content\/uploads\/2025\/11\/Foto-1-3-2048x1538.jpg 2048w, https:\/\/web.molina.cl\/wp-content\/uploads\/2025\/11\/Foto-1-3-559x420.jpg 559w, https:\/\/web.molina.cl\/wp-content\/uploads\/2025\/11\/Foto-1-3-80x60.jpg 80w, https:\/\/web.molina.cl\/wp-content\/uploads\/2025\/11\/Foto-1-3-696x523.jpg 696w, https:\/\/web.molina.cl\/wp-content\/uploads\/2025\/11\/Foto-1-3-1068x802.jpg 1068w, https:\/\/web.molina.cl\/wp-content\/uploads\/2025\/11\/Foto-1-3-1920x1441.jpg 1920w, https:\/\/web.molina.cl\/wp-content\/uploads\/2025\/11\/Foto-1-3-265x198.jpg 265w\" sizes=\"(max-width: 1024px) 100vw, 1024px\" \/><\/figure>\n\n\n\n<figure class=\"wp-block-image size-large\"><img loading=\"lazy\" decoding=\"async\" width=\"1024\" height=\"769\" data-id=\"77470\" src=\"https:\/\/web.molina.cl\/wp-content\/uploads\/2025\/11\/Foto-2-4-1024x769.jpg\" alt=\"\" class=\"wp-image-77470\" srcset=\"https:\/\/web.molina.cl\/wp-content\/uploads\/2025\/11\/Foto-2-4-1024x769.jpg 1024w, https:\/\/web.molina.cl\/wp-content\/uploads\/2025\/11\/Foto-2-4-300x225.jpg 300w, https:\/\/web.molina.cl\/wp-content\/uploads\/2025\/11\/Foto-2-4-768x577.jpg 768w, https:\/\/web.molina.cl\/wp-content\/uploads\/2025\/11\/Foto-2-4-1536x1153.jpg 1536w, https:\/\/web.molina.cl\/wp-content\/uploads\/2025\/11\/Foto-2-4-2048x1538.jpg 2048w, https:\/\/web.molina.cl\/wp-content\/uploads\/2025\/11\/Foto-2-4-559x420.jpg 559w, https:\/\/web.molina.cl\/wp-content\/uploads\/2025\/11\/Foto-2-4-80x60.jpg 80w, https:\/\/web.molina.cl\/wp-content\/uploads\/2025\/11\/Foto-2-4-696x523.jpg 696w, https:\/\/web.molina.cl\/wp-content\/uploads\/2025\/11\/Foto-2-4-1068x802.jpg 1068w, https:\/\/web.molina.cl\/wp-content\/uploads\/2025\/11\/Foto-2-4-1920x1441.jpg 1920w, https:\/\/web.molina.cl\/wp-content\/uploads\/2025\/11\/Foto-2-4-265x198.jpg 265w\" sizes=\"(max-width: 1024px) 100vw, 1024px\" \/><\/figure>\n\n\n\n<figure class=\"wp-block-image size-large\"><img loading=\"lazy\" decoding=\"async\" width=\"1024\" height=\"769\" data-id=\"77469\" src=\"https:\/\/web.molina.cl\/wp-content\/uploads\/2025\/11\/Foto-3-2-1024x769.jpg\" alt=\"\" class=\"wp-image-77469\" srcset=\"https:\/\/web.molina.cl\/wp-content\/uploads\/2025\/11\/Foto-3-2-1024x769.jpg 1024w, https:\/\/web.molina.cl\/wp-content\/uploads\/2025\/11\/Foto-3-2-300x225.jpg 300w, https:\/\/web.molina.cl\/wp-content\/uploads\/2025\/11\/Foto-3-2-768x577.jpg 768w, https:\/\/web.molina.cl\/wp-content\/uploads\/2025\/11\/Foto-3-2-1536x1153.jpg 1536w, https:\/\/web.molina.cl\/wp-content\/uploads\/2025\/11\/Foto-3-2-2048x1538.jpg 2048w, https:\/\/web.molina.cl\/wp-content\/uploads\/2025\/11\/Foto-3-2-559x420.jpg 559w, https:\/\/web.molina.cl\/wp-content\/uploads\/2025\/11\/Foto-3-2-80x60.jpg 80w, https:\/\/web.molina.cl\/wp-content\/uploads\/2025\/11\/Foto-3-2-696x523.jpg 696w, https:\/\/web.molina.cl\/wp-content\/uploads\/2025\/11\/Foto-3-2-1068x802.jpg 1068w, https:\/\/web.molina.cl\/wp-content\/uploads\/2025\/11\/Foto-3-2-1920x1441.jpg 1920w, https:\/\/web.molina.cl\/wp-content\/uploads\/2025\/11\/Foto-3-2-265x198.jpg 265w\" sizes=\"(max-width: 1024px) 100vw, 1024px\" \/><\/figure>\n\n\n\n<figure class=\"wp-block-image size-large\"><img loading=\"lazy\" decoding=\"async\" width=\"1024\" height=\"769\" data-id=\"77472\" src=\"https:\/\/web.molina.cl\/wp-content\/uploads\/2025\/11\/IMG_0621-1024x769.jpg\" alt=\"\" class=\"wp-image-77472\" srcset=\"https:\/\/web.molina.cl\/wp-content\/uploads\/2025\/11\/IMG_0621-1024x769.jpg 1024w, https:\/\/web.molina.cl\/wp-content\/uploads\/2025\/11\/IMG_0621-300x225.jpg 300w, https:\/\/web.molina.cl\/wp-content\/uploads\/2025\/11\/IMG_0621-768x577.jpg 768w, https:\/\/web.molina.cl\/wp-content\/uploads\/2025\/11\/IMG_0621-1536x1153.jpg 1536w, https:\/\/web.molina.cl\/wp-content\/uploads\/2025\/11\/IMG_0621-2048x1538.jpg 2048w, https:\/\/web.molina.cl\/wp-content\/uploads\/2025\/11\/IMG_0621-559x420.jpg 559w, https:\/\/web.molina.cl\/wp-content\/uploads\/2025\/11\/IMG_0621-80x60.jpg 80w, https:\/\/web.molina.cl\/wp-content\/uploads\/2025\/11\/IMG_0621-696x523.jpg 696w, https:\/\/web.molina.cl\/wp-content\/uploads\/2025\/11\/IMG_0621-1068x802.jpg 1068w, https:\/\/web.molina.cl\/wp-content\/uploads\/2025\/11\/IMG_0621-1920x1441.jpg 1920w, https:\/\/web.molina.cl\/wp-content\/uploads\/2025\/11\/IMG_0621-265x198.jpg 265w\" sizes=\"(max-width: 1024px) 100vw, 1024px\" \/><\/figure>\n<\/figure>\n","protected":false},"excerpt":{"rendered":"<p>Luego de intensas gestiones municipales ante diversos organismos, se inaugur\u00f3 el conjunto habitacional financiado por el Serviu. Ante la presencia de las m\u00e1s altas autoridades regionales, los ahora propietarios del proyecto habitacional Parque del Sol recibieron sus casas en Molina. Se trata del Grupo 214, formado por dicha cantidad de familias, quienes obtuvieron subsidio del [&hellip;]<\/p>\n","protected":false},"author":2,"featured_media":77473,"comment_status":"closed","ping_status":"open","sticky":false,"template":"","format":"standard","meta":{"footnotes":""},"categories":[9],"tags":[],"_links":{"self":[{"href":"https:\/\/web.molina.cl\/index.php?rest_route=\/wp\/v2\/posts\/77468"}],"collection":[{"href":"https:\/\/web.molina.cl\/index.php?rest_route=\/wp\/v2\/posts"}],"about":[{"href":"https:\/\/web.molina.cl\/index.php?rest_route=\/wp\/v2\/types\/post"}],"author":[{"embeddable":true,"href":"https:\/\/web.molina.cl\/index.php?rest_route=\/wp\/v2\/users\/2"}],"replies":[{"embeddable":true,"href":"https:\/\/web.molina.cl\/index.php?rest_route=%2Fwp%2Fv2%2Fcomments&post=77468"}],"version-history":[{"count":1,"href":"https:\/\/web.molina.cl\/index.php?rest_route=\/wp\/v2\/posts\/77468\/revisions"}],"predecessor-version":[{"id":77474,"href":"https:\/\/web.molina.cl\/index.php?rest_route=\/wp\/v2\/posts\/77468\/revisions\/77474"}],"wp:featuredmedia":[{"embeddable":true,"href":"https:\/\/web.molina.cl\/index.php?rest_route=\/wp\/v2\/media\/77473"}],"wp:attachment":[{"href":"https:\/\/web.molina.cl\/index.php?rest_route=%2Fwp%2Fv2%2Fmedia&parent=77468"}],"wp:term":[{"taxonomy":"category","embeddable":true,"href":"https:\/\/web.molina.cl\/index.php?rest_route=%2Fwp%2Fv2%2Fcategories&post=77468"},{"taxonomy":"post_tag","embeddable":true,"href":"https:\/\/web.molina.cl\/index.php?rest_route=%2Fwp%2Fv2%2Ftags&post=77468"}],"curies":[{"name":"wp","href":"https:\/\/api.w.org\/{rel}","templated":true}]}}