{"id":77460,"date":"2025-11-25T07:33:17","date_gmt":"2025-11-25T11:33:17","guid":{"rendered":"https:\/\/web.molina.cl\/?p=77460"},"modified":"2025-11-25T07:33:18","modified_gmt":"2025-11-25T11:33:18","slug":"mas-de-30-jardines-infantiles-dieron-vida-al-desfile-de-parvulos-en-molina","status":"publish","type":"post","link":"https:\/\/web.molina.cl\/?p=77460","title":{"rendered":"M\u00e1s de 30 jardines infantiles dieron vida al Desfile de P\u00e1rvulos en Molina"},"content":{"rendered":"\n<h2 class=\"wp-block-heading\">Se trat\u00f3 de la primera actividad con motivo del 191\u00b0 Aniversario de la tur\u00edstica comuna.<\/h2>\n\n\n\n<p>Llenando las calles de la ciudad con colores, disfraces y sonrisas, Molina dio la bienvenida a las actividades de conmemoraci\u00f3n de su 191\u00b0 Aniversario con el Desfile de P\u00e1rvulos 2025.<\/p>\n\n\n\n<p>Marchando alegres por la c\u00e9ntrica calle Yerbas Buenas, los pre-escolares se lucieron ante la atenta mirada de autoridades y transe\u00fantes, quienes llenaron la plaza para presenciar el tradicional evento.<\/p>\n\n\n\n<p>En esta oportunidad, fueron 33 las instituciones que se dieron cita, contemplando a escuelas p\u00fablicas, colegios particulares subvencionados, Jardines Infantiles V\u00eda Transferencia de Fondos (VTF), JUNJI e Integra, incluyendo tambi\u00e9n a una escuela de lenguaje.<\/p>\n\n\n\n<p>La algarab\u00eda se hizo sentir por cerca de una hora, con las familias aprovechando la instancia de tomar fotograf\u00edas del paso de los menores por el frontis del municipio.<\/p>\n\n\n\n<p>Encabezando el acto c\u00edvico, el alcalde de Molina, Felipe M\u00e9ndez, se\u00f1al\u00f3 que \u201cvivimos un hermoso desfile, enmarcado dentro de las celebraciones de nuestros 191 a\u00f1os como comuna y donde tambi\u00e9n celebramos a todas nuestras educadoras de p\u00e1rvulos y t\u00e9cnicos en su d\u00eda\u201d.<\/p>\n\n\n\n<p>El jefe edilicio evalu\u00f3 positivamente tambi\u00e9n la convocatoria, aseverando que \u201cparticiparon todos los tipos de jardines infantiles de la comuna, as\u00ed que fue un gran desfile, por lo que seguiremos con muchas m\u00e1s actividades\u201d.<\/p>\n\n\n\n<figure class=\"wp-block-gallery has-nested-images columns-default is-cropped wp-block-gallery-1 is-layout-flex wp-block-gallery-is-layout-flex\">\n<figure class=\"wp-block-image size-large\"><img loading=\"lazy\" decoding=\"async\" width=\"1024\" height=\"682\" data-id=\"77461\" src=\"https:\/\/web.molina.cl\/wp-content\/uploads\/2025\/11\/Foto-1-2-1024x682.jpeg\" alt=\"\" class=\"wp-image-77461\" srcset=\"https:\/\/web.molina.cl\/wp-content\/uploads\/2025\/11\/Foto-1-2-1024x682.jpeg 1024w, https:\/\/web.molina.cl\/wp-content\/uploads\/2025\/11\/Foto-1-2-300x200.jpeg 300w, https:\/\/web.molina.cl\/wp-content\/uploads\/2025\/11\/Foto-1-2-768x512.jpeg 768w, https:\/\/web.molina.cl\/wp-content\/uploads\/2025\/11\/Foto-1-2-1536x1023.jpeg 1536w, https:\/\/web.molina.cl\/wp-content\/uploads\/2025\/11\/Foto-1-2-630x420.jpeg 630w, https:\/\/web.molina.cl\/wp-content\/uploads\/2025\/11\/Foto-1-2-696x464.jpeg 696w, https:\/\/web.molina.cl\/wp-content\/uploads\/2025\/11\/Foto-1-2-1068x712.jpeg 1068w, https:\/\/web.molina.cl\/wp-content\/uploads\/2025\/11\/Foto-1-2.jpeg 1600w\" sizes=\"(max-width: 1024px) 100vw, 1024px\" \/><\/figure>\n\n\n\n<figure class=\"wp-block-image size-large\"><img loading=\"lazy\" decoding=\"async\" width=\"1024\" height=\"682\" data-id=\"77464\" src=\"https:\/\/web.molina.cl\/wp-content\/uploads\/2025\/11\/Foto-2-2-1024x682.jpeg\" alt=\"\" class=\"wp-image-77464\" srcset=\"https:\/\/web.molina.cl\/wp-content\/uploads\/2025\/11\/Foto-2-2-1024x682.jpeg 1024w, https:\/\/web.molina.cl\/wp-content\/uploads\/2025\/11\/Foto-2-2-300x200.jpeg 300w, https:\/\/web.molina.cl\/wp-content\/uploads\/2025\/11\/Foto-2-2-768x512.jpeg 768w, https:\/\/web.molina.cl\/wp-content\/uploads\/2025\/11\/Foto-2-2-1536x1023.jpeg 1536w, https:\/\/web.molina.cl\/wp-content\/uploads\/2025\/11\/Foto-2-2-630x420.jpeg 630w, https:\/\/web.molina.cl\/wp-content\/uploads\/2025\/11\/Foto-2-2-696x464.jpeg 696w, https:\/\/web.molina.cl\/wp-content\/uploads\/2025\/11\/Foto-2-2-1068x712.jpeg 1068w, https:\/\/web.molina.cl\/wp-content\/uploads\/2025\/11\/Foto-2-2.jpeg 1600w\" sizes=\"(max-width: 1024px) 100vw, 1024px\" \/><\/figure>\n\n\n\n<figure class=\"wp-block-image size-large\"><img loading=\"lazy\" decoding=\"async\" width=\"1024\" height=\"682\" data-id=\"77466\" src=\"https:\/\/web.molina.cl\/wp-content\/uploads\/2025\/11\/Foto-3-1024x682.jpeg\" alt=\"\" class=\"wp-image-77466\" srcset=\"https:\/\/web.molina.cl\/wp-content\/uploads\/2025\/11\/Foto-3-1024x682.jpeg 1024w, https:\/\/web.molina.cl\/wp-content\/uploads\/2025\/11\/Foto-3-300x200.jpeg 300w, https:\/\/web.molina.cl\/wp-content\/uploads\/2025\/11\/Foto-3-768x512.jpeg 768w, https:\/\/web.molina.cl\/wp-content\/uploads\/2025\/11\/Foto-3-1536x1023.jpeg 1536w, https:\/\/web.molina.cl\/wp-content\/uploads\/2025\/11\/Foto-3-630x420.jpeg 630w, https:\/\/web.molina.cl\/wp-content\/uploads\/2025\/11\/Foto-3-696x464.jpeg 696w, https:\/\/web.molina.cl\/wp-content\/uploads\/2025\/11\/Foto-3-1068x712.jpeg 1068w, https:\/\/web.molina.cl\/wp-content\/uploads\/2025\/11\/Foto-3.jpeg 1600w\" sizes=\"(max-width: 1024px) 100vw, 1024px\" \/><\/figure>\n\n\n\n<figure class=\"wp-block-image size-large\"><img loading=\"lazy\" decoding=\"async\" width=\"1024\" height=\"682\" data-id=\"77462\" src=\"https:\/\/web.molina.cl\/wp-content\/uploads\/2025\/11\/WhatsApp-Image-2025-11-19-at-11.49.57-1024x682.jpeg\" alt=\"\" class=\"wp-image-77462\" srcset=\"https:\/\/web.molina.cl\/wp-content\/uploads\/2025\/11\/WhatsApp-Image-2025-11-19-at-11.49.57-1024x682.jpeg 1024w, https:\/\/web.molina.cl\/wp-content\/uploads\/2025\/11\/WhatsApp-Image-2025-11-19-at-11.49.57-300x200.jpeg 300w, https:\/\/web.molina.cl\/wp-content\/uploads\/2025\/11\/WhatsApp-Image-2025-11-19-at-11.49.57-768x512.jpeg 768w, https:\/\/web.molina.cl\/wp-content\/uploads\/2025\/11\/WhatsApp-Image-2025-11-19-at-11.49.57-1536x1023.jpeg 1536w, https:\/\/web.molina.cl\/wp-content\/uploads\/2025\/11\/WhatsApp-Image-2025-11-19-at-11.49.57-630x420.jpeg 630w, https:\/\/web.molina.cl\/wp-content\/uploads\/2025\/11\/WhatsApp-Image-2025-11-19-at-11.49.57-696x464.jpeg 696w, https:\/\/web.molina.cl\/wp-content\/uploads\/2025\/11\/WhatsApp-Image-2025-11-19-at-11.49.57-1068x712.jpeg 1068w, https:\/\/web.molina.cl\/wp-content\/uploads\/2025\/11\/WhatsApp-Image-2025-11-19-at-11.49.57.jpeg 1600w\" sizes=\"(max-width: 1024px) 100vw, 1024px\" \/><\/figure>\n\n\n\n<figure class=\"wp-block-image size-large\"><img loading=\"lazy\" decoding=\"async\" width=\"1024\" height=\"682\" data-id=\"77463\" src=\"https:\/\/web.molina.cl\/wp-content\/uploads\/2025\/11\/WhatsApp-Image-2025-11-19-at-11.50.01-1024x682.jpeg\" alt=\"\" class=\"wp-image-77463\" srcset=\"https:\/\/web.molina.cl\/wp-content\/uploads\/2025\/11\/WhatsApp-Image-2025-11-19-at-11.50.01-1024x682.jpeg 1024w, https:\/\/web.molina.cl\/wp-content\/uploads\/2025\/11\/WhatsApp-Image-2025-11-19-at-11.50.01-300x200.jpeg 300w, https:\/\/web.molina.cl\/wp-content\/uploads\/2025\/11\/WhatsApp-Image-2025-11-19-at-11.50.01-768x512.jpeg 768w, https:\/\/web.molina.cl\/wp-content\/uploads\/2025\/11\/WhatsApp-Image-2025-11-19-at-11.50.01-1536x1023.jpeg 1536w, https:\/\/web.molina.cl\/wp-content\/uploads\/2025\/11\/WhatsApp-Image-2025-11-19-at-11.50.01-630x420.jpeg 630w, https:\/\/web.molina.cl\/wp-content\/uploads\/2025\/11\/WhatsApp-Image-2025-11-19-at-11.50.01-696x464.jpeg 696w, https:\/\/web.molina.cl\/wp-content\/uploads\/2025\/11\/WhatsApp-Image-2025-11-19-at-11.50.01-1068x712.jpeg 1068w, https:\/\/web.molina.cl\/wp-content\/uploads\/2025\/11\/WhatsApp-Image-2025-11-19-at-11.50.01.jpeg 1600w\" sizes=\"(max-width: 1024px) 100vw, 1024px\" \/><\/figure>\n\n\n\n<figure class=\"wp-block-image size-large\"><img loading=\"lazy\" decoding=\"async\" width=\"1024\" height=\"682\" data-id=\"77465\" src=\"https:\/\/web.molina.cl\/wp-content\/uploads\/2025\/11\/WhatsApp-Image-2025-11-19-at-11.50.06-1024x682.jpeg\" alt=\"\" class=\"wp-image-77465\" srcset=\"https:\/\/web.molina.cl\/wp-content\/uploads\/2025\/11\/WhatsApp-Image-2025-11-19-at-11.50.06-1024x682.jpeg 1024w, https:\/\/web.molina.cl\/wp-content\/uploads\/2025\/11\/WhatsApp-Image-2025-11-19-at-11.50.06-300x200.jpeg 300w, https:\/\/web.molina.cl\/wp-content\/uploads\/2025\/11\/WhatsApp-Image-2025-11-19-at-11.50.06-768x512.jpeg 768w, https:\/\/web.molina.cl\/wp-content\/uploads\/2025\/11\/WhatsApp-Image-2025-11-19-at-11.50.06-1536x1023.jpeg 1536w, https:\/\/web.molina.cl\/wp-content\/uploads\/2025\/11\/WhatsApp-Image-2025-11-19-at-11.50.06-630x420.jpeg 630w, https:\/\/web.molina.cl\/wp-content\/uploads\/2025\/11\/WhatsApp-Image-2025-11-19-at-11.50.06-696x464.jpeg 696w, https:\/\/web.molina.cl\/wp-content\/uploads\/2025\/11\/WhatsApp-Image-2025-11-19-at-11.50.06-1068x712.jpeg 1068w, https:\/\/web.molina.cl\/wp-content\/uploads\/2025\/11\/WhatsApp-Image-2025-11-19-at-11.50.06.jpeg 1600w\" sizes=\"(max-width: 1024px) 100vw, 1024px\" \/><\/figure>\n<\/figure>\n","protected":false},"excerpt":{"rendered":"<p>Se trat\u00f3 de la primera actividad con motivo del 191\u00b0 Aniversario de la tur\u00edstica comuna. Llenando las calles de la ciudad con colores, disfraces y sonrisas, Molina dio la bienvenida a las actividades de conmemoraci\u00f3n de su 191\u00b0 Aniversario con el Desfile de P\u00e1rvulos 2025. Marchando alegres por la c\u00e9ntrica calle Yerbas Buenas, los pre-escolares [&hellip;]<\/p>\n","protected":false},"author":2,"featured_media":77461,"comment_status":"closed","ping_status":"open","sticky":false,"template":"","format":"standard","meta":{"footnotes":""},"categories":[5],"tags":[],"_links":{"self":[{"href":"https:\/\/web.molina.cl\/index.php?rest_route=\/wp\/v2\/posts\/77460"}],"collection":[{"href":"https:\/\/web.molina.cl\/index.php?rest_route=\/wp\/v2\/posts"}],"about":[{"href":"https:\/\/web.molina.cl\/index.php?rest_route=\/wp\/v2\/types\/post"}],"author":[{"embeddable":true,"href":"https:\/\/web.molina.cl\/index.php?rest_route=\/wp\/v2\/users\/2"}],"replies":[{"embeddable":true,"href":"https:\/\/web.molina.cl\/index.php?rest_route=%2Fwp%2Fv2%2Fcomments&post=77460"}],"version-history":[{"count":1,"href":"https:\/\/web.molina.cl\/index.php?rest_route=\/wp\/v2\/posts\/77460\/revisions"}],"predecessor-version":[{"id":77467,"href":"https:\/\/web.molina.cl\/index.php?rest_route=\/wp\/v2\/posts\/77460\/revisions\/77467"}],"wp:featuredmedia":[{"embeddable":true,"href":"https:\/\/web.molina.cl\/index.php?rest_route=\/wp\/v2\/media\/77461"}],"wp:attachment":[{"href":"https:\/\/web.molina.cl\/index.php?rest_route=%2Fwp%2Fv2%2Fmedia&parent=77460"}],"wp:term":[{"taxonomy":"category","embeddable":true,"href":"https:\/\/web.molina.cl\/index.php?rest_route=%2Fwp%2Fv2%2Fcategories&post=77460"},{"taxonomy":"post_tag","embeddable":true,"href":"https:\/\/web.molina.cl\/index.php?rest_route=%2Fwp%2Fv2%2Ftags&post=77460"}],"curies":[{"name":"wp","href":"https:\/\/api.w.org\/{rel}","templated":true}]}}