{"id":77457,"date":"2025-11-25T07:31:07","date_gmt":"2025-11-25T11:31:07","guid":{"rendered":"https:\/\/web.molina.cl\/?p=77457"},"modified":"2025-11-25T07:31:08","modified_gmt":"2025-11-25T11:31:08","slug":"competidores-molinenses-de-los-juegos-binacionales-reciben-implementacion-deportiva-del-municipio","status":"publish","type":"post","link":"https:\/\/web.molina.cl\/?p=77457","title":{"rendered":"Competidores molinenses de los Juegos Binacionales reciben implementaci\u00f3n deportiva del municipio"},"content":{"rendered":"\n<h2 class=\"wp-block-heading\">El aporte se gestion\u00f3 a trav\u00e9s de la Corporaci\u00f3n Municipal de Deportes de la comuna.<\/h2>\n\n\n\n<p>Un especial recibimiento realiz\u00f3 el municipio de Molina a los dos competidores de la comuna que formar\u00e1n parte de los Juegos Binacionales, competencia que se desarrolla desde el 10 al 15 de noviembre en la Regi\u00f3n del Maule.<\/p>\n\n\n\n<p>Se trata de Roc\u00edo Henr\u00edquez y Jos\u00e9 San Mart\u00edn, quienes recibieron las felicitaciones y parabienes del alcalde Felipe M\u00e9ndez por clasificar en sus respectivas especialidades a la prestigiosa justa deportiva en la que miden fuerzas chilenos y argentinos.<\/p>\n\n\n\n<p>Pensando en la extensa preparaci\u00f3n que debi\u00f3 llevar a cabo cada uno para poder alcanzar un rendimiento acorde a las exigencias del torneo, desde la Municipalidad, a trav\u00e9s de la Corporaci\u00f3n de Deportes, se les otorg\u00f3 un peque\u00f1o aporte consistente en implementaci\u00f3n para alivianar los costos de sus familias.<\/p>\n\n\n\n<p>\u201cPara nuestra administraci\u00f3n es importante estar apoyando a nuestros deportistas e incentivarlos a que sigan trabajando y progresando, fomentando la disciplina para llegar lejos. Nosotros aportamos un granito de arena, ya que el esfuerzo principal lo realizan ellos\u201d, dijo el jefe edilicio.<\/p>\n\n\n\n<p>Para Roc\u00edo Henr\u00edquez, tenimesista que recibi\u00f3 unas zapatillas adaptadas a su especialidad, se trat\u00f3 de una gran sorpresa su nominaci\u00f3n al equipo, puesto que \u201cno estaba previsto que llegara tan lejos como para representar a nuestro pa\u00eds, pero estoy muy orgullosa de los resultados, as\u00ed que ojal\u00e1 pueda seguir adelante\u201d.<\/p>\n\n\n\n<p>Por su parte, el joven ciclista Jos\u00e9 San Mart\u00edn recuerda con emoci\u00f3n su clasificaci\u00f3n a lo Juegos Binacionales, puesto que \u201cesto implica harta disciplina, muchas horas que se le dedican\u201d.<\/p>\n\n\n\n<p>Desde el municipio, le otorgaron un casco especial que agradeci\u00f3 enormemente, puesto que lo podr\u00e1 emplear para las pruebas de contrarreloj, de vel\u00f3dromo de medio fondo, persecuci\u00f3n por equipos e individual.<\/p>\n\n\n\n<figure class=\"wp-block-gallery has-nested-images columns-default is-cropped wp-block-gallery-1 is-layout-flex wp-block-gallery-is-layout-flex\">\n<figure class=\"wp-block-image size-large\"><img loading=\"lazy\" decoding=\"async\" width=\"1024\" height=\"769\" data-id=\"77458\" src=\"https:\/\/web.molina.cl\/wp-content\/uploads\/2025\/11\/Deportistas-Binacionales-1024x769.jpg\" alt=\"\" class=\"wp-image-77458\" srcset=\"https:\/\/web.molina.cl\/wp-content\/uploads\/2025\/11\/Deportistas-Binacionales-1024x769.jpg 1024w, https:\/\/web.molina.cl\/wp-content\/uploads\/2025\/11\/Deportistas-Binacionales-300x225.jpg 300w, https:\/\/web.molina.cl\/wp-content\/uploads\/2025\/11\/Deportistas-Binacionales-768x577.jpg 768w, https:\/\/web.molina.cl\/wp-content\/uploads\/2025\/11\/Deportistas-Binacionales-1536x1153.jpg 1536w, https:\/\/web.molina.cl\/wp-content\/uploads\/2025\/11\/Deportistas-Binacionales-2048x1538.jpg 2048w, https:\/\/web.molina.cl\/wp-content\/uploads\/2025\/11\/Deportistas-Binacionales-559x420.jpg 559w, https:\/\/web.molina.cl\/wp-content\/uploads\/2025\/11\/Deportistas-Binacionales-80x60.jpg 80w, https:\/\/web.molina.cl\/wp-content\/uploads\/2025\/11\/Deportistas-Binacionales-696x523.jpg 696w, https:\/\/web.molina.cl\/wp-content\/uploads\/2025\/11\/Deportistas-Binacionales-1068x802.jpg 1068w, https:\/\/web.molina.cl\/wp-content\/uploads\/2025\/11\/Deportistas-Binacionales-1920x1441.jpg 1920w, https:\/\/web.molina.cl\/wp-content\/uploads\/2025\/11\/Deportistas-Binacionales-265x198.jpg 265w\" sizes=\"(max-width: 1024px) 100vw, 1024px\" \/><\/figure>\n<\/figure>\n","protected":false},"excerpt":{"rendered":"<p>El aporte se gestion\u00f3 a trav\u00e9s de la Corporaci\u00f3n Municipal de Deportes de la comuna. Un especial recibimiento realiz\u00f3 el municipio de Molina a los dos competidores de la comuna que formar\u00e1n parte de los Juegos Binacionales, competencia que se desarrolla desde el 10 al 15 de noviembre en la Regi\u00f3n del Maule. Se trata [&hellip;]<\/p>\n","protected":false},"author":2,"featured_media":77458,"comment_status":"closed","ping_status":"open","sticky":false,"template":"","format":"standard","meta":{"footnotes":""},"categories":[35],"tags":[],"_links":{"self":[{"href":"https:\/\/web.molina.cl\/index.php?rest_route=\/wp\/v2\/posts\/77457"}],"collection":[{"href":"https:\/\/web.molina.cl\/index.php?rest_route=\/wp\/v2\/posts"}],"about":[{"href":"https:\/\/web.molina.cl\/index.php?rest_route=\/wp\/v2\/types\/post"}],"author":[{"embeddable":true,"href":"https:\/\/web.molina.cl\/index.php?rest_route=\/wp\/v2\/users\/2"}],"replies":[{"embeddable":true,"href":"https:\/\/web.molina.cl\/index.php?rest_route=%2Fwp%2Fv2%2Fcomments&post=77457"}],"version-history":[{"count":1,"href":"https:\/\/web.molina.cl\/index.php?rest_route=\/wp\/v2\/posts\/77457\/revisions"}],"predecessor-version":[{"id":77459,"href":"https:\/\/web.molina.cl\/index.php?rest_route=\/wp\/v2\/posts\/77457\/revisions\/77459"}],"wp:featuredmedia":[{"embeddable":true,"href":"https:\/\/web.molina.cl\/index.php?rest_route=\/wp\/v2\/media\/77458"}],"wp:attachment":[{"href":"https:\/\/web.molina.cl\/index.php?rest_route=%2Fwp%2Fv2%2Fmedia&parent=77457"}],"wp:term":[{"taxonomy":"category","embeddable":true,"href":"https:\/\/web.molina.cl\/index.php?rest_route=%2Fwp%2Fv2%2Fcategories&post=77457"},{"taxonomy":"post_tag","embeddable":true,"href":"https:\/\/web.molina.cl\/index.php?rest_route=%2Fwp%2Fv2%2Ftags&post=77457"}],"curies":[{"name":"wp","href":"https:\/\/api.w.org\/{rel}","templated":true}]}}