{"id":77033,"date":"2025-11-04T09:55:44","date_gmt":"2025-11-04T13:55:44","guid":{"rendered":"https:\/\/web.molina.cl\/?p=77033"},"modified":"2025-11-04T09:55:45","modified_gmt":"2025-11-04T13:55:45","slug":"suenos-que-se-cumplen-entregan-318-viviendas-en-lontue","status":"publish","type":"post","link":"https:\/\/web.molina.cl\/?p=77033","title":{"rendered":"Sue\u00f1os que se cumplen: entregan 318 viviendas en Lontu\u00e9"},"content":{"rendered":"\n<h2 class=\"wp-block-heading\">Se trata de los comit\u00e9s San Bonifacio y Altos de Lontu\u00e9.<\/h2>\n\n\n\n<p>Luego de intensas gestiones para acelerar el proceso, finalmente los integrantes de los comit\u00e9s habitacionales San Bonifacio y Altos de Lontu\u00e9 recibieron las llaves de sus casas.<\/p>\n\n\n\n<p>En una concurrida ceremonia que cont\u00f3 con la m\u00e1s alta autoridad de la cartera, los ahora propietarios compartieron la dicha de ser due\u00f1os de un pedacito de Chile, espec\u00edficamente en el complejo lontuenino.<\/p>\n\n\n\n<p>En total, fueron 318 las familias beneficiadas con subsidio del Servicio de Vivienda y Urbanismo (Serviu), quienes recibieron el apoyo a trav\u00e9s de la Oficina de Vivienda del municipio.<\/p>\n\n\n\n<p>Ratificando el liderazgo de Molina en la materia, el Ministro de Vivienda, Carlos Montes, destac\u00f3 que \u201cesto es parte de un conjunto de esfuerzo y trabajo que se hace a lo largo del pa\u00eds, donde hemos llegado a 120.000 viviendas entregadas y estamos construyendo otras 127.00 m\u00e1s. Si bien, sabemos que hay m\u00e1s familias que lo requieren, paralelamente estamos tratando de mejorar la capacidad de producci\u00f3n. Para esto, se requiere mucha consciencia de los parlamentarios, por eso valoro que est\u00e9n hoy ac\u00e1, ya que es un problema pa\u00eds de largo plazo\u201d.<\/p>\n\n\n\n<p>Consultado sobre el rol del municipio, el Secretario de Estado afirm\u00f3 que \u201cno me cabe duda que este alcalde tiene una formaci\u00f3n y trayectoria en vivienda, ha hecho un gran trabajo. En ese sentido, est\u00e1 permanentemente vinculado al Ministerio y el municipio es clave para avanzar\u201d.<\/p>\n\n\n\n<p>Por su parte, el alcalde Felipe M\u00e9ndez se\u00f1al\u00f3 que \u201cla emoci\u00f3n ha sido demasiado intensa, estoy feliz por cada una de las familias que hoy son propietarias de un pedacito de Chile. Reiteramos nuestro compromiso de seguir trabajando, tenemos muchos proyectos habitacionales presentados estamos a la espera de que nos sigan financiando, con 777 familias ingresadas en el banco de proyectos\u201d.<\/p>\n\n\n\n<figure class=\"wp-block-gallery has-nested-images columns-default is-cropped wp-block-gallery-1 is-layout-flex wp-block-gallery-is-layout-flex\">\n<figure class=\"wp-block-image size-large\"><img loading=\"lazy\" decoding=\"async\" width=\"1024\" height=\"769\" data-id=\"77038\" src=\"https:\/\/web.molina.cl\/wp-content\/uploads\/2025\/11\/Foto-1-1-1024x769.jpg\" alt=\"\" class=\"wp-image-77038\" srcset=\"https:\/\/web.molina.cl\/wp-content\/uploads\/2025\/11\/Foto-1-1-1024x769.jpg 1024w, https:\/\/web.molina.cl\/wp-content\/uploads\/2025\/11\/Foto-1-1-300x225.jpg 300w, https:\/\/web.molina.cl\/wp-content\/uploads\/2025\/11\/Foto-1-1-768x577.jpg 768w, https:\/\/web.molina.cl\/wp-content\/uploads\/2025\/11\/Foto-1-1-1536x1153.jpg 1536w, https:\/\/web.molina.cl\/wp-content\/uploads\/2025\/11\/Foto-1-1-2048x1538.jpg 2048w, https:\/\/web.molina.cl\/wp-content\/uploads\/2025\/11\/Foto-1-1-559x420.jpg 559w, https:\/\/web.molina.cl\/wp-content\/uploads\/2025\/11\/Foto-1-1-80x60.jpg 80w, https:\/\/web.molina.cl\/wp-content\/uploads\/2025\/11\/Foto-1-1-696x523.jpg 696w, https:\/\/web.molina.cl\/wp-content\/uploads\/2025\/11\/Foto-1-1-1068x802.jpg 1068w, https:\/\/web.molina.cl\/wp-content\/uploads\/2025\/11\/Foto-1-1-1920x1441.jpg 1920w, https:\/\/web.molina.cl\/wp-content\/uploads\/2025\/11\/Foto-1-1-265x198.jpg 265w\" sizes=\"(max-width: 1024px) 100vw, 1024px\" \/><\/figure>\n\n\n\n<figure class=\"wp-block-image size-large\"><img loading=\"lazy\" decoding=\"async\" width=\"1024\" height=\"769\" data-id=\"77040\" src=\"https:\/\/web.molina.cl\/wp-content\/uploads\/2025\/11\/Foto-2-3-1024x769.jpg\" alt=\"\" class=\"wp-image-77040\" srcset=\"https:\/\/web.molina.cl\/wp-content\/uploads\/2025\/11\/Foto-2-3-1024x769.jpg 1024w, https:\/\/web.molina.cl\/wp-content\/uploads\/2025\/11\/Foto-2-3-300x225.jpg 300w, https:\/\/web.molina.cl\/wp-content\/uploads\/2025\/11\/Foto-2-3-768x577.jpg 768w, https:\/\/web.molina.cl\/wp-content\/uploads\/2025\/11\/Foto-2-3-1536x1153.jpg 1536w, https:\/\/web.molina.cl\/wp-content\/uploads\/2025\/11\/Foto-2-3-2048x1538.jpg 2048w, https:\/\/web.molina.cl\/wp-content\/uploads\/2025\/11\/Foto-2-3-559x420.jpg 559w, https:\/\/web.molina.cl\/wp-content\/uploads\/2025\/11\/Foto-2-3-80x60.jpg 80w, https:\/\/web.molina.cl\/wp-content\/uploads\/2025\/11\/Foto-2-3-696x523.jpg 696w, https:\/\/web.molina.cl\/wp-content\/uploads\/2025\/11\/Foto-2-3-1068x802.jpg 1068w, https:\/\/web.molina.cl\/wp-content\/uploads\/2025\/11\/Foto-2-3-1920x1441.jpg 1920w, https:\/\/web.molina.cl\/wp-content\/uploads\/2025\/11\/Foto-2-3-265x198.jpg 265w\" sizes=\"(max-width: 1024px) 100vw, 1024px\" \/><\/figure>\n\n\n\n<figure class=\"wp-block-image size-large\"><img loading=\"lazy\" decoding=\"async\" width=\"1024\" height=\"769\" data-id=\"77035\" src=\"https:\/\/web.molina.cl\/wp-content\/uploads\/2025\/11\/IMG_8753-1024x769.jpg\" alt=\"\" class=\"wp-image-77035\" srcset=\"https:\/\/web.molina.cl\/wp-content\/uploads\/2025\/11\/IMG_8753-1024x769.jpg 1024w, https:\/\/web.molina.cl\/wp-content\/uploads\/2025\/11\/IMG_8753-300x225.jpg 300w, https:\/\/web.molina.cl\/wp-content\/uploads\/2025\/11\/IMG_8753-768x577.jpg 768w, https:\/\/web.molina.cl\/wp-content\/uploads\/2025\/11\/IMG_8753-1536x1153.jpg 1536w, https:\/\/web.molina.cl\/wp-content\/uploads\/2025\/11\/IMG_8753-2048x1538.jpg 2048w, https:\/\/web.molina.cl\/wp-content\/uploads\/2025\/11\/IMG_8753-559x420.jpg 559w, https:\/\/web.molina.cl\/wp-content\/uploads\/2025\/11\/IMG_8753-80x60.jpg 80w, https:\/\/web.molina.cl\/wp-content\/uploads\/2025\/11\/IMG_8753-696x523.jpg 696w, https:\/\/web.molina.cl\/wp-content\/uploads\/2025\/11\/IMG_8753-1068x802.jpg 1068w, https:\/\/web.molina.cl\/wp-content\/uploads\/2025\/11\/IMG_8753-1920x1441.jpg 1920w, https:\/\/web.molina.cl\/wp-content\/uploads\/2025\/11\/IMG_8753-265x198.jpg 265w\" sizes=\"(max-width: 1024px) 100vw, 1024px\" \/><\/figure>\n\n\n\n<figure class=\"wp-block-image size-large\"><img loading=\"lazy\" decoding=\"async\" width=\"1024\" height=\"769\" data-id=\"77041\" src=\"https:\/\/web.molina.cl\/wp-content\/uploads\/2025\/11\/IMG_8805-1-1024x769.jpg\" alt=\"\" class=\"wp-image-77041\" srcset=\"https:\/\/web.molina.cl\/wp-content\/uploads\/2025\/11\/IMG_8805-1-1024x769.jpg 1024w, https:\/\/web.molina.cl\/wp-content\/uploads\/2025\/11\/IMG_8805-1-300x225.jpg 300w, https:\/\/web.molina.cl\/wp-content\/uploads\/2025\/11\/IMG_8805-1-768x577.jpg 768w, https:\/\/web.molina.cl\/wp-content\/uploads\/2025\/11\/IMG_8805-1-1536x1153.jpg 1536w, https:\/\/web.molina.cl\/wp-content\/uploads\/2025\/11\/IMG_8805-1-2048x1538.jpg 2048w, https:\/\/web.molina.cl\/wp-content\/uploads\/2025\/11\/IMG_8805-1-559x420.jpg 559w, https:\/\/web.molina.cl\/wp-content\/uploads\/2025\/11\/IMG_8805-1-80x60.jpg 80w, https:\/\/web.molina.cl\/wp-content\/uploads\/2025\/11\/IMG_8805-1-696x523.jpg 696w, https:\/\/web.molina.cl\/wp-content\/uploads\/2025\/11\/IMG_8805-1-1068x802.jpg 1068w, https:\/\/web.molina.cl\/wp-content\/uploads\/2025\/11\/IMG_8805-1-1920x1441.jpg 1920w, https:\/\/web.molina.cl\/wp-content\/uploads\/2025\/11\/IMG_8805-1-265x198.jpg 265w\" sizes=\"(max-width: 1024px) 100vw, 1024px\" \/><\/figure>\n\n\n\n<figure class=\"wp-block-image size-large\"><img loading=\"lazy\" decoding=\"async\" width=\"1024\" height=\"769\" data-id=\"77042\" src=\"https:\/\/web.molina.cl\/wp-content\/uploads\/2025\/11\/Foto-3-1-1024x769.jpg\" alt=\"\" class=\"wp-image-77042\" srcset=\"https:\/\/web.molina.cl\/wp-content\/uploads\/2025\/11\/Foto-3-1-1024x769.jpg 1024w, https:\/\/web.molina.cl\/wp-content\/uploads\/2025\/11\/Foto-3-1-300x225.jpg 300w, https:\/\/web.molina.cl\/wp-content\/uploads\/2025\/11\/Foto-3-1-768x577.jpg 768w, https:\/\/web.molina.cl\/wp-content\/uploads\/2025\/11\/Foto-3-1-1536x1153.jpg 1536w, https:\/\/web.molina.cl\/wp-content\/uploads\/2025\/11\/Foto-3-1-2048x1538.jpg 2048w, https:\/\/web.molina.cl\/wp-content\/uploads\/2025\/11\/Foto-3-1-559x420.jpg 559w, https:\/\/web.molina.cl\/wp-content\/uploads\/2025\/11\/Foto-3-1-80x60.jpg 80w, https:\/\/web.molina.cl\/wp-content\/uploads\/2025\/11\/Foto-3-1-696x523.jpg 696w, https:\/\/web.molina.cl\/wp-content\/uploads\/2025\/11\/Foto-3-1-1068x802.jpg 1068w, https:\/\/web.molina.cl\/wp-content\/uploads\/2025\/11\/Foto-3-1-1920x1441.jpg 1920w, https:\/\/web.molina.cl\/wp-content\/uploads\/2025\/11\/Foto-3-1-265x198.jpg 265w\" sizes=\"(max-width: 1024px) 100vw, 1024px\" \/><\/figure>\n\n\n\n<figure class=\"wp-block-image size-large\"><img loading=\"lazy\" decoding=\"async\" width=\"1024\" height=\"769\" data-id=\"77034\" src=\"https:\/\/web.molina.cl\/wp-content\/uploads\/2025\/11\/IMG_8911-1024x769.jpg\" alt=\"\" class=\"wp-image-77034\" srcset=\"https:\/\/web.molina.cl\/wp-content\/uploads\/2025\/11\/IMG_8911-1024x769.jpg 1024w, https:\/\/web.molina.cl\/wp-content\/uploads\/2025\/11\/IMG_8911-300x225.jpg 300w, https:\/\/web.molina.cl\/wp-content\/uploads\/2025\/11\/IMG_8911-768x577.jpg 768w, https:\/\/web.molina.cl\/wp-content\/uploads\/2025\/11\/IMG_8911-1536x1153.jpg 1536w, https:\/\/web.molina.cl\/wp-content\/uploads\/2025\/11\/IMG_8911-2048x1538.jpg 2048w, https:\/\/web.molina.cl\/wp-content\/uploads\/2025\/11\/IMG_8911-559x420.jpg 559w, https:\/\/web.molina.cl\/wp-content\/uploads\/2025\/11\/IMG_8911-80x60.jpg 80w, https:\/\/web.molina.cl\/wp-content\/uploads\/2025\/11\/IMG_8911-696x523.jpg 696w, https:\/\/web.molina.cl\/wp-content\/uploads\/2025\/11\/IMG_8911-1068x802.jpg 1068w, https:\/\/web.molina.cl\/wp-content\/uploads\/2025\/11\/IMG_8911-1920x1441.jpg 1920w, https:\/\/web.molina.cl\/wp-content\/uploads\/2025\/11\/IMG_8911-265x198.jpg 265w\" sizes=\"(max-width: 1024px) 100vw, 1024px\" \/><\/figure>\n<\/figure>\n","protected":false},"excerpt":{"rendered":"<p>Se trata de los comit\u00e9s San Bonifacio y Altos de Lontu\u00e9. Luego de intensas gestiones para acelerar el proceso, finalmente los integrantes de los comit\u00e9s habitacionales San Bonifacio y Altos de Lontu\u00e9 recibieron las llaves de sus casas. En una concurrida ceremonia que cont\u00f3 con la m\u00e1s alta autoridad de la cartera, los ahora propietarios [&hellip;]<\/p>\n","protected":false},"author":2,"featured_media":77039,"comment_status":"closed","ping_status":"open","sticky":false,"template":"","format":"standard","meta":{"footnotes":""},"categories":[9],"tags":[],"_links":{"self":[{"href":"https:\/\/web.molina.cl\/index.php?rest_route=\/wp\/v2\/posts\/77033"}],"collection":[{"href":"https:\/\/web.molina.cl\/index.php?rest_route=\/wp\/v2\/posts"}],"about":[{"href":"https:\/\/web.molina.cl\/index.php?rest_route=\/wp\/v2\/types\/post"}],"author":[{"embeddable":true,"href":"https:\/\/web.molina.cl\/index.php?rest_route=\/wp\/v2\/users\/2"}],"replies":[{"embeddable":true,"href":"https:\/\/web.molina.cl\/index.php?rest_route=%2Fwp%2Fv2%2Fcomments&post=77033"}],"version-history":[{"count":1,"href":"https:\/\/web.molina.cl\/index.php?rest_route=\/wp\/v2\/posts\/77033\/revisions"}],"predecessor-version":[{"id":77043,"href":"https:\/\/web.molina.cl\/index.php?rest_route=\/wp\/v2\/posts\/77033\/revisions\/77043"}],"wp:featuredmedia":[{"embeddable":true,"href":"https:\/\/web.molina.cl\/index.php?rest_route=\/wp\/v2\/media\/77039"}],"wp:attachment":[{"href":"https:\/\/web.molina.cl\/index.php?rest_route=%2Fwp%2Fv2%2Fmedia&parent=77033"}],"wp:term":[{"taxonomy":"category","embeddable":true,"href":"https:\/\/web.molina.cl\/index.php?rest_route=%2Fwp%2Fv2%2Fcategories&post=77033"},{"taxonomy":"post_tag","embeddable":true,"href":"https:\/\/web.molina.cl\/index.php?rest_route=%2Fwp%2Fv2%2Ftags&post=77033"}],"curies":[{"name":"wp","href":"https:\/\/api.w.org\/{rel}","templated":true}]}}