{"id":77029,"date":"2025-11-04T09:47:19","date_gmt":"2025-11-04T13:47:19","guid":{"rendered":"https:\/\/web.molina.cl\/?p=77029"},"modified":"2025-11-04T09:47:19","modified_gmt":"2025-11-04T13:47:19","slug":"mas-de-300-estudiantes-de-molina-accedieron-al-bono-pro-retencion","status":"publish","type":"post","link":"https:\/\/web.molina.cl\/?p=77029","title":{"rendered":"M\u00e1s de 300 estudiantes de Molina accedieron al Bono Pro-Retenci\u00f3n"},"content":{"rendered":"\n<h2 class=\"wp-block-heading\">Los seleccionados por el Ministerio de Educaci\u00f3n podr\u00e1n canjear una gift card con hasta 326 mil pesos.<\/h2>\n\n\n\n<p>Buscando prevenir la deserci\u00f3n escolar, 346 alumnos de establecimientos p\u00fablicos de Molina recibieron el Bono Pro Retenci\u00f3n.<\/p>\n\n\n\n<p>En plena plaza comunal, el equipo del Departamento de Administraci\u00f3n de la Educaci\u00f3n Municipal (DAEM) entreg\u00f3 las gift cards correspondientes a los estudiantes seleccionados por el Ministerio de Educaci\u00f3n (Mineduc).<\/p>\n\n\n\n<p>El beneficio alcanza a pupilos desde 7\u00b0 B\u00e1sico a 4\u00b0 Medio, contemplando montos que van desde los $120 mil hasta los $326 mil, los que pueden ser gastados en tiendas de retail.<\/p>\n\n\n\n<p>Encabezando la ceremonia, el alcalde molinense, Felipe M\u00e9ndez, se\u00f1al\u00f3 que \u201cestamos muy contentos por este Bono Pro-Retenci\u00f3n, que se entrega a 346 alumnos de nuestra comuna, quienes a trav\u00e9s de una gift card podr\u00e1n comprar productos. Es un tremendo aporte que hace el Estado de Chile para los ni\u00f1os y ni\u00f1as de la educaci\u00f3n p\u00fablica de nuestra comuna\u201d.<\/p>\n\n\n\n<p>Entre los seleccionados, Constanza Mu\u00f1oz explica que \u201ces bastante beneficioso debido a que nos ayuda a amortiguar los gastos de ropa y calzado durante el a\u00f1o. Por ejemplo, a los estudiantes universitarios como yo, nos ayuda much\u00edsimo a comprar las cosas que nos hacen falta\u201d.<\/p>\n\n\n\n<figure class=\"wp-block-image size-large\"><img loading=\"lazy\" decoding=\"async\" width=\"1024\" height=\"768\" src=\"https:\/\/web.molina.cl\/wp-content\/uploads\/2025\/11\/Foto-1-1024x768.jpeg\" alt=\"\" class=\"wp-image-77030\" srcset=\"https:\/\/web.molina.cl\/wp-content\/uploads\/2025\/11\/Foto-1-1024x768.jpeg 1024w, https:\/\/web.molina.cl\/wp-content\/uploads\/2025\/11\/Foto-1-300x225.jpeg 300w, https:\/\/web.molina.cl\/wp-content\/uploads\/2025\/11\/Foto-1-768x576.jpeg 768w, https:\/\/web.molina.cl\/wp-content\/uploads\/2025\/11\/Foto-1-1536x1152.jpeg 1536w, https:\/\/web.molina.cl\/wp-content\/uploads\/2025\/11\/Foto-1-2048x1536.jpeg 2048w, https:\/\/web.molina.cl\/wp-content\/uploads\/2025\/11\/Foto-1-560x420.jpeg 560w, https:\/\/web.molina.cl\/wp-content\/uploads\/2025\/11\/Foto-1-80x60.jpeg 80w, https:\/\/web.molina.cl\/wp-content\/uploads\/2025\/11\/Foto-1-696x522.jpeg 696w, https:\/\/web.molina.cl\/wp-content\/uploads\/2025\/11\/Foto-1-1068x801.jpeg 1068w, https:\/\/web.molina.cl\/wp-content\/uploads\/2025\/11\/Foto-1-1920x1440.jpeg 1920w, https:\/\/web.molina.cl\/wp-content\/uploads\/2025\/11\/Foto-1-265x198.jpeg 265w\" sizes=\"(max-width: 1024px) 100vw, 1024px\" \/><\/figure>\n\n\n\n<figure class=\"wp-block-image size-large\"><img loading=\"lazy\" decoding=\"async\" width=\"1024\" height=\"768\" src=\"https:\/\/web.molina.cl\/wp-content\/uploads\/2025\/11\/Foto-2-1024x768.jpeg\" alt=\"\" class=\"wp-image-77031\" srcset=\"https:\/\/web.molina.cl\/wp-content\/uploads\/2025\/11\/Foto-2-1024x768.jpeg 1024w, https:\/\/web.molina.cl\/wp-content\/uploads\/2025\/11\/Foto-2-300x225.jpeg 300w, https:\/\/web.molina.cl\/wp-content\/uploads\/2025\/11\/Foto-2-768x576.jpeg 768w, https:\/\/web.molina.cl\/wp-content\/uploads\/2025\/11\/Foto-2-1536x1152.jpeg 1536w, https:\/\/web.molina.cl\/wp-content\/uploads\/2025\/11\/Foto-2-2048x1536.jpeg 2048w, https:\/\/web.molina.cl\/wp-content\/uploads\/2025\/11\/Foto-2-560x420.jpeg 560w, https:\/\/web.molina.cl\/wp-content\/uploads\/2025\/11\/Foto-2-80x60.jpeg 80w, https:\/\/web.molina.cl\/wp-content\/uploads\/2025\/11\/Foto-2-696x522.jpeg 696w, https:\/\/web.molina.cl\/wp-content\/uploads\/2025\/11\/Foto-2-1068x801.jpeg 1068w, https:\/\/web.molina.cl\/wp-content\/uploads\/2025\/11\/Foto-2-1920x1440.jpeg 1920w, https:\/\/web.molina.cl\/wp-content\/uploads\/2025\/11\/Foto-2-265x198.jpeg 265w\" sizes=\"(max-width: 1024px) 100vw, 1024px\" \/><\/figure>\n","protected":false},"excerpt":{"rendered":"<p>Los seleccionados por el Ministerio de Educaci\u00f3n podr\u00e1n canjear una gift card con hasta 326 mil pesos. Buscando prevenir la deserci\u00f3n escolar, 346 alumnos de establecimientos p\u00fablicos de Molina recibieron el Bono Pro Retenci\u00f3n. En plena plaza comunal, el equipo del Departamento de Administraci\u00f3n de la Educaci\u00f3n Municipal (DAEM) entreg\u00f3 las gift cards correspondientes a [&hellip;]<\/p>\n","protected":false},"author":2,"featured_media":77030,"comment_status":"closed","ping_status":"open","sticky":false,"template":"","format":"standard","meta":{"footnotes":""},"categories":[5,40],"tags":[],"_links":{"self":[{"href":"https:\/\/web.molina.cl\/index.php?rest_route=\/wp\/v2\/posts\/77029"}],"collection":[{"href":"https:\/\/web.molina.cl\/index.php?rest_route=\/wp\/v2\/posts"}],"about":[{"href":"https:\/\/web.molina.cl\/index.php?rest_route=\/wp\/v2\/types\/post"}],"author":[{"embeddable":true,"href":"https:\/\/web.molina.cl\/index.php?rest_route=\/wp\/v2\/users\/2"}],"replies":[{"embeddable":true,"href":"https:\/\/web.molina.cl\/index.php?rest_route=%2Fwp%2Fv2%2Fcomments&post=77029"}],"version-history":[{"count":1,"href":"https:\/\/web.molina.cl\/index.php?rest_route=\/wp\/v2\/posts\/77029\/revisions"}],"predecessor-version":[{"id":77032,"href":"https:\/\/web.molina.cl\/index.php?rest_route=\/wp\/v2\/posts\/77029\/revisions\/77032"}],"wp:featuredmedia":[{"embeddable":true,"href":"https:\/\/web.molina.cl\/index.php?rest_route=\/wp\/v2\/media\/77030"}],"wp:attachment":[{"href":"https:\/\/web.molina.cl\/index.php?rest_route=%2Fwp%2Fv2%2Fmedia&parent=77029"}],"wp:term":[{"taxonomy":"category","embeddable":true,"href":"https:\/\/web.molina.cl\/index.php?rest_route=%2Fwp%2Fv2%2Fcategories&post=77029"},{"taxonomy":"post_tag","embeddable":true,"href":"https:\/\/web.molina.cl\/index.php?rest_route=%2Fwp%2Fv2%2Ftags&post=77029"}],"curies":[{"name":"wp","href":"https:\/\/api.w.org\/{rel}","templated":true}]}}