{"id":76976,"date":"2025-10-24T14:35:55","date_gmt":"2025-10-24T18:35:55","guid":{"rendered":"https:\/\/web.molina.cl\/?p=76976"},"modified":"2025-10-24T14:36:23","modified_gmt":"2025-10-24T18:36:23","slug":"fin-a-mas-de-12-anos-de-espera-construiran-solucion-sanitaria-para-callejon-los-verdejos-de-molina","status":"publish","type":"post","link":"https:\/\/web.molina.cl\/?p=76976","title":{"rendered":"Fin a m\u00e1s de 12 a\u00f1os de espera: construir\u00e1n soluci\u00f3n sanitaria para callej\u00f3n Los Verdejos de Molina"},"content":{"rendered":"\n<h2 class=\"wp-block-heading\">Las familias beneficiadas corresponden a un sector de Casa Blanca en el que no cuentan con red de agua potable y alcantarillado.<\/h2>\n\n\n\n<p>Pese a estar en pleno 2025, todav\u00eda existen zonas en donde servicios como el agua potable o el alcantarillado no son m\u00e1s que un sue\u00f1o. Una de esas localidades es el callej\u00f3n Los Verdejos de Casa Blanca, en Molina.<\/p>\n\n\n\n<p>Por tal motivo, una de las prioridades de la actual administraci\u00f3n municipal fue encontrar una soluci\u00f3n definitiva, lo que se consigui\u00f3 gracias a la voluntad y trabajo conjunto entre instituciones.<\/p>\n\n\n\n<p>A trav\u00e9s de fondos de la Subsecretar\u00eda de Desarrollo Regional (Subdere), se invertir\u00e1n m\u00e1s de 80 millones de pesos en la construcci\u00f3n de una red de agua potable y tratamiento de aguas servidas, lo que pondr\u00e1 fin al sinn\u00famero de problemas que implica vivir sin el correcto suministro del vital elemento.<\/p>\n\n\n\n<p>As\u00ed lo relata Marcela Verdejo, quien recuerda que comenzaron la lucha \u201chace como 12 a\u00f1os, pero nunca hubo una ayuda. Tenemos un medidor para cinco casas, as\u00ed que, cuando alguien se ba\u00f1aba en una, a la \u00faltima ya no llegaba el agua. Las cuatro familias que vivimos aqu\u00ed, so\u00f1\u00e1bamos con el proyecto, porque es algo indispensable en la vida\u201d.<\/p>\n\n\n\n<p>Por su parte, el alcalde de Molina, Felipe M\u00e9ndez, se\u00f1al\u00f3 que \u201cestamos cumpliendo un compromiso que hicimos con ellos y hoy les trajimos la resoluci\u00f3n mediante la cual nos entregan el financiamiento desde la Subdere. Es una soluci\u00f3n defintiiva a una problem\u00e1tica b\u00e1sica para los vecinos, que me encantar\u00eda que todos la tuvieran, pero iremos paso a paso para cumplir con las metas que nos ha puesto la ciudadan\u00eda\u201d.<\/p>\n\n\n\n<figure class=\"wp-block-gallery has-nested-images columns-default is-cropped wp-block-gallery-1 is-layout-flex wp-block-gallery-is-layout-flex\">\n<figure class=\"wp-block-image size-large\"><img loading=\"lazy\" decoding=\"async\" width=\"1024\" height=\"849\" data-id=\"76978\" src=\"https:\/\/web.molina.cl\/wp-content\/uploads\/2025\/10\/Foto-1-4-1024x849.jpg\" alt=\"\" class=\"wp-image-76978\" srcset=\"https:\/\/web.molina.cl\/wp-content\/uploads\/2025\/10\/Foto-1-4-1024x849.jpg 1024w, https:\/\/web.molina.cl\/wp-content\/uploads\/2025\/10\/Foto-1-4-300x249.jpg 300w, https:\/\/web.molina.cl\/wp-content\/uploads\/2025\/10\/Foto-1-4-768x637.jpg 768w, https:\/\/web.molina.cl\/wp-content\/uploads\/2025\/10\/Foto-1-4-1536x1274.jpg 1536w, https:\/\/web.molina.cl\/wp-content\/uploads\/2025\/10\/Foto-1-4-2048x1699.jpg 2048w, https:\/\/web.molina.cl\/wp-content\/uploads\/2025\/10\/Foto-1-4-506x420.jpg 506w, https:\/\/web.molina.cl\/wp-content\/uploads\/2025\/10\/Foto-1-4-696x577.jpg 696w, https:\/\/web.molina.cl\/wp-content\/uploads\/2025\/10\/Foto-1-4-1068x886.jpg 1068w, https:\/\/web.molina.cl\/wp-content\/uploads\/2025\/10\/Foto-1-4-1920x1592.jpg 1920w\" sizes=\"(max-width: 1024px) 100vw, 1024px\" \/><\/figure>\n\n\n\n<figure class=\"wp-block-image size-large\"><img loading=\"lazy\" decoding=\"async\" width=\"1024\" height=\"769\" data-id=\"76977\" src=\"https:\/\/web.molina.cl\/wp-content\/uploads\/2025\/10\/Foto-2-4-1024x769.jpg\" alt=\"\" class=\"wp-image-76977\" srcset=\"https:\/\/web.molina.cl\/wp-content\/uploads\/2025\/10\/Foto-2-4-1024x769.jpg 1024w, https:\/\/web.molina.cl\/wp-content\/uploads\/2025\/10\/Foto-2-4-300x225.jpg 300w, https:\/\/web.molina.cl\/wp-content\/uploads\/2025\/10\/Foto-2-4-768x577.jpg 768w, https:\/\/web.molina.cl\/wp-content\/uploads\/2025\/10\/Foto-2-4-1536x1153.jpg 1536w, https:\/\/web.molina.cl\/wp-content\/uploads\/2025\/10\/Foto-2-4-2048x1538.jpg 2048w, https:\/\/web.molina.cl\/wp-content\/uploads\/2025\/10\/Foto-2-4-559x420.jpg 559w, https:\/\/web.molina.cl\/wp-content\/uploads\/2025\/10\/Foto-2-4-80x60.jpg 80w, https:\/\/web.molina.cl\/wp-content\/uploads\/2025\/10\/Foto-2-4-696x523.jpg 696w, https:\/\/web.molina.cl\/wp-content\/uploads\/2025\/10\/Foto-2-4-1068x802.jpg 1068w, https:\/\/web.molina.cl\/wp-content\/uploads\/2025\/10\/Foto-2-4-1920x1441.jpg 1920w, https:\/\/web.molina.cl\/wp-content\/uploads\/2025\/10\/Foto-2-4-265x198.jpg 265w\" sizes=\"(max-width: 1024px) 100vw, 1024px\" \/><\/figure>\n<\/figure>\n","protected":false},"excerpt":{"rendered":"<p>Las familias beneficiadas corresponden a un sector de Casa Blanca en el que no cuentan con red de agua potable y alcantarillado. Pese a estar en pleno 2025, todav\u00eda existen zonas en donde servicios como el agua potable o el alcantarillado no son m\u00e1s que un sue\u00f1o. Una de esas localidades es el callej\u00f3n Los [&hellip;]<\/p>\n","protected":false},"author":2,"featured_media":76977,"comment_status":"closed","ping_status":"open","sticky":false,"template":"","format":"standard","meta":{"footnotes":""},"categories":[6],"tags":[],"_links":{"self":[{"href":"https:\/\/web.molina.cl\/index.php?rest_route=\/wp\/v2\/posts\/76976"}],"collection":[{"href":"https:\/\/web.molina.cl\/index.php?rest_route=\/wp\/v2\/posts"}],"about":[{"href":"https:\/\/web.molina.cl\/index.php?rest_route=\/wp\/v2\/types\/post"}],"author":[{"embeddable":true,"href":"https:\/\/web.molina.cl\/index.php?rest_route=\/wp\/v2\/users\/2"}],"replies":[{"embeddable":true,"href":"https:\/\/web.molina.cl\/index.php?rest_route=%2Fwp%2Fv2%2Fcomments&post=76976"}],"version-history":[{"count":1,"href":"https:\/\/web.molina.cl\/index.php?rest_route=\/wp\/v2\/posts\/76976\/revisions"}],"predecessor-version":[{"id":76979,"href":"https:\/\/web.molina.cl\/index.php?rest_route=\/wp\/v2\/posts\/76976\/revisions\/76979"}],"wp:featuredmedia":[{"embeddable":true,"href":"https:\/\/web.molina.cl\/index.php?rest_route=\/wp\/v2\/media\/76977"}],"wp:attachment":[{"href":"https:\/\/web.molina.cl\/index.php?rest_route=%2Fwp%2Fv2%2Fmedia&parent=76976"}],"wp:term":[{"taxonomy":"category","embeddable":true,"href":"https:\/\/web.molina.cl\/index.php?rest_route=%2Fwp%2Fv2%2Fcategories&post=76976"},{"taxonomy":"post_tag","embeddable":true,"href":"https:\/\/web.molina.cl\/index.php?rest_route=%2Fwp%2Fv2%2Ftags&post=76976"}],"curies":[{"name":"wp","href":"https:\/\/api.w.org\/{rel}","templated":true}]}}