{"id":76971,"date":"2025-10-24T14:32:55","date_gmt":"2025-10-24T18:32:55","guid":{"rendered":"https:\/\/web.molina.cl\/?p=76971"},"modified":"2025-10-24T14:32:56","modified_gmt":"2025-10-24T18:32:56","slug":"piloto-de-equinoterapia-del-programa-hpv-de-junaeb-realiza-cierre-comunal-en-molina","status":"publish","type":"post","link":"https:\/\/web.molina.cl\/?p=76971","title":{"rendered":"Piloto de equinoterapia del programa HPV de JUNAEB realiza cierre\u00a0 comunal en Molina"},"content":{"rendered":"\n<h2 class=\"wp-block-heading\">El plan del municipio es continuar potenciando al pionero centro ubicado en Cerrillo Bascu\u00f1\u00e1n.<\/h2>\n\n\n\n<p>Con una experiencia terap\u00e9utica en el <strong>Centro de Equinoterapia de Molina<\/strong>, se realiz\u00f3 el cierre del <strong>Taller Preventivo del Programa Habilidades para la Vida II Ciclo (HPV II)<\/strong>&nbsp; de JUNAEB en la <strong>Escuela San Pedro<\/strong>. Esta visita form\u00f3 parte de las actividades finales de intervenci\u00f3n psicosocial con estudiantes de 7\u00b0 b\u00e1sico previamente identificados con perfil de riesgo. El trabajo permiti\u00f3 vivenciar elementos fundamentales del taller, como el desarrollo de la autoestima, la autorregulaci\u00f3n emocional y el fortalecimiento del v\u00ednculo con el entorno.<\/p>\n\n\n\n<p>Patricio Uribe Ib\u00e1\u00f1ez, director regional de JUNAEB enfatiz\u00f3 \u201cestamos tremendamente felices como JUNAEB del trabajo que hemos desarrollado el a\u00f1o 2025 con la Municipalidad de Molina en un programa tan importante como es Habilidades para la Vida. Y yo en esto celebro la visi\u00f3n del alcalde, Felipe M\u00e9ndez, de poder aprovechar esta instancia para poder sacar el mayor provecho posible, no solo en la condici\u00f3n de ni\u00f1os que requieren de alguna atenci\u00f3n especial, sino que tambi\u00e9n de ni\u00f1os que requieren alg\u00fan otro tipo de tratamiento y de mejoras como la que estamos realizando de la mano de habilidades para la vida. El Centro de Equinoterapia es \u00fanico, es la primera experiencia piloto a nivel regional.\u201d.<\/p>\n\n\n\n<p>Esta iniciativa se enmarca en el Programa Habilidades para la Vida II, ejecutado en la comuna por JUNAEB y el Ministerio de Educaci\u00f3n, el cual interviene en 15 establecimientos de Molina con una cobertura de m\u00e1s de 2.400 estudiantes entre 5\u00b0 y 8\u00b0 b\u00e1sico. En la Escuela San Pedro, el taller preventivo se desarroll\u00f3 durante el segundo semestre, focalizado en 7 estudiantes con indicadores de riesgo, con la participaci\u00f3n de sus familias y docentes<\/p>\n\n\n\n<p>En representaci\u00f3n de alcalde de Molina, el presidente de la Comisi\u00f3n de educaci\u00f3n Cristian Mart\u00ednez Hern\u00e1ndez agreg\u00f3 \u201ccomo concejal de la comuna y presidente de la comisi\u00f3n de educaci\u00f3n del Concejo Municipal, estoy tremendamente contento porque hemos estado conversando con el alcalde Felipe M\u00e9ndez y tiene toda la mirada la idea de proyectar el centro de quimioterapia para toda la comuna y por qu\u00e9 no decir para las comunas aleda\u00f1as. Felicito al equipo de Habilidades para la Vida por este tremendo taller, el liderazgo que han adquirido los profesionales, pero tambi\u00e9n decirle a la comunidad que seguimos y seguiremos trabajando para que llegue la educaci\u00f3n p\u00fablica y todas las alternativas que esta tiene a todos los rincones de la Comuna y Molina\u201d.<\/p>\n\n\n\n<p>Una de las estudiantes que particip\u00f3 activamente de este programa de JUNAEB, Trinidad Saavedra P\u00e9rez comento \u201cel trabajo con los caballos, con la equinoterapia me ayudo en tener m\u00e1s confianza, en c\u00f3mo conocer m\u00e1s a los caballos y estar todo tranquilo, o sea, si vas a estar con gente que lo conoce bien, los caballos que yo he estado te ayudan a estar tranquila, sin miedo as\u00ed, tener confianza en ti mismo que todo va a salir bien\u201d<\/p>\n\n\n\n<p>El Programa Habilidades para la Vida busca <strong>promover el desarrollo integral de estudiantes del sistema escolar<\/strong>, mediante acciones preventivas y de acompa\u00f1amiento socioemocional. Durante 2025, en Molina, se conformaron <strong>8 grupos de trabajo con un total de 58 estudiantes pesquisados con perfil de riesgo<\/strong>, lo que refleja un compromiso constante con la salud mental infantil y juvenil en contextos educativos.<\/p>\n\n\n\n<figure class=\"wp-block-gallery has-nested-images columns-default is-cropped wp-block-gallery-1 is-layout-flex wp-block-gallery-is-layout-flex\">\n<figure class=\"wp-block-image size-large\"><img loading=\"lazy\" decoding=\"async\" width=\"1024\" height=\"768\" data-id=\"76972\" src=\"https:\/\/web.molina.cl\/wp-content\/uploads\/2025\/10\/Foto-1-5-1024x768.jpeg\" alt=\"\" class=\"wp-image-76972\" srcset=\"https:\/\/web.molina.cl\/wp-content\/uploads\/2025\/10\/Foto-1-5-1024x768.jpeg 1024w, https:\/\/web.molina.cl\/wp-content\/uploads\/2025\/10\/Foto-1-5-300x225.jpeg 300w, https:\/\/web.molina.cl\/wp-content\/uploads\/2025\/10\/Foto-1-5-768x576.jpeg 768w, https:\/\/web.molina.cl\/wp-content\/uploads\/2025\/10\/Foto-1-5-560x420.jpeg 560w, https:\/\/web.molina.cl\/wp-content\/uploads\/2025\/10\/Foto-1-5-80x60.jpeg 80w, https:\/\/web.molina.cl\/wp-content\/uploads\/2025\/10\/Foto-1-5-696x522.jpeg 696w, https:\/\/web.molina.cl\/wp-content\/uploads\/2025\/10\/Foto-1-5-1068x801.jpeg 1068w, https:\/\/web.molina.cl\/wp-content\/uploads\/2025\/10\/Foto-1-5-265x198.jpeg 265w, https:\/\/web.molina.cl\/wp-content\/uploads\/2025\/10\/Foto-1-5.jpeg 1440w\" sizes=\"(max-width: 1024px) 100vw, 1024px\" \/><\/figure>\n\n\n\n<figure class=\"wp-block-image size-large\"><img loading=\"lazy\" decoding=\"async\" width=\"1024\" height=\"768\" data-id=\"76974\" src=\"https:\/\/web.molina.cl\/wp-content\/uploads\/2025\/10\/Foto-2-3-1024x768.jpeg\" alt=\"\" class=\"wp-image-76974\" srcset=\"https:\/\/web.molina.cl\/wp-content\/uploads\/2025\/10\/Foto-2-3-1024x768.jpeg 1024w, https:\/\/web.molina.cl\/wp-content\/uploads\/2025\/10\/Foto-2-3-300x225.jpeg 300w, https:\/\/web.molina.cl\/wp-content\/uploads\/2025\/10\/Foto-2-3-768x576.jpeg 768w, https:\/\/web.molina.cl\/wp-content\/uploads\/2025\/10\/Foto-2-3-560x420.jpeg 560w, https:\/\/web.molina.cl\/wp-content\/uploads\/2025\/10\/Foto-2-3-80x60.jpeg 80w, https:\/\/web.molina.cl\/wp-content\/uploads\/2025\/10\/Foto-2-3-696x522.jpeg 696w, https:\/\/web.molina.cl\/wp-content\/uploads\/2025\/10\/Foto-2-3-1068x801.jpeg 1068w, https:\/\/web.molina.cl\/wp-content\/uploads\/2025\/10\/Foto-2-3-265x198.jpeg 265w, https:\/\/web.molina.cl\/wp-content\/uploads\/2025\/10\/Foto-2-3.jpeg 1440w\" sizes=\"(max-width: 1024px) 100vw, 1024px\" \/><\/figure>\n\n\n\n<figure class=\"wp-block-image size-large\"><img loading=\"lazy\" decoding=\"async\" width=\"1024\" height=\"768\" data-id=\"76973\" src=\"https:\/\/web.molina.cl\/wp-content\/uploads\/2025\/10\/Foto-3-1-1024x768.jpeg\" alt=\"\" class=\"wp-image-76973\" srcset=\"https:\/\/web.molina.cl\/wp-content\/uploads\/2025\/10\/Foto-3-1-1024x768.jpeg 1024w, https:\/\/web.molina.cl\/wp-content\/uploads\/2025\/10\/Foto-3-1-300x225.jpeg 300w, https:\/\/web.molina.cl\/wp-content\/uploads\/2025\/10\/Foto-3-1-768x576.jpeg 768w, https:\/\/web.molina.cl\/wp-content\/uploads\/2025\/10\/Foto-3-1-560x420.jpeg 560w, https:\/\/web.molina.cl\/wp-content\/uploads\/2025\/10\/Foto-3-1-80x60.jpeg 80w, https:\/\/web.molina.cl\/wp-content\/uploads\/2025\/10\/Foto-3-1-696x522.jpeg 696w, https:\/\/web.molina.cl\/wp-content\/uploads\/2025\/10\/Foto-3-1-1068x801.jpeg 1068w, https:\/\/web.molina.cl\/wp-content\/uploads\/2025\/10\/Foto-3-1-265x198.jpeg 265w, https:\/\/web.molina.cl\/wp-content\/uploads\/2025\/10\/Foto-3-1.jpeg 1440w\" sizes=\"(max-width: 1024px) 100vw, 1024px\" \/><\/figure>\n<\/figure>\n","protected":false},"excerpt":{"rendered":"<p>El plan del municipio es continuar potenciando al pionero centro ubicado en Cerrillo Bascu\u00f1\u00e1n. Con una experiencia terap\u00e9utica en el Centro de Equinoterapia de Molina, se realiz\u00f3 el cierre del Taller Preventivo del Programa Habilidades para la Vida II Ciclo (HPV II)&nbsp; de JUNAEB en la Escuela San Pedro. Esta visita form\u00f3 parte de las [&hellip;]<\/p>\n","protected":false},"author":2,"featured_media":76974,"comment_status":"closed","ping_status":"open","sticky":false,"template":"","format":"standard","meta":{"footnotes":""},"categories":[5],"tags":[],"_links":{"self":[{"href":"https:\/\/web.molina.cl\/index.php?rest_route=\/wp\/v2\/posts\/76971"}],"collection":[{"href":"https:\/\/web.molina.cl\/index.php?rest_route=\/wp\/v2\/posts"}],"about":[{"href":"https:\/\/web.molina.cl\/index.php?rest_route=\/wp\/v2\/types\/post"}],"author":[{"embeddable":true,"href":"https:\/\/web.molina.cl\/index.php?rest_route=\/wp\/v2\/users\/2"}],"replies":[{"embeddable":true,"href":"https:\/\/web.molina.cl\/index.php?rest_route=%2Fwp%2Fv2%2Fcomments&post=76971"}],"version-history":[{"count":1,"href":"https:\/\/web.molina.cl\/index.php?rest_route=\/wp\/v2\/posts\/76971\/revisions"}],"predecessor-version":[{"id":76975,"href":"https:\/\/web.molina.cl\/index.php?rest_route=\/wp\/v2\/posts\/76971\/revisions\/76975"}],"wp:featuredmedia":[{"embeddable":true,"href":"https:\/\/web.molina.cl\/index.php?rest_route=\/wp\/v2\/media\/76974"}],"wp:attachment":[{"href":"https:\/\/web.molina.cl\/index.php?rest_route=%2Fwp%2Fv2%2Fmedia&parent=76971"}],"wp:term":[{"taxonomy":"category","embeddable":true,"href":"https:\/\/web.molina.cl\/index.php?rest_route=%2Fwp%2Fv2%2Fcategories&post=76971"},{"taxonomy":"post_tag","embeddable":true,"href":"https:\/\/web.molina.cl\/index.php?rest_route=%2Fwp%2Fv2%2Ftags&post=76971"}],"curies":[{"name":"wp","href":"https:\/\/api.w.org\/{rel}","templated":true}]}}