{"id":76921,"date":"2025-10-21T08:58:40","date_gmt":"2025-10-21T12:58:40","guid":{"rendered":"https:\/\/web.molina.cl\/?p=76921"},"modified":"2025-10-21T08:58:40","modified_gmt":"2025-10-21T12:58:40","slug":"animales-tradiciones-y-ambiente-familiar-invitan-a-la-granja-fest-en-molina-este-domingo-26","status":"publish","type":"post","link":"https:\/\/web.molina.cl\/?p=76921","title":{"rendered":"Animales, tradiciones y ambiente familiar: Invitan a la Granja Fest en Molina este domingo 26"},"content":{"rendered":"\n<h2 class=\"wp-block-heading\">El evento permitir\u00e1 disfrutar y aprender en las inmediaciones de la Escuela Agr\u00edcola de forma gratuita.<\/h2>\n\n\n\n<p>Un panorama especial para toda la familia se vivir\u00e1 en Molina este domingo 26 de octubre, con todo el encanto de los animales y tradiciones de la Granja Fest.<\/p>\n\n\n\n<p>El mega-evento, organizado por el municipio, tendr\u00e1 lugar desde las 11:00 horas en dependencias de la Escuela Agr\u00edcola Superior, instalaciones que albergar\u00e1n una serie de atracciones pensadas para rescatar el valor del campo chileno.<\/p>\n\n\n\n<p>A diferencia de a\u00f1os anteriores, para esta versi\u00f3n, la actividad se centrar\u00e1 no solo en las aves, sino que en todos los animales que componen la granja, de modo de fomentar la educaci\u00f3n en torno a las costumbres y legado patrimonial de las zonas rurales.<\/p>\n\n\n\n<p>Sin embargo, de igual manera, se desarrollar\u00e1 la tradicional competencia de la gallina mapuche, conocida tambi\u00e9n kollonka, especie aut\u00f3ctona que llama la atenci\u00f3n por no tener cola y colocar huevos de color azulado.<\/p>\n\n\n\n<p>Inclusive, los asistentes podr\u00e1n conocer de primera mano los beneficios de la equinoterapia, tratamiento cada vez m\u00e1s en boga durante los \u00faltimos a\u00f1os.<\/p>\n\n\n\n<p><strong>M\u00c1S ATRACCIONES<\/strong><\/p>\n\n\n\n<p>La instancia permitir\u00e1 brindar tambi\u00e9n una oportunidad a los emprendedores locales de comercializar productos t\u00edpicos, con la nutrida feria artesanal y gastron\u00f3mica que se montar\u00e1 en el recinto.<\/p>\n\n\n\n<p>Para los m\u00e1s peque\u00f1os, habr\u00e1 un espacio de juegos infantiles y pinta-caritas; mientras que para el p\u00fablico general habr\u00e1 un show art\u00edstico sostenido desde las 15:30 hasta las 20:00 horas, ambientando el lugar con folclore y m\u00fasica bailable.<\/p>\n\n\n\n<p>\u201cInvitamos a toda la familia a vivir nuestras tradiciones de forma entretenida y educativa con la Granja Fest de este domingo. Esperamos que se lleven recuerdos inolvidables y que disfruten de un evento que va creciendo a\u00f1o a a\u00f1o en nuestra comuna\u201d, dijo el alcalde de Molina, Felipe M\u00e9ndez.<\/p>\n\n\n\n<figure class=\"wp-block-gallery has-nested-images columns-default is-cropped wp-block-gallery-1 is-layout-flex wp-block-gallery-is-layout-flex\">\n<figure class=\"wp-block-image size-large\"><img loading=\"lazy\" decoding=\"async\" width=\"1024\" height=\"576\" data-id=\"76922\" src=\"https:\/\/web.molina.cl\/wp-content\/uploads\/2025\/10\/Granja-Fest-1024x576.jpeg\" alt=\"\" class=\"wp-image-76922\" srcset=\"https:\/\/web.molina.cl\/wp-content\/uploads\/2025\/10\/Granja-Fest-1024x576.jpeg 1024w, https:\/\/web.molina.cl\/wp-content\/uploads\/2025\/10\/Granja-Fest-300x169.jpeg 300w, https:\/\/web.molina.cl\/wp-content\/uploads\/2025\/10\/Granja-Fest-768x432.jpeg 768w, https:\/\/web.molina.cl\/wp-content\/uploads\/2025\/10\/Granja-Fest-1536x864.jpeg 1536w, https:\/\/web.molina.cl\/wp-content\/uploads\/2025\/10\/Granja-Fest-2048x1152.jpeg 2048w, https:\/\/web.molina.cl\/wp-content\/uploads\/2025\/10\/Granja-Fest-747x420.jpeg 747w, https:\/\/web.molina.cl\/wp-content\/uploads\/2025\/10\/Granja-Fest-696x392.jpeg 696w, https:\/\/web.molina.cl\/wp-content\/uploads\/2025\/10\/Granja-Fest-1068x601.jpeg 1068w, https:\/\/web.molina.cl\/wp-content\/uploads\/2025\/10\/Granja-Fest-1920x1080.jpeg 1920w\" sizes=\"(max-width: 1024px) 100vw, 1024px\" \/><\/figure>\n<\/figure>\n","protected":false},"excerpt":{"rendered":"<p>El evento permitir\u00e1 disfrutar y aprender en las inmediaciones de la Escuela Agr\u00edcola de forma gratuita. Un panorama especial para toda la familia se vivir\u00e1 en Molina este domingo 26 de octubre, con todo el encanto de los animales y tradiciones de la Granja Fest. El mega-evento, organizado por el municipio, tendr\u00e1 lugar desde las [&hellip;]<\/p>\n","protected":false},"author":2,"featured_media":76922,"comment_status":"closed","ping_status":"open","sticky":false,"template":"","format":"standard","meta":{"footnotes":""},"categories":[16],"tags":[],"_links":{"self":[{"href":"https:\/\/web.molina.cl\/index.php?rest_route=\/wp\/v2\/posts\/76921"}],"collection":[{"href":"https:\/\/web.molina.cl\/index.php?rest_route=\/wp\/v2\/posts"}],"about":[{"href":"https:\/\/web.molina.cl\/index.php?rest_route=\/wp\/v2\/types\/post"}],"author":[{"embeddable":true,"href":"https:\/\/web.molina.cl\/index.php?rest_route=\/wp\/v2\/users\/2"}],"replies":[{"embeddable":true,"href":"https:\/\/web.molina.cl\/index.php?rest_route=%2Fwp%2Fv2%2Fcomments&post=76921"}],"version-history":[{"count":1,"href":"https:\/\/web.molina.cl\/index.php?rest_route=\/wp\/v2\/posts\/76921\/revisions"}],"predecessor-version":[{"id":76923,"href":"https:\/\/web.molina.cl\/index.php?rest_route=\/wp\/v2\/posts\/76921\/revisions\/76923"}],"wp:featuredmedia":[{"embeddable":true,"href":"https:\/\/web.molina.cl\/index.php?rest_route=\/wp\/v2\/media\/76922"}],"wp:attachment":[{"href":"https:\/\/web.molina.cl\/index.php?rest_route=%2Fwp%2Fv2%2Fmedia&parent=76921"}],"wp:term":[{"taxonomy":"category","embeddable":true,"href":"https:\/\/web.molina.cl\/index.php?rest_route=%2Fwp%2Fv2%2Fcategories&post=76921"},{"taxonomy":"post_tag","embeddable":true,"href":"https:\/\/web.molina.cl\/index.php?rest_route=%2Fwp%2Fv2%2Ftags&post=76921"}],"curies":[{"name":"wp","href":"https:\/\/api.w.org\/{rel}","templated":true}]}}