{"id":76801,"date":"2025-10-13T15:55:04","date_gmt":"2025-10-13T19:55:04","guid":{"rendered":"https:\/\/web.molina.cl\/?p=76801"},"modified":"2025-10-13T15:55:05","modified_gmt":"2025-10-13T19:55:05","slug":"ratifican-potente-aumento-de-cupos-de-chile-cuida-en-molina-a-un-ano-de-iniciar-el-programa","status":"publish","type":"post","link":"https:\/\/web.molina.cl\/?p=76801","title":{"rendered":"Ratifican potente aumento de cupos de \u201cChile Cuida\u201d en Molina a un a\u00f1o de iniciar el programa"},"content":{"rendered":"\n<h2 class=\"wp-block-heading\">La Red Local de Apoyos y Cuidados abarcar\u00e1 ahora a 126 usuarios de la tur\u00edstica comuna, lo que equivale a 8 veces m\u00e1s que la actual oferta.<\/h2>\n\n\n\n<p>La extensi\u00f3n y aumento de cupos de la Red Local de Apoyos y Cuidados fue anunciada en Molina, en una ceremonia marcada por la presencia de altas autoridades y de decenas de usuarios.<\/p>\n\n\n\n<p>Para la instancia, arrib\u00f3 a la comuna la propia Subsecretaria de Servicios Sociales, Francisca Gallegos, quien ratific\u00f3 as\u00ed la importancia del programa para el Ministerio de Desarrollo Social y Familia (Mideso) en tierras molinenses.<\/p>\n\n\n\n<p>Estampando la firma que confirma la continuidad de la iniciativa, la autoridad se\u00f1al\u00f3 que \u201cnuestra meta es llegar a todo Chile, donde antes el Estado no estaba. Molina sali\u00f3 seleccionada por la distribuci\u00f3n de su cantidad de personas mayores y cuidadoras, hemos identificado a 900 y podr\u00edan ser cerca de 3.000, por lo que 15 cupos era muy poco\u201d.<\/p>\n\n\n\n<p>Por su parte, el alcalde Felipe M\u00e9ndez se\u00f1al\u00f3 que \u201cpara nosotros es tremendamente relevante el apoyo a nuestros cuidadores, donde el 95% son mujeres y esta ampliaci\u00f3n de la red significa mucho, ya que posibilita que se pueda dar asistencia en los domicilios con kinesi\u00f3logo, asistente social y nuevos funcionarios que estar\u00e1n relevando a las propias cuidadoras para que puedan realizar tr\u00e1mites durante la semana\u201d.<\/p>\n\n\n\n<p>El jefe edilicio mostr\u00f3 tambi\u00e9n sus aspiraciones de seguir aumentando la cobertura, anunciando que \u201cqueremos seguir creciendo, porque estamos ad portas de entregar el Centro de Apoyos y Cuidados de Lontu\u00e9, que est\u00e1 en construcci\u00f3n; y queremos contar con otro en Molina\u201d.<\/p>\n\n\n\n<p>Entre las usuarias, Mar\u00eda Isabel Gonz\u00e1lez, a quien le amputaron la pierna, refiere que \u201cgracias al programa y sus terapias, logr\u00e9 salir adelante. Me hacen ejercicios de brazos y piernas, me ha servido mucho\u201d.<\/p>\n\n\n\n<p>Por su parte, Leontina Far\u00edas, usuaria de Lontu\u00e9, indica que \u201cme parece bien, el apoyo est\u00e1 bien organizado. Parece que cada d\u00eda hay m\u00e1s gente con discapacidad, lo que hace que el apoyo venga mejor\u201d.<\/p>\n\n\n\n<figure class=\"wp-block-gallery has-nested-images columns-default is-cropped wp-block-gallery-1 is-layout-flex wp-block-gallery-is-layout-flex\">\n<figure class=\"wp-block-image size-large\"><img loading=\"lazy\" decoding=\"async\" width=\"1024\" height=\"684\" data-id=\"76803\" src=\"https:\/\/web.molina.cl\/wp-content\/uploads\/2025\/10\/Foto-1-3-1024x684.jpeg\" alt=\"\" class=\"wp-image-76803\" srcset=\"https:\/\/web.molina.cl\/wp-content\/uploads\/2025\/10\/Foto-1-3-1024x684.jpeg 1024w, https:\/\/web.molina.cl\/wp-content\/uploads\/2025\/10\/Foto-1-3-300x200.jpeg 300w, https:\/\/web.molina.cl\/wp-content\/uploads\/2025\/10\/Foto-1-3-768x513.jpeg 768w, https:\/\/web.molina.cl\/wp-content\/uploads\/2025\/10\/Foto-1-3-1536x1026.jpeg 1536w, https:\/\/web.molina.cl\/wp-content\/uploads\/2025\/10\/Foto-1-3-629x420.jpeg 629w, https:\/\/web.molina.cl\/wp-content\/uploads\/2025\/10\/Foto-1-3-696x465.jpeg 696w, https:\/\/web.molina.cl\/wp-content\/uploads\/2025\/10\/Foto-1-3-1068x714.jpeg 1068w, https:\/\/web.molina.cl\/wp-content\/uploads\/2025\/10\/Foto-1-3.jpeg 1600w\" sizes=\"(max-width: 1024px) 100vw, 1024px\" \/><\/figure>\n\n\n\n<figure class=\"wp-block-image size-large\"><img loading=\"lazy\" decoding=\"async\" width=\"1024\" height=\"684\" data-id=\"76802\" src=\"https:\/\/web.molina.cl\/wp-content\/uploads\/2025\/10\/Foto-2-2-1024x684.jpeg\" alt=\"\" class=\"wp-image-76802\" srcset=\"https:\/\/web.molina.cl\/wp-content\/uploads\/2025\/10\/Foto-2-2-1024x684.jpeg 1024w, https:\/\/web.molina.cl\/wp-content\/uploads\/2025\/10\/Foto-2-2-300x200.jpeg 300w, https:\/\/web.molina.cl\/wp-content\/uploads\/2025\/10\/Foto-2-2-768x513.jpeg 768w, https:\/\/web.molina.cl\/wp-content\/uploads\/2025\/10\/Foto-2-2-1536x1026.jpeg 1536w, https:\/\/web.molina.cl\/wp-content\/uploads\/2025\/10\/Foto-2-2-629x420.jpeg 629w, https:\/\/web.molina.cl\/wp-content\/uploads\/2025\/10\/Foto-2-2-696x465.jpeg 696w, https:\/\/web.molina.cl\/wp-content\/uploads\/2025\/10\/Foto-2-2-1068x714.jpeg 1068w, https:\/\/web.molina.cl\/wp-content\/uploads\/2025\/10\/Foto-2-2.jpeg 1600w\" sizes=\"(max-width: 1024px) 100vw, 1024px\" \/><\/figure>\n<\/figure>\n","protected":false},"excerpt":{"rendered":"<p>La Red Local de Apoyos y Cuidados abarcar\u00e1 ahora a 126 usuarios de la tur\u00edstica comuna, lo que equivale a 8 veces m\u00e1s que la actual oferta. La extensi\u00f3n y aumento de cupos de la Red Local de Apoyos y Cuidados fue anunciada en Molina, en una ceremonia marcada por la presencia de altas autoridades [&hellip;]<\/p>\n","protected":false},"author":2,"featured_media":76803,"comment_status":"closed","ping_status":"open","sticky":false,"template":"","format":"standard","meta":{"footnotes":""},"categories":[3],"tags":[],"_links":{"self":[{"href":"https:\/\/web.molina.cl\/index.php?rest_route=\/wp\/v2\/posts\/76801"}],"collection":[{"href":"https:\/\/web.molina.cl\/index.php?rest_route=\/wp\/v2\/posts"}],"about":[{"href":"https:\/\/web.molina.cl\/index.php?rest_route=\/wp\/v2\/types\/post"}],"author":[{"embeddable":true,"href":"https:\/\/web.molina.cl\/index.php?rest_route=\/wp\/v2\/users\/2"}],"replies":[{"embeddable":true,"href":"https:\/\/web.molina.cl\/index.php?rest_route=%2Fwp%2Fv2%2Fcomments&post=76801"}],"version-history":[{"count":1,"href":"https:\/\/web.molina.cl\/index.php?rest_route=\/wp\/v2\/posts\/76801\/revisions"}],"predecessor-version":[{"id":76804,"href":"https:\/\/web.molina.cl\/index.php?rest_route=\/wp\/v2\/posts\/76801\/revisions\/76804"}],"wp:featuredmedia":[{"embeddable":true,"href":"https:\/\/web.molina.cl\/index.php?rest_route=\/wp\/v2\/media\/76803"}],"wp:attachment":[{"href":"https:\/\/web.molina.cl\/index.php?rest_route=%2Fwp%2Fv2%2Fmedia&parent=76801"}],"wp:term":[{"taxonomy":"category","embeddable":true,"href":"https:\/\/web.molina.cl\/index.php?rest_route=%2Fwp%2Fv2%2Fcategories&post=76801"},{"taxonomy":"post_tag","embeddable":true,"href":"https:\/\/web.molina.cl\/index.php?rest_route=%2Fwp%2Fv2%2Ftags&post=76801"}],"curies":[{"name":"wp","href":"https:\/\/api.w.org\/{rel}","templated":true}]}}