{"id":76425,"date":"2025-10-02T10:24:01","date_gmt":"2025-10-02T14:24:01","guid":{"rendered":"https:\/\/web.molina.cl\/?p=76425"},"modified":"2025-10-02T10:24:01","modified_gmt":"2025-10-02T14:24:01","slug":"se-acerca-el-momento-350-familias-comienzan-revision-de-sus-nuevas-viviendas-en-lontue","status":"publish","type":"post","link":"https:\/\/web.molina.cl\/?p=76425","title":{"rendered":"Se acerca el momento: 350 familias comienzan revisi\u00f3n de sus nuevas viviendas en Lontu\u00e9"},"content":{"rendered":"\n<h2 class=\"wp-block-heading\">El equipo de la Oficina de Vivienda del municipio de Molina acompa\u00f1\u00f3 a los futuros propietarios de los conjuntos habitacionales San Bonifacio I y II.<\/h2>\n\n\n\n<p>Cargados de ilusiones, los futuros propietarios del conjunto habitacional San Bonifacio I y II de Lontu\u00e9 comenzaron con el proceso de pre-entrega de sus casas.<\/p>\n\n\n\n<p>Acompa\u00f1ados por el equipo municipal de Molina, los m\u00e1s de 350 beneficiados comenzaron a recorrer las instalaciones del complejo en el que se emplazar\u00e1 este nuevo barrio, tras obtener subsidio del Servicio de Vivienda y Urbanismo (Serviu).<\/p>\n\n\n\n<p>En la oportunidad, el propio alcalde Felipe M\u00e9ndez encabez\u00f3 la comitiva asesorando a quienes har\u00e1n realidad la ansiada casa propia, recordando la importancia de cerciorarse del correcto funcionamiento de cada inmueble.<\/p>\n\n\n\n<p>\u201cHoy se culmina una etapa, pero comienza otra inmediatamente, puesto que est\u00e1n ad portas de iniciar la vida en esta nueva villa en la que ser\u00e1n propietarios de un pedacito de Chile\u201d, dijo el jefe edilicio.<\/p>\n\n\n\n<p>La m\u00e1xima autoridad local aprovech\u00f3 la instancia para recordar que \u201csomos la comuna que lidera en la Provincia de Curic\u00f3 en cuanto a proyectos habitacionales, as\u00ed que reafirmamos nuestro compromiso como administraci\u00f3n municipal de seguir trabajando fuertemente para que m\u00e1s familias de la comuna tenga la casa propia\u201d.<\/p>\n\n\n\n<p>Por su parte, el concejal Jos\u00e9 Luis Lizana destac\u00f3 los buenos resultados obtenidos en materia habitacional, se\u00f1alando que \u201ces un mega-proyecto y nos hace sentir contentos de haber aportado con un granito de arena. Peleamos bastante, golpeamos puertas y hoy vemos todo concretado. M\u00e1s all\u00e1 de una construcci\u00f3n, ser\u00e1n hogares, barrios en donde se escribir\u00e1n muchas historias de las familias lontueninas\u201d.<\/p>\n\n\n\n<figure class=\"wp-block-gallery has-nested-images columns-default is-cropped wp-block-gallery-1 is-layout-flex wp-block-gallery-is-layout-flex\">\n<figure class=\"wp-block-image size-large\"><img loading=\"lazy\" decoding=\"async\" width=\"1024\" height=\"769\" data-id=\"76429\" src=\"https:\/\/web.molina.cl\/wp-content\/uploads\/2025\/10\/Foto-1-1-1024x769.jpg\" alt=\"\" class=\"wp-image-76429\" srcset=\"https:\/\/web.molina.cl\/wp-content\/uploads\/2025\/10\/Foto-1-1-1024x769.jpg 1024w, https:\/\/web.molina.cl\/wp-content\/uploads\/2025\/10\/Foto-1-1-300x225.jpg 300w, https:\/\/web.molina.cl\/wp-content\/uploads\/2025\/10\/Foto-1-1-768x577.jpg 768w, https:\/\/web.molina.cl\/wp-content\/uploads\/2025\/10\/Foto-1-1-1536x1153.jpg 1536w, https:\/\/web.molina.cl\/wp-content\/uploads\/2025\/10\/Foto-1-1-2048x1538.jpg 2048w, https:\/\/web.molina.cl\/wp-content\/uploads\/2025\/10\/Foto-1-1-559x420.jpg 559w, https:\/\/web.molina.cl\/wp-content\/uploads\/2025\/10\/Foto-1-1-80x60.jpg 80w, https:\/\/web.molina.cl\/wp-content\/uploads\/2025\/10\/Foto-1-1-696x523.jpg 696w, https:\/\/web.molina.cl\/wp-content\/uploads\/2025\/10\/Foto-1-1-1068x802.jpg 1068w, https:\/\/web.molina.cl\/wp-content\/uploads\/2025\/10\/Foto-1-1-1920x1441.jpg 1920w, https:\/\/web.molina.cl\/wp-content\/uploads\/2025\/10\/Foto-1-1-265x198.jpg 265w\" sizes=\"(max-width: 1024px) 100vw, 1024px\" \/><\/figure>\n\n\n\n<figure class=\"wp-block-image size-large\"><img loading=\"lazy\" decoding=\"async\" width=\"1024\" height=\"769\" data-id=\"76426\" src=\"https:\/\/web.molina.cl\/wp-content\/uploads\/2025\/10\/Foto-2-1024x769.jpg\" alt=\"\" class=\"wp-image-76426\" srcset=\"https:\/\/web.molina.cl\/wp-content\/uploads\/2025\/10\/Foto-2-1024x769.jpg 1024w, https:\/\/web.molina.cl\/wp-content\/uploads\/2025\/10\/Foto-2-300x225.jpg 300w, https:\/\/web.molina.cl\/wp-content\/uploads\/2025\/10\/Foto-2-768x577.jpg 768w, https:\/\/web.molina.cl\/wp-content\/uploads\/2025\/10\/Foto-2-1536x1153.jpg 1536w, https:\/\/web.molina.cl\/wp-content\/uploads\/2025\/10\/Foto-2-2048x1538.jpg 2048w, https:\/\/web.molina.cl\/wp-content\/uploads\/2025\/10\/Foto-2-559x420.jpg 559w, https:\/\/web.molina.cl\/wp-content\/uploads\/2025\/10\/Foto-2-80x60.jpg 80w, https:\/\/web.molina.cl\/wp-content\/uploads\/2025\/10\/Foto-2-696x523.jpg 696w, https:\/\/web.molina.cl\/wp-content\/uploads\/2025\/10\/Foto-2-1068x802.jpg 1068w, https:\/\/web.molina.cl\/wp-content\/uploads\/2025\/10\/Foto-2-1920x1441.jpg 1920w, https:\/\/web.molina.cl\/wp-content\/uploads\/2025\/10\/Foto-2-265x198.jpg 265w\" sizes=\"(max-width: 1024px) 100vw, 1024px\" \/><\/figure>\n\n\n\n<figure class=\"wp-block-image size-large\"><img loading=\"lazy\" decoding=\"async\" width=\"1024\" height=\"769\" data-id=\"76428\" src=\"https:\/\/web.molina.cl\/wp-content\/uploads\/2025\/10\/Foto-3-1024x769.jpg\" alt=\"\" class=\"wp-image-76428\" srcset=\"https:\/\/web.molina.cl\/wp-content\/uploads\/2025\/10\/Foto-3-1024x769.jpg 1024w, https:\/\/web.molina.cl\/wp-content\/uploads\/2025\/10\/Foto-3-300x225.jpg 300w, https:\/\/web.molina.cl\/wp-content\/uploads\/2025\/10\/Foto-3-768x577.jpg 768w, https:\/\/web.molina.cl\/wp-content\/uploads\/2025\/10\/Foto-3-1536x1153.jpg 1536w, https:\/\/web.molina.cl\/wp-content\/uploads\/2025\/10\/Foto-3-2048x1538.jpg 2048w, https:\/\/web.molina.cl\/wp-content\/uploads\/2025\/10\/Foto-3-559x420.jpg 559w, https:\/\/web.molina.cl\/wp-content\/uploads\/2025\/10\/Foto-3-80x60.jpg 80w, https:\/\/web.molina.cl\/wp-content\/uploads\/2025\/10\/Foto-3-696x523.jpg 696w, https:\/\/web.molina.cl\/wp-content\/uploads\/2025\/10\/Foto-3-1068x802.jpg 1068w, https:\/\/web.molina.cl\/wp-content\/uploads\/2025\/10\/Foto-3-1920x1441.jpg 1920w, https:\/\/web.molina.cl\/wp-content\/uploads\/2025\/10\/Foto-3-265x198.jpg 265w\" sizes=\"(max-width: 1024px) 100vw, 1024px\" \/><\/figure>\n<\/figure>\n","protected":false},"excerpt":{"rendered":"<p>El equipo de la Oficina de Vivienda del municipio de Molina acompa\u00f1\u00f3 a los futuros propietarios de los conjuntos habitacionales San Bonifacio I y II. Cargados de ilusiones, los futuros propietarios del conjunto habitacional San Bonifacio I y II de Lontu\u00e9 comenzaron con el proceso de pre-entrega de sus casas. Acompa\u00f1ados por el equipo municipal [&hellip;]<\/p>\n","protected":false},"author":2,"featured_media":76429,"comment_status":"closed","ping_status":"open","sticky":false,"template":"","format":"standard","meta":{"footnotes":""},"categories":[9],"tags":[],"_links":{"self":[{"href":"https:\/\/web.molina.cl\/index.php?rest_route=\/wp\/v2\/posts\/76425"}],"collection":[{"href":"https:\/\/web.molina.cl\/index.php?rest_route=\/wp\/v2\/posts"}],"about":[{"href":"https:\/\/web.molina.cl\/index.php?rest_route=\/wp\/v2\/types\/post"}],"author":[{"embeddable":true,"href":"https:\/\/web.molina.cl\/index.php?rest_route=\/wp\/v2\/users\/2"}],"replies":[{"embeddable":true,"href":"https:\/\/web.molina.cl\/index.php?rest_route=%2Fwp%2Fv2%2Fcomments&post=76425"}],"version-history":[{"count":1,"href":"https:\/\/web.molina.cl\/index.php?rest_route=\/wp\/v2\/posts\/76425\/revisions"}],"predecessor-version":[{"id":76430,"href":"https:\/\/web.molina.cl\/index.php?rest_route=\/wp\/v2\/posts\/76425\/revisions\/76430"}],"wp:featuredmedia":[{"embeddable":true,"href":"https:\/\/web.molina.cl\/index.php?rest_route=\/wp\/v2\/media\/76429"}],"wp:attachment":[{"href":"https:\/\/web.molina.cl\/index.php?rest_route=%2Fwp%2Fv2%2Fmedia&parent=76425"}],"wp:term":[{"taxonomy":"category","embeddable":true,"href":"https:\/\/web.molina.cl\/index.php?rest_route=%2Fwp%2Fv2%2Fcategories&post=76425"},{"taxonomy":"post_tag","embeddable":true,"href":"https:\/\/web.molina.cl\/index.php?rest_route=%2Fwp%2Fv2%2Ftags&post=76425"}],"curies":[{"name":"wp","href":"https:\/\/api.w.org\/{rel}","templated":true}]}}