{"id":76421,"date":"2025-10-02T10:20:39","date_gmt":"2025-10-02T14:20:39","guid":{"rendered":"https:\/\/web.molina.cl\/?p=76421"},"modified":"2025-10-02T10:20:40","modified_gmt":"2025-10-02T14:20:40","slug":"municipio-mejora-con-recursos-propios-el-camino-santa-lucia","status":"publish","type":"post","link":"https:\/\/web.molina.cl\/?p=76421","title":{"rendered":"Municipio mejora con recursos propios el camino Santa Luc\u00eda"},"content":{"rendered":"\n<h2 class=\"wp-block-heading\">La v\u00eda qued\u00f3 completamente operativa tras varias semanas de faenas.<\/h2>\n\n\n\n<p>Ante la falta de respuesta de organismos como la Direcci\u00f3n de Vialidad y Serviu, el municipio decidi\u00f3 tomar cartas en el asunto y reparar el tramo de esta concurrida v\u00eda que conecta a Lontu\u00e9 con Molina por el interior.<\/p>\n\n\n\n<p>Luego de intensos trabajos que iniciaron antes de las Fiestas Patrias, la cuadrilla de operarios termin\u00f3 las extensas faenas a lo largo de los primeros 40 metros de la ruta, por el sector cercano a la estaci\u00f3n de ferrocarriles.<\/p>\n\n\n\n<p>Destacando la importancia de la gesti\u00f3n y voluntad de solucionar los problemas, el alcalde molinense, Felipe M\u00e9ndez, se\u00f1al\u00f3 que \u201cestamos dando cumplimiento a un compromiso que hicimos con los vecinos de Molina que transitan habitualmente por este camino, el cual estaba en p\u00e9simas condiciones a la altura de la bodega de Santa Carolina, pero que hoy est\u00e1 completamente reparado. Vamos a seguir trabajando para tapar todos los baches en los sectores de nuestra comuna\u201d.<\/p>\n\n\n\n<figure class=\"wp-block-gallery has-nested-images columns-default is-cropped wp-block-gallery-1 is-layout-flex wp-block-gallery-is-layout-flex\">\n<figure class=\"wp-block-image size-large\"><img loading=\"lazy\" decoding=\"async\" width=\"1024\" height=\"684\" data-id=\"76422\" src=\"https:\/\/web.molina.cl\/wp-content\/uploads\/2025\/10\/Santa-Lucia-1024x684.jpeg\" alt=\"\" class=\"wp-image-76422\" srcset=\"https:\/\/web.molina.cl\/wp-content\/uploads\/2025\/10\/Santa-Lucia-1024x684.jpeg 1024w, https:\/\/web.molina.cl\/wp-content\/uploads\/2025\/10\/Santa-Lucia-300x200.jpeg 300w, https:\/\/web.molina.cl\/wp-content\/uploads\/2025\/10\/Santa-Lucia-768x513.jpeg 768w, https:\/\/web.molina.cl\/wp-content\/uploads\/2025\/10\/Santa-Lucia-1536x1026.jpeg 1536w, https:\/\/web.molina.cl\/wp-content\/uploads\/2025\/10\/Santa-Lucia-629x420.jpeg 629w, https:\/\/web.molina.cl\/wp-content\/uploads\/2025\/10\/Santa-Lucia-696x465.jpeg 696w, https:\/\/web.molina.cl\/wp-content\/uploads\/2025\/10\/Santa-Lucia-1068x714.jpeg 1068w, https:\/\/web.molina.cl\/wp-content\/uploads\/2025\/10\/Santa-Lucia.jpeg 1600w\" sizes=\"(max-width: 1024px) 100vw, 1024px\" \/><\/figure>\n\n\n\n<figure class=\"wp-block-image size-large\"><img loading=\"lazy\" decoding=\"async\" width=\"1024\" height=\"684\" data-id=\"76423\" src=\"https:\/\/web.molina.cl\/wp-content\/uploads\/2025\/10\/Santa-Lucia-2-1024x684.jpeg\" alt=\"\" class=\"wp-image-76423\" srcset=\"https:\/\/web.molina.cl\/wp-content\/uploads\/2025\/10\/Santa-Lucia-2-1024x684.jpeg 1024w, https:\/\/web.molina.cl\/wp-content\/uploads\/2025\/10\/Santa-Lucia-2-300x200.jpeg 300w, https:\/\/web.molina.cl\/wp-content\/uploads\/2025\/10\/Santa-Lucia-2-768x513.jpeg 768w, https:\/\/web.molina.cl\/wp-content\/uploads\/2025\/10\/Santa-Lucia-2-1536x1026.jpeg 1536w, https:\/\/web.molina.cl\/wp-content\/uploads\/2025\/10\/Santa-Lucia-2-629x420.jpeg 629w, https:\/\/web.molina.cl\/wp-content\/uploads\/2025\/10\/Santa-Lucia-2-696x465.jpeg 696w, https:\/\/web.molina.cl\/wp-content\/uploads\/2025\/10\/Santa-Lucia-2-1068x714.jpeg 1068w, https:\/\/web.molina.cl\/wp-content\/uploads\/2025\/10\/Santa-Lucia-2.jpeg 1600w\" sizes=\"(max-width: 1024px) 100vw, 1024px\" \/><\/figure>\n<\/figure>\n","protected":false},"excerpt":{"rendered":"<p>La v\u00eda qued\u00f3 completamente operativa tras varias semanas de faenas. Ante la falta de respuesta de organismos como la Direcci\u00f3n de Vialidad y Serviu, el municipio decidi\u00f3 tomar cartas en el asunto y reparar el tramo de esta concurrida v\u00eda que conecta a Lontu\u00e9 con Molina por el interior. Luego de intensos trabajos que iniciaron [&hellip;]<\/p>\n","protected":false},"author":2,"featured_media":76423,"comment_status":"closed","ping_status":"open","sticky":false,"template":"","format":"standard","meta":{"footnotes":""},"categories":[6,3212],"tags":[],"_links":{"self":[{"href":"https:\/\/web.molina.cl\/index.php?rest_route=\/wp\/v2\/posts\/76421"}],"collection":[{"href":"https:\/\/web.molina.cl\/index.php?rest_route=\/wp\/v2\/posts"}],"about":[{"href":"https:\/\/web.molina.cl\/index.php?rest_route=\/wp\/v2\/types\/post"}],"author":[{"embeddable":true,"href":"https:\/\/web.molina.cl\/index.php?rest_route=\/wp\/v2\/users\/2"}],"replies":[{"embeddable":true,"href":"https:\/\/web.molina.cl\/index.php?rest_route=%2Fwp%2Fv2%2Fcomments&post=76421"}],"version-history":[{"count":1,"href":"https:\/\/web.molina.cl\/index.php?rest_route=\/wp\/v2\/posts\/76421\/revisions"}],"predecessor-version":[{"id":76424,"href":"https:\/\/web.molina.cl\/index.php?rest_route=\/wp\/v2\/posts\/76421\/revisions\/76424"}],"wp:featuredmedia":[{"embeddable":true,"href":"https:\/\/web.molina.cl\/index.php?rest_route=\/wp\/v2\/media\/76423"}],"wp:attachment":[{"href":"https:\/\/web.molina.cl\/index.php?rest_route=%2Fwp%2Fv2%2Fmedia&parent=76421"}],"wp:term":[{"taxonomy":"category","embeddable":true,"href":"https:\/\/web.molina.cl\/index.php?rest_route=%2Fwp%2Fv2%2Fcategories&post=76421"},{"taxonomy":"post_tag","embeddable":true,"href":"https:\/\/web.molina.cl\/index.php?rest_route=%2Fwp%2Fv2%2Ftags&post=76421"}],"curies":[{"name":"wp","href":"https:\/\/api.w.org\/{rel}","templated":true}]}}