{"id":76372,"date":"2025-09-26T14:59:16","date_gmt":"2025-09-26T18:59:16","guid":{"rendered":"https:\/\/web.molina.cl\/?p=76372"},"modified":"2025-09-26T14:59:17","modified_gmt":"2025-09-26T18:59:17","slug":"mano-dura-en-molina-alcalde-felipe-mendez-destituye-a-todos-los-funcionarios-que-viajaron-con-licencia-medica","status":"publish","type":"post","link":"https:\/\/web.molina.cl\/?p=76372","title":{"rendered":"Mano dura en Molina: Alcalde Felipe M\u00e9ndez destituye a todos los funcionarios que viajaron con licencia m\u00e9dica"},"content":{"rendered":"\n<h2 class=\"wp-block-heading\">Dentro de los ahora ex trabajadores, se encuentran funcionarios de altos rangos directivos.<\/h2>\n\n\n\n<p>Cumpliendo con su palabra, el alcalde de Molina, Felipe M\u00e9ndez Guzm\u00e1n, aplic\u00f3 todo el rigor de la ley frente al esc\u00e1ndalo de los llamados \u201cfuncionarios viajeros\u201d.<\/p>\n\n\n\n<p>El jefe comunal, una vez finalizado el debido proceso y decretado el cierre de la investigaci\u00f3n, procedi\u00f3 a la apertura de la vista fiscal; donde la medida adoptada por los fiscales a cargo fue la destituci\u00f3n inmediata e inhabilidad por 5 a\u00f1os de ejercer cargos p\u00fablicos para los trabajadores detectados en el informe de Contralor\u00eda por salir del pa\u00eds estando con licencia m\u00e9dica.<\/p>\n\n\n\n<p>De esta forma, la primera autoridad comunal reafirma su compromiso con la transparencia, la probidad y el respeto por los vecinos de Molina. Cabe destacar que ninguno de los involucrados pudo justificar el viaje al extranjero con motivos m\u00e9dicos.<\/p>\n\n\n\n<p>La medida no hizo distinciones y alcanz\u00f3 tanto a personal del municipio como a funcionarios de los Departamentos de Salud y Educaci\u00f3n.<\/p>\n\n\n\n<p>\u201cAqu\u00ed no hay intocables. El servicio p\u00fablico es para servir a la gente y no para aprovecharse de los recursos de todos. Molina merece respeto y mi deber es velar porque las reglas se cumplan, caiga quien caiga\u201d, declar\u00f3 el alcalde M\u00e9ndez con firmeza.<\/p>\n\n\n\n<p>La lista incluye a funcionarios de altos rangos directivos del municipio, como tambi\u00e9n del Departamento de Salud y Educaci\u00f3n. Ah\u00ed, destacan docentes y asistentes de la educaci\u00f3n, adem\u00e1s de funcionarios con m\u00e1s de 30 a\u00f1os de servicio, quienes cierran su carrera en el sector p\u00fablico con una abrupta desvinculaci\u00f3n producto de estas irregularidades.<\/p>\n\n\n\n<p>La determinaci\u00f3n del alcalde M\u00e9ndez marca un precedente hist\u00f3rico en tierras molinenses, al demostrar que su administraci\u00f3n no tolerar\u00e1 abusos ni privilegios, independientemente del rango o la antig\u00fcedad de los involucrados.<\/p>\n\n\n\n<figure class=\"wp-block-gallery has-nested-images columns-default is-cropped wp-block-gallery-1 is-layout-flex wp-block-gallery-is-layout-flex\">\n<figure class=\"wp-block-image size-large\"><img loading=\"lazy\" decoding=\"async\" width=\"1024\" height=\"925\" data-id=\"76373\" src=\"https:\/\/web.molina.cl\/wp-content\/uploads\/2025\/09\/Foto-1-6-1024x925.jpg\" alt=\"\" class=\"wp-image-76373\" srcset=\"https:\/\/web.molina.cl\/wp-content\/uploads\/2025\/09\/Foto-1-6-1024x925.jpg 1024w, https:\/\/web.molina.cl\/wp-content\/uploads\/2025\/09\/Foto-1-6-300x271.jpg 300w, https:\/\/web.molina.cl\/wp-content\/uploads\/2025\/09\/Foto-1-6-768x694.jpg 768w, https:\/\/web.molina.cl\/wp-content\/uploads\/2025\/09\/Foto-1-6-1536x1388.jpg 1536w, https:\/\/web.molina.cl\/wp-content\/uploads\/2025\/09\/Foto-1-6-2048x1850.jpg 2048w, https:\/\/web.molina.cl\/wp-content\/uploads\/2025\/09\/Foto-1-6-465x420.jpg 465w, https:\/\/web.molina.cl\/wp-content\/uploads\/2025\/09\/Foto-1-6-696x629.jpg 696w, https:\/\/web.molina.cl\/wp-content\/uploads\/2025\/09\/Foto-1-6-1068x965.jpg 1068w, https:\/\/web.molina.cl\/wp-content\/uploads\/2025\/09\/Foto-1-6-1920x1734.jpg 1920w\" sizes=\"(max-width: 1024px) 100vw, 1024px\" \/><\/figure>\n<\/figure>\n","protected":false},"excerpt":{"rendered":"<p>Dentro de los ahora ex trabajadores, se encuentran funcionarios de altos rangos directivos. Cumpliendo con su palabra, el alcalde de Molina, Felipe M\u00e9ndez Guzm\u00e1n, aplic\u00f3 todo el rigor de la ley frente al esc\u00e1ndalo de los llamados \u201cfuncionarios viajeros\u201d. El jefe comunal, una vez finalizado el debido proceso y decretado el cierre de la investigaci\u00f3n, [&hellip;]<\/p>\n","protected":false},"author":2,"featured_media":76373,"comment_status":"closed","ping_status":"open","sticky":false,"template":"","format":"standard","meta":{"footnotes":""},"categories":[4],"tags":[],"_links":{"self":[{"href":"https:\/\/web.molina.cl\/index.php?rest_route=\/wp\/v2\/posts\/76372"}],"collection":[{"href":"https:\/\/web.molina.cl\/index.php?rest_route=\/wp\/v2\/posts"}],"about":[{"href":"https:\/\/web.molina.cl\/index.php?rest_route=\/wp\/v2\/types\/post"}],"author":[{"embeddable":true,"href":"https:\/\/web.molina.cl\/index.php?rest_route=\/wp\/v2\/users\/2"}],"replies":[{"embeddable":true,"href":"https:\/\/web.molina.cl\/index.php?rest_route=%2Fwp%2Fv2%2Fcomments&post=76372"}],"version-history":[{"count":1,"href":"https:\/\/web.molina.cl\/index.php?rest_route=\/wp\/v2\/posts\/76372\/revisions"}],"predecessor-version":[{"id":76374,"href":"https:\/\/web.molina.cl\/index.php?rest_route=\/wp\/v2\/posts\/76372\/revisions\/76374"}],"wp:featuredmedia":[{"embeddable":true,"href":"https:\/\/web.molina.cl\/index.php?rest_route=\/wp\/v2\/media\/76373"}],"wp:attachment":[{"href":"https:\/\/web.molina.cl\/index.php?rest_route=%2Fwp%2Fv2%2Fmedia&parent=76372"}],"wp:term":[{"taxonomy":"category","embeddable":true,"href":"https:\/\/web.molina.cl\/index.php?rest_route=%2Fwp%2Fv2%2Fcategories&post=76372"},{"taxonomy":"post_tag","embeddable":true,"href":"https:\/\/web.molina.cl\/index.php?rest_route=%2Fwp%2Fv2%2Ftags&post=76372"}],"curies":[{"name":"wp","href":"https:\/\/api.w.org\/{rel}","templated":true}]}}