{"id":76305,"date":"2025-09-16T14:14:56","date_gmt":"2025-09-16T18:14:56","guid":{"rendered":"https:\/\/web.molina.cl\/?p=76305"},"modified":"2025-09-16T14:14:56","modified_gmt":"2025-09-16T18:14:56","slug":"invertiran-mas-de-60-millones-de-pesos-para-personas-con-discapacidad-en-molina","status":"publish","type":"post","link":"https:\/\/web.molina.cl\/?p=76305","title":{"rendered":"Invertir\u00e1n m\u00e1s de 60 millones de pesos para personas con discapacidad en Molina"},"content":{"rendered":"\n<h2 class=\"wp-block-heading\">La Directora Nacional(s) de Senadis, Karen Astorga, ratific\u00f3 la implementaci\u00f3n de tres programas para la comuna, en un lanzamiento realizado en la Escuela Diferencial Esperanza.<\/h2>\n\n\n\n<p>Una importante inversi\u00f3n en Molina anunci\u00f3 la Directora Nacional(s) del Servicio Nacional de la Discapacidad (Senadis), Karen Astorga, tras recorrer la comuna junto al alcalde Felipe M\u00e9ndez.<\/p>\n\n\n\n<p>En la oportunidad, se dio a conocer la implementaci\u00f3n de tres programas que totalizan recursos por 61 millones de pesos, destinados a fortalecer los servicios existentes y ampliar la cobertura de usuarios.<\/p>\n\n\n\n<p>Entre las iniciativas, destaca el Programa Tr\u00e1nsito a la Vida Independiente modalidad colectivo, que brinda servicios de apoyo de cuidados y asistencia, de intermediaci\u00f3n y de entornos adaptados; contemplando 43 millones de pesos.<\/p>\n\n\n\n<p>Por su parte, el Programa Instituciones Educativas capacitar\u00e1 a docentes y equipos educativos con talleres y recursos de apoyo, recibiendo 14 millones de pesos. A ello se suma un financiamiento adicional de 4,4 millones de pesos para promover experiencias pedag\u00f3gicas interculturales mediante un Encuentro Comunal de Estudiantes y funcionarios(as) sordos(as) junto a sus redes de apoyo.<\/p>\n\n\n\n<p><strong>IMPORTANTES AVANCES<\/strong><\/p>\n\n\n\n<p>Luego de recorrer las instalaciones de la Casa de la Inclusi\u00f3n de la comuna y presenciar el acto de Fiestas Patrias de la Escuela Diferencial Esperanza, la Directora Nacional(s) de Senadis, Karen Astorga, reconoci\u00f3 que \u201cMolina es una de las principales comunas que ha estado avanzando en materia de inclusi\u00f3n social. Avanzar en accesibilidad y en turismo inclusivo es relevante, con equipos que trabajan desde el amor y el coraz\u00f3n\u201d.<\/p>\n\n\n\n<p>En tanto, el alcalde de Molina, Felipe M\u00e9ndez, se\u00f1al\u00f3 que \u201cdesde que llegamos a la administraci\u00f3n municipal, la inclusi\u00f3n ha sido un tema y por eso no lo miramos de manera superficial, lo hemos tomado en serio. Dentro del municipio tenemos personas con discapacidad trabajando y nuestro compromiso es mantener la Casa de la Inclusi\u00f3n, como tambi\u00e9n continuar con la Casa Saludable apoyando a las personas con discapacidad\u201d.<\/p>\n\n\n\n<figure class=\"wp-block-gallery has-nested-images columns-default is-cropped wp-block-gallery-1 is-layout-flex wp-block-gallery-is-layout-flex\">\n<figure class=\"wp-block-image size-large\"><img loading=\"lazy\" decoding=\"async\" width=\"1024\" height=\"768\" data-id=\"76306\" src=\"https:\/\/web.molina.cl\/wp-content\/uploads\/2025\/09\/Inversion-Senadis-1024x768.jpeg\" alt=\"\" class=\"wp-image-76306\" srcset=\"https:\/\/web.molina.cl\/wp-content\/uploads\/2025\/09\/Inversion-Senadis-1024x768.jpeg 1024w, https:\/\/web.molina.cl\/wp-content\/uploads\/2025\/09\/Inversion-Senadis-300x225.jpeg 300w, https:\/\/web.molina.cl\/wp-content\/uploads\/2025\/09\/Inversion-Senadis-768x576.jpeg 768w, https:\/\/web.molina.cl\/wp-content\/uploads\/2025\/09\/Inversion-Senadis-1536x1152.jpeg 1536w, https:\/\/web.molina.cl\/wp-content\/uploads\/2025\/09\/Inversion-Senadis-2048x1536.jpeg 2048w, https:\/\/web.molina.cl\/wp-content\/uploads\/2025\/09\/Inversion-Senadis-560x420.jpeg 560w, https:\/\/web.molina.cl\/wp-content\/uploads\/2025\/09\/Inversion-Senadis-80x60.jpeg 80w, https:\/\/web.molina.cl\/wp-content\/uploads\/2025\/09\/Inversion-Senadis-696x522.jpeg 696w, https:\/\/web.molina.cl\/wp-content\/uploads\/2025\/09\/Inversion-Senadis-1068x801.jpeg 1068w, https:\/\/web.molina.cl\/wp-content\/uploads\/2025\/09\/Inversion-Senadis-1920x1440.jpeg 1920w, https:\/\/web.molina.cl\/wp-content\/uploads\/2025\/09\/Inversion-Senadis-265x198.jpeg 265w\" sizes=\"(max-width: 1024px) 100vw, 1024px\" \/><\/figure>\n<\/figure>\n","protected":false},"excerpt":{"rendered":"<p>La Directora Nacional(s) de Senadis, Karen Astorga, ratific\u00f3 la implementaci\u00f3n de tres programas para la comuna, en un lanzamiento realizado en la Escuela Diferencial Esperanza. Una importante inversi\u00f3n en Molina anunci\u00f3 la Directora Nacional(s) del Servicio Nacional de la Discapacidad (Senadis), Karen Astorga, tras recorrer la comuna junto al alcalde Felipe M\u00e9ndez. En la oportunidad, [&hellip;]<\/p>\n","protected":false},"author":2,"featured_media":76306,"comment_status":"closed","ping_status":"open","sticky":false,"template":"","format":"standard","meta":{"footnotes":""},"categories":[3,3009],"tags":[],"_links":{"self":[{"href":"https:\/\/web.molina.cl\/index.php?rest_route=\/wp\/v2\/posts\/76305"}],"collection":[{"href":"https:\/\/web.molina.cl\/index.php?rest_route=\/wp\/v2\/posts"}],"about":[{"href":"https:\/\/web.molina.cl\/index.php?rest_route=\/wp\/v2\/types\/post"}],"author":[{"embeddable":true,"href":"https:\/\/web.molina.cl\/index.php?rest_route=\/wp\/v2\/users\/2"}],"replies":[{"embeddable":true,"href":"https:\/\/web.molina.cl\/index.php?rest_route=%2Fwp%2Fv2%2Fcomments&post=76305"}],"version-history":[{"count":1,"href":"https:\/\/web.molina.cl\/index.php?rest_route=\/wp\/v2\/posts\/76305\/revisions"}],"predecessor-version":[{"id":76307,"href":"https:\/\/web.molina.cl\/index.php?rest_route=\/wp\/v2\/posts\/76305\/revisions\/76307"}],"wp:featuredmedia":[{"embeddable":true,"href":"https:\/\/web.molina.cl\/index.php?rest_route=\/wp\/v2\/media\/76306"}],"wp:attachment":[{"href":"https:\/\/web.molina.cl\/index.php?rest_route=%2Fwp%2Fv2%2Fmedia&parent=76305"}],"wp:term":[{"taxonomy":"category","embeddable":true,"href":"https:\/\/web.molina.cl\/index.php?rest_route=%2Fwp%2Fv2%2Fcategories&post=76305"},{"taxonomy":"post_tag","embeddable":true,"href":"https:\/\/web.molina.cl\/index.php?rest_route=%2Fwp%2Fv2%2Ftags&post=76305"}],"curies":[{"name":"wp","href":"https:\/\/api.w.org\/{rel}","templated":true}]}}