{"id":76149,"date":"2025-09-05T17:07:30","date_gmt":"2025-09-05T21:07:30","guid":{"rendered":"https:\/\/web.molina.cl\/?p=76149"},"modified":"2025-09-05T17:09:34","modified_gmt":"2025-09-05T21:09:34","slug":"egresa-segundo-grupo-de-personas-mayores-del-centro-diurno-de-molina","status":"publish","type":"post","link":"https:\/\/web.molina.cl\/?p=76149","title":{"rendered":"Egresa segundo grupo de personas mayores del Centro Diurno de Molina"},"content":{"rendered":"\n<h2 class=\"wp-block-heading\">Los participantes del programa se vieron beneficiados con una serie de actividades y ejercicios que fomentan el envejecimiento activo.<\/h2>\n\n\n\n<p>En una emotiva ceremonia desarrollada en el teatro municipal, un grupo de m\u00e1s 12 usuarios de Molina tuvo su egreso del Centro Diurno Comunitario para Personas Mayores de la tur\u00edstica comuna.<\/p>\n\n\n\n<p>Los participantes recibieron un especial reconocimiento de manos de las autoridades mientras revivieron emotivos momentos vividos a lo largo de los doce meses de intervenci\u00f3n, en los que accedieron a diversos talleres enfocados en el envejecimiento activo a trav\u00e9s de la actividad f\u00edsica y la estimulaci\u00f3n cognitiva.<\/p>\n\n\n\n<p>El solemne acto estuvo encabezado por el Coordinador Regional de Senama, Ignacio Salas, junto al alcalde local, Felipe M\u00e9ndez. Este \u00faltimo destac\u00f3 la importancia del recinto inaugurado hace apenas unos meses.<\/p>\n\n\n\n<p>\u201cEs un centro que comenz\u00f3 a funcionar este a\u00f1o y que ha contribuido a mejorar la calidad de vida de las personas mayores que participan. Tenemos profesionales que los acompa\u00f1an y apoyan en ejercicios y actividades l\u00fadicas, por lo que estamos contentos con el trabajo realizado. Los usuarios que egresaron hoy seguir\u00e1n conectados con nosotros a trav\u00e9s de la Casa del Adulto Mayor y de la Casa Saludable\u201d, explic\u00f3 el jefe edilicio.<\/p>\n\n\n\n<p>Por su parte, el concejal Cristian Mart\u00ednez detall\u00f3 que \u201ces el segundo egreso de usuarios que tenemos del Centro Diurno. Me parece muy importante hayamos ido creciendo con la Casa del Adulto Mayor y hoy seamos una de las comunas que m\u00e1s proyectos Senama se ha adjudicado. Es importante que nuestras personas mayores tengan alegr\u00eda y espacios donde los cuiden, as\u00ed que en eso seguiremos trabajando junto con el alcalde\u201d.<\/p>\n\n\n\n<p>Entre los usuarios, Gladys Rojas, tuvo especiales palabras para agradecer el trato recibido durante su paso por el programa, reconociendo que la experiencia fue \u201cmuy linda, muy buena. Ojal\u00e1 que todos los adultos mayores se acerquen y participen, porque hac\u00edamos actividades f\u00edsicas, mentales, gimnasia, de todo. Solo no me gust\u00f3 que nos hicieran escribir\u201d, dijo entre risas.<\/p>\n\n\n\n<figure class=\"wp-block-gallery has-nested-images columns-default is-cropped wp-block-gallery-1 is-layout-flex wp-block-gallery-is-layout-flex\">\n<figure class=\"wp-block-image size-large\"><img loading=\"lazy\" decoding=\"async\" width=\"1024\" height=\"769\" data-id=\"76150\" src=\"https:\/\/web.molina.cl\/wp-content\/uploads\/2025\/09\/Foto-1-1024x769.jpg\" alt=\"\" class=\"wp-image-76150\" srcset=\"https:\/\/web.molina.cl\/wp-content\/uploads\/2025\/09\/Foto-1-1024x769.jpg 1024w, https:\/\/web.molina.cl\/wp-content\/uploads\/2025\/09\/Foto-1-300x225.jpg 300w, https:\/\/web.molina.cl\/wp-content\/uploads\/2025\/09\/Foto-1-768x577.jpg 768w, https:\/\/web.molina.cl\/wp-content\/uploads\/2025\/09\/Foto-1-1536x1153.jpg 1536w, https:\/\/web.molina.cl\/wp-content\/uploads\/2025\/09\/Foto-1-2048x1538.jpg 2048w, https:\/\/web.molina.cl\/wp-content\/uploads\/2025\/09\/Foto-1-559x420.jpg 559w, https:\/\/web.molina.cl\/wp-content\/uploads\/2025\/09\/Foto-1-80x60.jpg 80w, https:\/\/web.molina.cl\/wp-content\/uploads\/2025\/09\/Foto-1-696x523.jpg 696w, https:\/\/web.molina.cl\/wp-content\/uploads\/2025\/09\/Foto-1-1068x802.jpg 1068w, https:\/\/web.molina.cl\/wp-content\/uploads\/2025\/09\/Foto-1-1920x1441.jpg 1920w, https:\/\/web.molina.cl\/wp-content\/uploads\/2025\/09\/Foto-1-265x198.jpg 265w\" sizes=\"(max-width: 1024px) 100vw, 1024px\" \/><\/figure>\n\n\n\n<figure class=\"wp-block-image size-large\"><img loading=\"lazy\" decoding=\"async\" width=\"1024\" height=\"769\" data-id=\"76151\" src=\"https:\/\/web.molina.cl\/wp-content\/uploads\/2025\/09\/Foto-2-4-1024x769.jpg\" alt=\"\" class=\"wp-image-76151\" srcset=\"https:\/\/web.molina.cl\/wp-content\/uploads\/2025\/09\/Foto-2-4-1024x769.jpg 1024w, https:\/\/web.molina.cl\/wp-content\/uploads\/2025\/09\/Foto-2-4-300x225.jpg 300w, https:\/\/web.molina.cl\/wp-content\/uploads\/2025\/09\/Foto-2-4-768x577.jpg 768w, https:\/\/web.molina.cl\/wp-content\/uploads\/2025\/09\/Foto-2-4-1536x1153.jpg 1536w, https:\/\/web.molina.cl\/wp-content\/uploads\/2025\/09\/Foto-2-4-2048x1538.jpg 2048w, https:\/\/web.molina.cl\/wp-content\/uploads\/2025\/09\/Foto-2-4-559x420.jpg 559w, https:\/\/web.molina.cl\/wp-content\/uploads\/2025\/09\/Foto-2-4-80x60.jpg 80w, https:\/\/web.molina.cl\/wp-content\/uploads\/2025\/09\/Foto-2-4-696x523.jpg 696w, https:\/\/web.molina.cl\/wp-content\/uploads\/2025\/09\/Foto-2-4-1068x802.jpg 1068w, https:\/\/web.molina.cl\/wp-content\/uploads\/2025\/09\/Foto-2-4-1920x1441.jpg 1920w, https:\/\/web.molina.cl\/wp-content\/uploads\/2025\/09\/Foto-2-4-265x198.jpg 265w\" sizes=\"(max-width: 1024px) 100vw, 1024px\" \/><\/figure>\n<\/figure>\n","protected":false},"excerpt":{"rendered":"<p>Los participantes del programa se vieron beneficiados con una serie de actividades y ejercicios que fomentan el envejecimiento activo. En una emotiva ceremonia desarrollada en el teatro municipal, un grupo de m\u00e1s 12 usuarios de Molina tuvo su egreso del Centro Diurno Comunitario para Personas Mayores de la tur\u00edstica comuna. Los participantes recibieron un especial [&hellip;]<\/p>\n","protected":false},"author":2,"featured_media":76151,"comment_status":"closed","ping_status":"open","sticky":false,"template":"","format":"standard","meta":{"footnotes":""},"categories":[80,3],"tags":[],"_links":{"self":[{"href":"https:\/\/web.molina.cl\/index.php?rest_route=\/wp\/v2\/posts\/76149"}],"collection":[{"href":"https:\/\/web.molina.cl\/index.php?rest_route=\/wp\/v2\/posts"}],"about":[{"href":"https:\/\/web.molina.cl\/index.php?rest_route=\/wp\/v2\/types\/post"}],"author":[{"embeddable":true,"href":"https:\/\/web.molina.cl\/index.php?rest_route=\/wp\/v2\/users\/2"}],"replies":[{"embeddable":true,"href":"https:\/\/web.molina.cl\/index.php?rest_route=%2Fwp%2Fv2%2Fcomments&post=76149"}],"version-history":[{"count":1,"href":"https:\/\/web.molina.cl\/index.php?rest_route=\/wp\/v2\/posts\/76149\/revisions"}],"predecessor-version":[{"id":76152,"href":"https:\/\/web.molina.cl\/index.php?rest_route=\/wp\/v2\/posts\/76149\/revisions\/76152"}],"wp:featuredmedia":[{"embeddable":true,"href":"https:\/\/web.molina.cl\/index.php?rest_route=\/wp\/v2\/media\/76151"}],"wp:attachment":[{"href":"https:\/\/web.molina.cl\/index.php?rest_route=%2Fwp%2Fv2%2Fmedia&parent=76149"}],"wp:term":[{"taxonomy":"category","embeddable":true,"href":"https:\/\/web.molina.cl\/index.php?rest_route=%2Fwp%2Fv2%2Fcategories&post=76149"},{"taxonomy":"post_tag","embeddable":true,"href":"https:\/\/web.molina.cl\/index.php?rest_route=%2Fwp%2Fv2%2Ftags&post=76149"}],"curies":[{"name":"wp","href":"https:\/\/api.w.org\/{rel}","templated":true}]}}