{"id":75900,"date":"2025-08-29T10:19:54","date_gmt":"2025-08-29T14:19:54","guid":{"rendered":"https:\/\/web.molina.cl\/?p=75900"},"modified":"2025-08-29T10:19:54","modified_gmt":"2025-08-29T14:19:54","slug":"jovenes-de-molina-competiran-por-chile-en-panamericanos-de-karate","status":"publish","type":"post","link":"https:\/\/web.molina.cl\/?p=75900","title":{"rendered":"J\u00f3venes de Molina competir\u00e1n por Chile en Panamericanos de K\u00e1rate"},"content":{"rendered":"\n<h2 class=\"wp-block-heading\">El municipio les brind\u00f3 una emotiva despedida destacando el sostenido trabajo formativo de su sens\u00e9i y el apoyo familiar.<\/h2>\n\n\n\n<p>Con la misi\u00f3n de representar a Chile en los Juegos Panamericanos de Asunci\u00f3n, los j\u00f3venes karatecas molinenses Mat\u00edas Campusano y Sebasti\u00e1n Navarrete vivieron una especial despedida en su tierra natal.<\/p>\n\n\n\n<p>Los deportistas recibieron el reconocimiento del alcalde Felipe M\u00e9ndez, quien destac\u00f3 el valor del esfuerzo que vienen desarrollando desde hace a\u00f1os en las artes marciales.<\/p>\n\n\n\n<p>\u201cSolo nos queda felicitarlos. Como municipio, hemos querido apoyar a nuestros deportistas destacados y les deseamos el mejor de los \u00e9xitos. Han demostrado que la disciplina, el trabajo y el esfuerzo siempre tienen recompensa\u201d, dijo emocionado el jefe edilicio.<\/p>\n\n\n\n<p>Ambos competidores pertenecen el Dojo Molina, recinto emblem\u00e1tico de la comuna ubicado frente al estadio municipal y que ha formado a una gran cantidad de adolescentes.<\/p>\n\n\n\n<p>Junto con destacar el trabajo, disciplina y constancia de sus dirigidos, el sens\u00e9i Marco Ulloa explica que se trata \u201cdel mayor logro que ha conseguido el dojo\u201d, algo que tiene contentos tambi\u00e9n a los padres y dem\u00e1s alumnos. \u201cLlevamos mucho tiempo trabajando con el alcalde, nos sentimos acogidos, respaldados y acompa\u00f1ados\u201d, reconoce el instructor.<\/p>\n\n\n\n<p>La participaci\u00f3n de los j\u00f3venes procedentes de Molina est\u00e1 programada para este jueves, lo que genera gran expectaci\u00f3n en la comuna y en el mundo de las artes marciales.<\/p>\n\n\n\n<figure class=\"wp-block-image size-large\"><img loading=\"lazy\" decoding=\"async\" width=\"1024\" height=\"814\" src=\"https:\/\/web.molina.cl\/wp-content\/uploads\/2025\/08\/Karate-1024x814.jpg\" alt=\"\" class=\"wp-image-75901\" srcset=\"https:\/\/web.molina.cl\/wp-content\/uploads\/2025\/08\/Karate-1024x814.jpg 1024w, https:\/\/web.molina.cl\/wp-content\/uploads\/2025\/08\/Karate-300x239.jpg 300w, https:\/\/web.molina.cl\/wp-content\/uploads\/2025\/08\/Karate-768x611.jpg 768w, https:\/\/web.molina.cl\/wp-content\/uploads\/2025\/08\/Karate-1536x1222.jpg 1536w, https:\/\/web.molina.cl\/wp-content\/uploads\/2025\/08\/Karate-2048x1629.jpg 2048w, https:\/\/web.molina.cl\/wp-content\/uploads\/2025\/08\/Karate-528x420.jpg 528w, https:\/\/web.molina.cl\/wp-content\/uploads\/2025\/08\/Karate-696x554.jpg 696w, https:\/\/web.molina.cl\/wp-content\/uploads\/2025\/08\/Karate-1068x849.jpg 1068w, https:\/\/web.molina.cl\/wp-content\/uploads\/2025\/08\/Karate-1920x1527.jpg 1920w\" sizes=\"(max-width: 1024px) 100vw, 1024px\" \/><\/figure>\n","protected":false},"excerpt":{"rendered":"<p>El municipio les brind\u00f3 una emotiva despedida destacando el sostenido trabajo formativo de su sens\u00e9i y el apoyo familiar. Con la misi\u00f3n de representar a Chile en los Juegos Panamericanos de Asunci\u00f3n, los j\u00f3venes karatecas molinenses Mat\u00edas Campusano y Sebasti\u00e1n Navarrete vivieron una especial despedida en su tierra natal. Los deportistas recibieron el reconocimiento del [&hellip;]<\/p>\n","protected":false},"author":2,"featured_media":75901,"comment_status":"closed","ping_status":"open","sticky":false,"template":"","format":"standard","meta":{"footnotes":""},"categories":[35,40],"tags":[],"_links":{"self":[{"href":"https:\/\/web.molina.cl\/index.php?rest_route=\/wp\/v2\/posts\/75900"}],"collection":[{"href":"https:\/\/web.molina.cl\/index.php?rest_route=\/wp\/v2\/posts"}],"about":[{"href":"https:\/\/web.molina.cl\/index.php?rest_route=\/wp\/v2\/types\/post"}],"author":[{"embeddable":true,"href":"https:\/\/web.molina.cl\/index.php?rest_route=\/wp\/v2\/users\/2"}],"replies":[{"embeddable":true,"href":"https:\/\/web.molina.cl\/index.php?rest_route=%2Fwp%2Fv2%2Fcomments&post=75900"}],"version-history":[{"count":1,"href":"https:\/\/web.molina.cl\/index.php?rest_route=\/wp\/v2\/posts\/75900\/revisions"}],"predecessor-version":[{"id":75902,"href":"https:\/\/web.molina.cl\/index.php?rest_route=\/wp\/v2\/posts\/75900\/revisions\/75902"}],"wp:featuredmedia":[{"embeddable":true,"href":"https:\/\/web.molina.cl\/index.php?rest_route=\/wp\/v2\/media\/75901"}],"wp:attachment":[{"href":"https:\/\/web.molina.cl\/index.php?rest_route=%2Fwp%2Fv2%2Fmedia&parent=75900"}],"wp:term":[{"taxonomy":"category","embeddable":true,"href":"https:\/\/web.molina.cl\/index.php?rest_route=%2Fwp%2Fv2%2Fcategories&post=75900"},{"taxonomy":"post_tag","embeddable":true,"href":"https:\/\/web.molina.cl\/index.php?rest_route=%2Fwp%2Fv2%2Ftags&post=75900"}],"curies":[{"name":"wp","href":"https:\/\/api.w.org\/{rel}","templated":true}]}}