{"id":75890,"date":"2025-08-29T10:11:33","date_gmt":"2025-08-29T14:11:33","guid":{"rendered":"https:\/\/web.molina.cl\/?p=75890"},"modified":"2025-08-29T10:11:34","modified_gmt":"2025-08-29T14:11:34","slug":"aprueban-historico-aporte-de-mas-de-400-millones-de-pesos-en-subvencion-a-organizaciones-comunitarias-de-molina","status":"publish","type":"post","link":"https:\/\/web.molina.cl\/?p=75890","title":{"rendered":"Aprueban hist\u00f3rico aporte de m\u00e1s de 400 millones de pesos en subvenci\u00f3n a organizaciones comunitarias de Molina"},"content":{"rendered":"\n<h2 class=\"wp-block-heading\">El alcalde Felipe M\u00e9ndez valor\u00f3 la disposici\u00f3n del Concejo Municipal de aumentar los montos originalmente programados para cada entidad.<\/h2>\n\n\n\n<p>Un importante aporte econ\u00f3mico entregar\u00e1 el municipio de Molina a las organizaciones comunitarias de la tur\u00edstica comuna, luego de aprobarse en sesi\u00f3n ordinaria del Concejo Municipal las subvenciones anuales.<\/p>\n\n\n\n<p>La instancia, encabezada por el alcalde Felipe M\u00e9ndez, contempl\u00f3 una hist\u00f3rica inyecci\u00f3n de 409,2 millones de pesos, recursos que ser\u00e1n distribuidos en los 362 organismos que postularon a los fondos concursables.<\/p>\n\n\n\n<p>De forma un\u00e1nime, los seis concejales dieron el visto bueno a los aportes que contemplan a 103 clubes de adulto mayor, 56 juntas vecinales, 91 clubes deportivos, 28 agrupaciones culturales, 22 comit\u00e9s de adelanto, 50 centros de acci\u00f3n de la mujer y 13 organizaciones de voluntariado.<\/p>\n\n\n\n<p>Luego de dar a conocer el extenso listado y de destacar el trabajo desinteresado de quienes se ver\u00e1n beneficiados, el alcalde Felipe M\u00e9ndez explic\u00f3 que \u201csabemos que el a\u00f1o pasado, en proceso electoral, se aument\u00f3 al doble la subvenci\u00f3n a todos. Pero en el presupuesto que nos dejaron para 2025, estaba considerado el monto de 2023 en lugar del que correspond\u00eda a 2024, por lo que hubo que hacer una modificaci\u00f3n presupuestaria para suplementar y llegar al monto con el que cuentan las organizaciones. En total, son 362 organizaciones de la comuna las beneficiadas, lo que es much\u00edsimo\u201d.<\/p>\n\n\n\n<p>En l\u00ednea con lo anterior, el concejal Cristian Mart\u00ednez tuvo especiales palabras para \u201cvalorar el esfuerzo de aprobar estos recursos, dada la gran cantidad de agrupaciones de adultos mayores presentes en nuestra comuna. Aprovecho de valorar el trabajo de la Casa del Adulto Mayor y todo su equipo en cuanto a la formulaci\u00f3n de los proyectos, una de las \u00e1reas mejor coordinadas, ya que se entreg\u00f3 todo a tiempo y ordenado. A esto se le suma el excelente campeonato comunal y provincial de cueca que desarrollaron recientemente, como tambi\u00e9n que somos la comuna de la Provincia con la mayor cantidad de proyectos aprobados por Senama, con 42\u201d.<\/p>\n\n\n\n<figure class=\"wp-block-image size-large\"><img loading=\"lazy\" decoding=\"async\" width=\"1024\" height=\"769\" src=\"https:\/\/web.molina.cl\/wp-content\/uploads\/2025\/08\/Foto-1-5-1024x769.jpg\" alt=\"\" class=\"wp-image-75891\" srcset=\"https:\/\/web.molina.cl\/wp-content\/uploads\/2025\/08\/Foto-1-5-1024x769.jpg 1024w, https:\/\/web.molina.cl\/wp-content\/uploads\/2025\/08\/Foto-1-5-300x225.jpg 300w, https:\/\/web.molina.cl\/wp-content\/uploads\/2025\/08\/Foto-1-5-768x577.jpg 768w, https:\/\/web.molina.cl\/wp-content\/uploads\/2025\/08\/Foto-1-5-1536x1153.jpg 1536w, https:\/\/web.molina.cl\/wp-content\/uploads\/2025\/08\/Foto-1-5-2048x1538.jpg 2048w, https:\/\/web.molina.cl\/wp-content\/uploads\/2025\/08\/Foto-1-5-559x420.jpg 559w, https:\/\/web.molina.cl\/wp-content\/uploads\/2025\/08\/Foto-1-5-80x60.jpg 80w, https:\/\/web.molina.cl\/wp-content\/uploads\/2025\/08\/Foto-1-5-696x523.jpg 696w, https:\/\/web.molina.cl\/wp-content\/uploads\/2025\/08\/Foto-1-5-1068x802.jpg 1068w, https:\/\/web.molina.cl\/wp-content\/uploads\/2025\/08\/Foto-1-5-1920x1441.jpg 1920w, https:\/\/web.molina.cl\/wp-content\/uploads\/2025\/08\/Foto-1-5-265x198.jpg 265w\" sizes=\"(max-width: 1024px) 100vw, 1024px\" \/><\/figure>\n","protected":false},"excerpt":{"rendered":"<p>El alcalde Felipe M\u00e9ndez valor\u00f3 la disposici\u00f3n del Concejo Municipal de aumentar los montos originalmente programados para cada entidad. Un importante aporte econ\u00f3mico entregar\u00e1 el municipio de Molina a las organizaciones comunitarias de la tur\u00edstica comuna, luego de aprobarse en sesi\u00f3n ordinaria del Concejo Municipal las subvenciones anuales. La instancia, encabezada por el alcalde Felipe [&hellip;]<\/p>\n","protected":false},"author":2,"featured_media":75891,"comment_status":"closed","ping_status":"open","sticky":false,"template":"","format":"standard","meta":{"footnotes":""},"categories":[3216,4],"tags":[],"_links":{"self":[{"href":"https:\/\/web.molina.cl\/index.php?rest_route=\/wp\/v2\/posts\/75890"}],"collection":[{"href":"https:\/\/web.molina.cl\/index.php?rest_route=\/wp\/v2\/posts"}],"about":[{"href":"https:\/\/web.molina.cl\/index.php?rest_route=\/wp\/v2\/types\/post"}],"author":[{"embeddable":true,"href":"https:\/\/web.molina.cl\/index.php?rest_route=\/wp\/v2\/users\/2"}],"replies":[{"embeddable":true,"href":"https:\/\/web.molina.cl\/index.php?rest_route=%2Fwp%2Fv2%2Fcomments&post=75890"}],"version-history":[{"count":1,"href":"https:\/\/web.molina.cl\/index.php?rest_route=\/wp\/v2\/posts\/75890\/revisions"}],"predecessor-version":[{"id":75892,"href":"https:\/\/web.molina.cl\/index.php?rest_route=\/wp\/v2\/posts\/75890\/revisions\/75892"}],"wp:featuredmedia":[{"embeddable":true,"href":"https:\/\/web.molina.cl\/index.php?rest_route=\/wp\/v2\/media\/75891"}],"wp:attachment":[{"href":"https:\/\/web.molina.cl\/index.php?rest_route=%2Fwp%2Fv2%2Fmedia&parent=75890"}],"wp:term":[{"taxonomy":"category","embeddable":true,"href":"https:\/\/web.molina.cl\/index.php?rest_route=%2Fwp%2Fv2%2Fcategories&post=75890"},{"taxonomy":"post_tag","embeddable":true,"href":"https:\/\/web.molina.cl\/index.php?rest_route=%2Fwp%2Fv2%2Ftags&post=75890"}],"curies":[{"name":"wp","href":"https:\/\/api.w.org\/{rel}","templated":true}]}}