{"id":75884,"date":"2025-08-29T10:04:36","date_gmt":"2025-08-29T14:04:36","guid":{"rendered":"https:\/\/web.molina.cl\/?p=75884"},"modified":"2025-08-29T10:04:36","modified_gmt":"2025-08-29T14:04:36","slug":"pareja-de-molina-gana-campeonato-provincial-de-cueca-de-personas-mayores","status":"publish","type":"post","link":"https:\/\/web.molina.cl\/?p=75884","title":{"rendered":"Pareja de Molina gana Campeonato Provincial de Cueca de Personas Mayores"},"content":{"rendered":"\n<h2 class=\"wp-block-heading\">El certamen cont\u00f3 con presencia de delegaciones de Curic\u00f3, Rauco, Romeral y Huala\u00f1\u00e9.<\/h2>\n\n\n\n<p>Una verdadera fiesta llena de patriotismo y vitalidad se vivi\u00f3 en Molina, con motivo del Campeonato Provincial de Cueca de Personas Mayores.<\/p>\n\n\n\n<p>En un concurrido gimnasio municipal, delegaciones de los diversos rincones mostraron su destreza con el baile emblema nacional, en una jornada marcada por la camarader\u00eda, el respeto y la pasi\u00f3n compartida por los s\u00edmbolos patrios.<\/p>\n\n\n\n<p>La extensa tarde brind\u00f3 emotivos pasajes en los que cada pareja participante hizo gala del fruto de sus entrenamientos, los que se remontaban hasta hace meses en algunos casos.<\/p>\n\n\n\n<p>Luego de una<\/p>\n\n\n\n<p>Luego de las presentaciones de las duplas de Rauco, Huala\u00f1\u00e9, Romeral, Curic\u00f3 y Molina, el jurado determin\u00f3 que el d\u00fao de esta \u00faltima comuna, formado por Carmen Troncoso y Luis Aldana, se coronaba como flamante campe\u00f3n.<\/p>\n\n\n\n<p>Desde la organizaci\u00f3n, el alcalde molinense, Felipe M\u00e9ndez, se\u00f1al\u00f3 que \u201cestamos felices por las parejas que participaron. El entusiasmo y la vibra, es muy positivo todo lo vivido hoy en el gimnasio municipal\u201d.<\/p>\n\n\n\n<p>La m\u00e1xima autoridad local afirm\u00f3 tambi\u00e9n que entregar\u00e1n un especial respaldo a sus campeones, anunciando que \u201cnos comprometimos tambi\u00e9n a que la barra cuente con buses para ir a Teno, al torneo regional, a alentar a nuestros campeones\u201d.<\/p>\n\n\n\n<p>Tras conocer el veredicto del jurado, Carmen Troncoso, la \u201cchina\u201d de la dupla, revel\u00f3 que sinti\u00f3 \u201cuna emoci\u00f3n inmensa. La competencia estuvo bastante re\u00f1ida, vinieron muy buenos exponentes. Agradezco a las profesionales del adulto mayor, desde el fondo de mi coraz\u00f3n\u201d.<\/p>\n\n\n\n<p>Por su parte, Luis Aldana, el \u201chuaso\u201d del binomio, coment\u00f3 que \u201cson sentimientos encontrados, porque no es solo bailar, ya que representamos a toda esta masa que lleg\u00f3 de la Provincia de Curic\u00f3. Es algo bonito, porque nos vamos uniendo. Esta oportunidad no nos llega todos los d\u00edas y la disfrutaremos a concho, dejaremos bien puesto el nombre de la Provincia de Curic\u00f3 y de Molina\u201d.<\/p>\n\n\n\n<figure class=\"wp-block-image size-large\"><img loading=\"lazy\" decoding=\"async\" width=\"1024\" height=\"768\" src=\"https:\/\/web.molina.cl\/wp-content\/uploads\/2025\/08\/Provincial-Cueca-1024x768.jpg\" alt=\"\" class=\"wp-image-75885\" srcset=\"https:\/\/web.molina.cl\/wp-content\/uploads\/2025\/08\/Provincial-Cueca-1024x768.jpg 1024w, https:\/\/web.molina.cl\/wp-content\/uploads\/2025\/08\/Provincial-Cueca-300x225.jpg 300w, https:\/\/web.molina.cl\/wp-content\/uploads\/2025\/08\/Provincial-Cueca-768x576.jpg 768w, https:\/\/web.molina.cl\/wp-content\/uploads\/2025\/08\/Provincial-Cueca-1536x1152.jpg 1536w, https:\/\/web.molina.cl\/wp-content\/uploads\/2025\/08\/Provincial-Cueca-2048x1536.jpg 2048w, https:\/\/web.molina.cl\/wp-content\/uploads\/2025\/08\/Provincial-Cueca-560x420.jpg 560w, https:\/\/web.molina.cl\/wp-content\/uploads\/2025\/08\/Provincial-Cueca-80x60.jpg 80w, https:\/\/web.molina.cl\/wp-content\/uploads\/2025\/08\/Provincial-Cueca-696x522.jpg 696w, https:\/\/web.molina.cl\/wp-content\/uploads\/2025\/08\/Provincial-Cueca-1068x801.jpg 1068w, https:\/\/web.molina.cl\/wp-content\/uploads\/2025\/08\/Provincial-Cueca-1920x1440.jpg 1920w, https:\/\/web.molina.cl\/wp-content\/uploads\/2025\/08\/Provincial-Cueca-265x198.jpg 265w\" sizes=\"(max-width: 1024px) 100vw, 1024px\" \/><\/figure>\n","protected":false},"excerpt":{"rendered":"<p>El certamen cont\u00f3 con presencia de delegaciones de Curic\u00f3, Rauco, Romeral y Huala\u00f1\u00e9. Una verdadera fiesta llena de patriotismo y vitalidad se vivi\u00f3 en Molina, con motivo del Campeonato Provincial de Cueca de Personas Mayores. En un concurrido gimnasio municipal, delegaciones de los diversos rincones mostraron su destreza con el baile emblema nacional, en una [&hellip;]<\/p>\n","protected":false},"author":2,"featured_media":75885,"comment_status":"closed","ping_status":"open","sticky":false,"template":"","format":"standard","meta":{"footnotes":""},"categories":[80,2],"tags":[],"_links":{"self":[{"href":"https:\/\/web.molina.cl\/index.php?rest_route=\/wp\/v2\/posts\/75884"}],"collection":[{"href":"https:\/\/web.molina.cl\/index.php?rest_route=\/wp\/v2\/posts"}],"about":[{"href":"https:\/\/web.molina.cl\/index.php?rest_route=\/wp\/v2\/types\/post"}],"author":[{"embeddable":true,"href":"https:\/\/web.molina.cl\/index.php?rest_route=\/wp\/v2\/users\/2"}],"replies":[{"embeddable":true,"href":"https:\/\/web.molina.cl\/index.php?rest_route=%2Fwp%2Fv2%2Fcomments&post=75884"}],"version-history":[{"count":1,"href":"https:\/\/web.molina.cl\/index.php?rest_route=\/wp\/v2\/posts\/75884\/revisions"}],"predecessor-version":[{"id":75886,"href":"https:\/\/web.molina.cl\/index.php?rest_route=\/wp\/v2\/posts\/75884\/revisions\/75886"}],"wp:featuredmedia":[{"embeddable":true,"href":"https:\/\/web.molina.cl\/index.php?rest_route=\/wp\/v2\/media\/75885"}],"wp:attachment":[{"href":"https:\/\/web.molina.cl\/index.php?rest_route=%2Fwp%2Fv2%2Fmedia&parent=75884"}],"wp:term":[{"taxonomy":"category","embeddable":true,"href":"https:\/\/web.molina.cl\/index.php?rest_route=%2Fwp%2Fv2%2Fcategories&post=75884"},{"taxonomy":"post_tag","embeddable":true,"href":"https:\/\/web.molina.cl\/index.php?rest_route=%2Fwp%2Fv2%2Ftags&post=75884"}],"curies":[{"name":"wp","href":"https:\/\/api.w.org\/{rel}","templated":true}]}}