{"id":75878,"date":"2025-08-29T09:58:54","date_gmt":"2025-08-29T13:58:54","guid":{"rendered":"https:\/\/web.molina.cl\/?p=75878"},"modified":"2025-08-29T09:58:54","modified_gmt":"2025-08-29T13:58:54","slug":"pasion-por-las-tradiciones-y-la-patria-molina-eligio-a-sus-campeones-de-cueca-del-adulto-mayor","status":"publish","type":"post","link":"https:\/\/web.molina.cl\/?p=75878","title":{"rendered":"Pasi\u00f3n por las tradiciones y la patria: Molina eligi\u00f3 a sus campeones de cueca del adulto mayor"},"content":{"rendered":"\n<h2 class=\"wp-block-heading\">Las dos mejores duplas clasificaron al torneo provincial que se disputa en la misma comuna.<\/h2>\n\n\n\n<p>Ante un gimnasio municipal casi a m\u00e1xima capacidad, se desarroll\u00f3 el Campeonato Comunal de Cueca para personas Mayores de Molina, una verdadera tradici\u00f3n que se adelanta a lo que ser\u00e1n los festejos de septiembre.<\/p>\n\n\n\n<p>Dando muestras de su devoci\u00f3n por los s\u00edmbolos patrios, seis parejas inscritas en la Casa del Adulto Mayor dieron vida al encuentro que cont\u00f3 con una activa participaci\u00f3n de la comunidad que lleg\u00f3 a alentar a sus duplas favoritas.<\/p>\n\n\n\n<p>El evento transcurri\u00f3 entre aplausos y gritos del p\u00fablico que no solo elogi\u00f3 la capacidad de los participantes, sino que tambi\u00e9n rindi\u00f3 homenaje a quienes mantienen vivo el patrimonio cultural chileno a trav\u00e9s del baile nacional.<\/p>\n\n\n\n<p>Luego de la serie de presentaciones, el primer lugar fue para la dupla compuesta por Carmen Troncoso y Luis Aldana. Este \u00faltimo se\u00f1al\u00f3 que se trat\u00f3 de \u201cuna loca aventura, ya que el gusto por la cueca naci\u00f3 de la noche a la ma\u00f1ana y no se nos quita nunca m\u00e1s. Estoy orgulloso de representar nuevamente a Molina despu\u00e9s de tantos a\u00f1os sin bailar y feliz tambi\u00e9n por los compa\u00f1eros nuestros que bailaron, porque creo que todos merecen un espacio\u201d.<\/p>\n\n\n\n<p>En tanto, el segundo lugar fue para la pareja compuesta por Linda Herrera y Sergio Espina. Todos ellos tendr\u00e1n la misi\u00f3n de defender los colores molinenses en el Campeonato Provincial de Cueca a disputarse en la misma comuna.<\/p>\n\n\n\n<p>El alcalde local, Felipe M\u00e9ndez, afirm\u00f3 que \u201cnos tiene muy felices este campeonato por el gran marco de p\u00fablico. Felicitamos a los ganadores y los instamos a seguir adelante, porque queremos a nuestros adultos mayores y realizamos actividades para ellos\u201d.<\/p>\n\n\n\n<figure class=\"wp-block-image size-large\"><img loading=\"lazy\" decoding=\"async\" width=\"1024\" height=\"768\" src=\"https:\/\/web.molina.cl\/wp-content\/uploads\/2025\/08\/Cueca-Adulto-Mayor-1024x768.jpeg\" alt=\"\" class=\"wp-image-75879\" srcset=\"https:\/\/web.molina.cl\/wp-content\/uploads\/2025\/08\/Cueca-Adulto-Mayor-1024x768.jpeg 1024w, https:\/\/web.molina.cl\/wp-content\/uploads\/2025\/08\/Cueca-Adulto-Mayor-300x225.jpeg 300w, https:\/\/web.molina.cl\/wp-content\/uploads\/2025\/08\/Cueca-Adulto-Mayor-768x576.jpeg 768w, https:\/\/web.molina.cl\/wp-content\/uploads\/2025\/08\/Cueca-Adulto-Mayor-1536x1152.jpeg 1536w, https:\/\/web.molina.cl\/wp-content\/uploads\/2025\/08\/Cueca-Adulto-Mayor-2048x1536.jpeg 2048w, https:\/\/web.molina.cl\/wp-content\/uploads\/2025\/08\/Cueca-Adulto-Mayor-560x420.jpeg 560w, https:\/\/web.molina.cl\/wp-content\/uploads\/2025\/08\/Cueca-Adulto-Mayor-80x60.jpeg 80w, https:\/\/web.molina.cl\/wp-content\/uploads\/2025\/08\/Cueca-Adulto-Mayor-696x522.jpeg 696w, https:\/\/web.molina.cl\/wp-content\/uploads\/2025\/08\/Cueca-Adulto-Mayor-1068x801.jpeg 1068w, https:\/\/web.molina.cl\/wp-content\/uploads\/2025\/08\/Cueca-Adulto-Mayor-1920x1440.jpeg 1920w, https:\/\/web.molina.cl\/wp-content\/uploads\/2025\/08\/Cueca-Adulto-Mayor-265x198.jpeg 265w\" sizes=\"(max-width: 1024px) 100vw, 1024px\" \/><\/figure>\n","protected":false},"excerpt":{"rendered":"<p>Las dos mejores duplas clasificaron al torneo provincial que se disputa en la misma comuna. Ante un gimnasio municipal casi a m\u00e1xima capacidad, se desarroll\u00f3 el Campeonato Comunal de Cueca para personas Mayores de Molina, una verdadera tradici\u00f3n que se adelanta a lo que ser\u00e1n los festejos de septiembre. Dando muestras de su devoci\u00f3n por [&hellip;]<\/p>\n","protected":false},"author":2,"featured_media":75879,"comment_status":"closed","ping_status":"open","sticky":false,"template":"","format":"standard","meta":{"footnotes":""},"categories":[80,2],"tags":[],"_links":{"self":[{"href":"https:\/\/web.molina.cl\/index.php?rest_route=\/wp\/v2\/posts\/75878"}],"collection":[{"href":"https:\/\/web.molina.cl\/index.php?rest_route=\/wp\/v2\/posts"}],"about":[{"href":"https:\/\/web.molina.cl\/index.php?rest_route=\/wp\/v2\/types\/post"}],"author":[{"embeddable":true,"href":"https:\/\/web.molina.cl\/index.php?rest_route=\/wp\/v2\/users\/2"}],"replies":[{"embeddable":true,"href":"https:\/\/web.molina.cl\/index.php?rest_route=%2Fwp%2Fv2%2Fcomments&post=75878"}],"version-history":[{"count":1,"href":"https:\/\/web.molina.cl\/index.php?rest_route=\/wp\/v2\/posts\/75878\/revisions"}],"predecessor-version":[{"id":75880,"href":"https:\/\/web.molina.cl\/index.php?rest_route=\/wp\/v2\/posts\/75878\/revisions\/75880"}],"wp:featuredmedia":[{"embeddable":true,"href":"https:\/\/web.molina.cl\/index.php?rest_route=\/wp\/v2\/media\/75879"}],"wp:attachment":[{"href":"https:\/\/web.molina.cl\/index.php?rest_route=%2Fwp%2Fv2%2Fmedia&parent=75878"}],"wp:term":[{"taxonomy":"category","embeddable":true,"href":"https:\/\/web.molina.cl\/index.php?rest_route=%2Fwp%2Fv2%2Fcategories&post=75878"},{"taxonomy":"post_tag","embeddable":true,"href":"https:\/\/web.molina.cl\/index.php?rest_route=%2Fwp%2Fv2%2Ftags&post=75878"}],"curies":[{"name":"wp","href":"https:\/\/api.w.org\/{rel}","templated":true}]}}