{"id":757,"date":"2014-06-14T16:54:36","date_gmt":"2014-06-14T19:54:36","guid":{"rendered":"http:\/\/web.molina.cl\/?p=757"},"modified":"2020-11-25T08:45:07","modified_gmt":"2020-11-25T12:45:07","slug":"alcaldesa-priscilla-castillo-entrego-saludo-a-funcionarios-municipales-de-molina-por-el-dia-del-padre","status":"publish","type":"post","link":"https:\/\/web.molina.cl\/?p=757","title":{"rendered":"Alcaldesa Priscilla Castillo entreg\u00f3 saludo a funcionarios Municipales de Molina por el d\u00eda del Padre"},"content":{"rendered":"<p style=\"text-align: justify;\">Durante la tarde del viernes 13 del presente, la Alcaldesa de Molina, Priscilla Castillo Gerli, realiz\u00f3 un almuerzo en conjunto a la Asociaci\u00f3n de Funcionarios Municipales con motivo de la celebraci\u00f3n del d\u00eda del Padre. En el encuentro, la primera autoridad de Molina, destac\u00f3 el trabajo que los funcionarios realizan d\u00eda a d\u00eda en la Municipalidad y el cari\u00f1o que ponen para desarrollar sus labores.<!--more--><\/p>\n<p style=\"text-align: justify;\">Con un rico almuerzo en dependencias del restaurante Rigo\u2019s de Molina, los funcionarios municipales agradecieron la iniciativa de la Alcaldesa. \u201cagradecemos la iniciativa de la Alcaldesa y de la Asociaci\u00f3n de funcionarios, ya que con estos gestos creamos uni\u00f3n y compa\u00f1erismo entre los colegas, siendo esto muy importante en el d\u00eda a d\u00eda\u201d, Coment\u00f3 el funcionario, Carlos Guti\u00e9rrez.<\/p>\n<p style=\"text-align: justify;\"><b>SALUDO<\/b><\/p>\n<p style=\"text-align: justify;\">La Alcaldesa aprovecho la instancia para entregar su saludo a los funcionarios, \u201cNo solo quiero agradecer a los presentes por ser padres, si no que quiero felicitarlos por la labor que ustedes tienen al interior de sus familias. Conozco a muchos de sus hijos y se lo importante que es para ustedes el cari\u00f1o de ellos. Conozco tambi\u00e9n el sacrificio que realizan para dar bienestar y seguridad a sus familias y eso es muy valorable\u201d, precis\u00f3.<\/p>\n","protected":false},"excerpt":{"rendered":"<p>Durante la tarde del viernes 13 del presente, la Alcaldesa de Molina, Priscilla Castillo Gerli, realiz\u00f3 un almuerzo en conjunto a la Asociaci\u00f3n de Funcionarios Municipales con motivo de la celebraci\u00f3n del d\u00eda del Padre. En el encuentro, la primera autoridad de Molina, destac\u00f3 el trabajo que los funcionarios realizan d\u00eda a d\u00eda en la [&hellip;]<\/p>\n","protected":false},"author":1,"featured_media":758,"comment_status":"open","ping_status":"open","sticky":false,"template":"","format":"standard","meta":{"footnotes":""},"categories":[4],"tags":[],"_links":{"self":[{"href":"https:\/\/web.molina.cl\/index.php?rest_route=\/wp\/v2\/posts\/757"}],"collection":[{"href":"https:\/\/web.molina.cl\/index.php?rest_route=\/wp\/v2\/posts"}],"about":[{"href":"https:\/\/web.molina.cl\/index.php?rest_route=\/wp\/v2\/types\/post"}],"author":[{"embeddable":true,"href":"https:\/\/web.molina.cl\/index.php?rest_route=\/wp\/v2\/users\/1"}],"replies":[{"embeddable":true,"href":"https:\/\/web.molina.cl\/index.php?rest_route=%2Fwp%2Fv2%2Fcomments&post=757"}],"version-history":[{"count":1,"href":"https:\/\/web.molina.cl\/index.php?rest_route=\/wp\/v2\/posts\/757\/revisions"}],"predecessor-version":[{"id":42879,"href":"https:\/\/web.molina.cl\/index.php?rest_route=\/wp\/v2\/posts\/757\/revisions\/42879"}],"wp:featuredmedia":[{"embeddable":true,"href":"https:\/\/web.molina.cl\/index.php?rest_route=\/"}],"wp:attachment":[{"href":"https:\/\/web.molina.cl\/index.php?rest_route=%2Fwp%2Fv2%2Fmedia&parent=757"}],"wp:term":[{"taxonomy":"category","embeddable":true,"href":"https:\/\/web.molina.cl\/index.php?rest_route=%2Fwp%2Fv2%2Fcategories&post=757"},{"taxonomy":"post_tag","embeddable":true,"href":"https:\/\/web.molina.cl\/index.php?rest_route=%2Fwp%2Fv2%2Ftags&post=757"}],"curies":[{"name":"wp","href":"https:\/\/api.w.org\/{rel}","templated":true}]}}