{"id":75628,"date":"2025-08-18T10:26:08","date_gmt":"2025-08-18T14:26:08","guid":{"rendered":"https:\/\/web.molina.cl\/?p=75628"},"modified":"2025-08-18T10:26:09","modified_gmt":"2025-08-18T14:26:09","slug":"a-recuperar-la-villa-aprueban-el-programa-quiero-mi-barrio-para-la-marsellesa-de-molina","status":"publish","type":"post","link":"https:\/\/web.molina.cl\/?p=75628","title":{"rendered":"A recuperar la villa: aprueban el programa \u201cQuiero Mi Barrio\u201d para La Marsellesa de Molina"},"content":{"rendered":"\n<h2 class=\"wp-block-heading\">La poblaci\u00f3n vivi\u00f3 una serie de episodios de violencia el a\u00f1o pasado, por lo que el municipio solicit\u00f3 la intervenci\u00f3n estatal que durar\u00e1 5 a\u00f1os.<\/h2>\n\n\n\n<p>Buscando recuperar espacios tomados por la inseguridad y entregarlos a la ciudadan\u00eda, el municipio de Molina se adjudic\u00f3 el popular programa Quiero Mi Barrio del Ministerio de Vivienda.<\/p>\n\n\n\n<p>La iniciativa presentada por la Egis Municipal recibir\u00e1 un financiamiento de 1.800 UF, es decir, unos 1.500 millones de pesos aproximadamente, lo que permitir\u00e1 beneficiar con sus obras a 360 familias de la c\u00e9ntrica poblaci\u00f3n.<\/p>\n\n\n\n<p>Tras conocer la noticia, el alcalde molinense, Felipe M\u00e9ndez, se\u00f1al\u00f3 que \u201ces una tremenda noticia para La Marsellesa, porque el proyecto dura 5 a\u00f1os en los que estaremos trabajando intensamente para remodelar, hacer mejoramientos y contar con infraestructura nueva. Estoy seguro de que cambiar\u00e1 la cara del sector. En la regi\u00f3n, solo dos comunas fueron beneficiadas y Molina fue una de ellas\u201d.<\/p>\n\n\n\n<p><strong>PROYECTO NECESARIO<\/strong><\/p>\n\n\n\n<p>Ubicada en un sector oriente de la comuna y a solo unas cuadras del centro comercial, La Marsellesa es una villa que estuvo marcada el a\u00f1o pasado por lamentables hechos de violencia relacionados con el microtr\u00e1fico.<\/p>\n\n\n\n<p>Por tal motivo, desde el municipio priorizaron a este barrio al momento de postular, atendiendo as\u00ed una de las m\u00e1s sentidas necesidades de los residentes del lugar.<\/p>\n\n\n\n<p>Una vez asignados los recursos, se proceder\u00e1 a la conformaci\u00f3n de un Consejo Vecinal de Desarrollo (CVD), el que estar\u00e1 a cargo de canalizar los deseos de los habitantes del barrio para elaborar la hoja de ruta a lo largo de la intervenci\u00f3n.<\/p>\n\n\n\n<p>Una de las caracter\u00edsticas principales del programa es que son los propios vecinos quienes deciden qu\u00e9 obras f\u00edsicas se materializar\u00e1n. De igual manera, se contempla una serie de talleres y acciones para fortalecer el tejido social, de modo que la comunidad pueda participar activamente en la recuperaci\u00f3n del barrio.<\/p>\n\n\n\n<figure class=\"wp-block-gallery has-nested-images columns-default is-cropped wp-block-gallery-1 is-layout-flex wp-block-gallery-is-layout-flex\">\n<figure class=\"wp-block-image size-large\"><img loading=\"lazy\" decoding=\"async\" width=\"1024\" height=\"768\" data-id=\"75629\" src=\"https:\/\/web.molina.cl\/wp-content\/uploads\/2025\/08\/QMB-1024x768.jpeg\" alt=\"\" class=\"wp-image-75629\" srcset=\"https:\/\/web.molina.cl\/wp-content\/uploads\/2025\/08\/QMB-1024x768.jpeg 1024w, https:\/\/web.molina.cl\/wp-content\/uploads\/2025\/08\/QMB-300x225.jpeg 300w, https:\/\/web.molina.cl\/wp-content\/uploads\/2025\/08\/QMB-768x576.jpeg 768w, https:\/\/web.molina.cl\/wp-content\/uploads\/2025\/08\/QMB-560x420.jpeg 560w, https:\/\/web.molina.cl\/wp-content\/uploads\/2025\/08\/QMB-80x60.jpeg 80w, https:\/\/web.molina.cl\/wp-content\/uploads\/2025\/08\/QMB-696x522.jpeg 696w, https:\/\/web.molina.cl\/wp-content\/uploads\/2025\/08\/QMB-1068x801.jpeg 1068w, https:\/\/web.molina.cl\/wp-content\/uploads\/2025\/08\/QMB-265x198.jpeg 265w, https:\/\/web.molina.cl\/wp-content\/uploads\/2025\/08\/QMB.jpeg 1440w\" sizes=\"(max-width: 1024px) 100vw, 1024px\" \/><\/figure>\n<\/figure>\n","protected":false},"excerpt":{"rendered":"<p>La poblaci\u00f3n vivi\u00f3 una serie de episodios de violencia el a\u00f1o pasado, por lo que el municipio solicit\u00f3 la intervenci\u00f3n estatal que durar\u00e1 5 a\u00f1os. Buscando recuperar espacios tomados por la inseguridad y entregarlos a la ciudadan\u00eda, el municipio de Molina se adjudic\u00f3 el popular programa Quiero Mi Barrio del Ministerio de Vivienda. La iniciativa [&hellip;]<\/p>\n","protected":false},"author":2,"featured_media":75629,"comment_status":"closed","ping_status":"open","sticky":false,"template":"","format":"standard","meta":{"footnotes":""},"categories":[3,4],"tags":[],"_links":{"self":[{"href":"https:\/\/web.molina.cl\/index.php?rest_route=\/wp\/v2\/posts\/75628"}],"collection":[{"href":"https:\/\/web.molina.cl\/index.php?rest_route=\/wp\/v2\/posts"}],"about":[{"href":"https:\/\/web.molina.cl\/index.php?rest_route=\/wp\/v2\/types\/post"}],"author":[{"embeddable":true,"href":"https:\/\/web.molina.cl\/index.php?rest_route=\/wp\/v2\/users\/2"}],"replies":[{"embeddable":true,"href":"https:\/\/web.molina.cl\/index.php?rest_route=%2Fwp%2Fv2%2Fcomments&post=75628"}],"version-history":[{"count":1,"href":"https:\/\/web.molina.cl\/index.php?rest_route=\/wp\/v2\/posts\/75628\/revisions"}],"predecessor-version":[{"id":75630,"href":"https:\/\/web.molina.cl\/index.php?rest_route=\/wp\/v2\/posts\/75628\/revisions\/75630"}],"wp:featuredmedia":[{"embeddable":true,"href":"https:\/\/web.molina.cl\/index.php?rest_route=\/wp\/v2\/media\/75629"}],"wp:attachment":[{"href":"https:\/\/web.molina.cl\/index.php?rest_route=%2Fwp%2Fv2%2Fmedia&parent=75628"}],"wp:term":[{"taxonomy":"category","embeddable":true,"href":"https:\/\/web.molina.cl\/index.php?rest_route=%2Fwp%2Fv2%2Fcategories&post=75628"},{"taxonomy":"post_tag","embeddable":true,"href":"https:\/\/web.molina.cl\/index.php?rest_route=%2Fwp%2Fv2%2Ftags&post=75628"}],"curies":[{"name":"wp","href":"https:\/\/api.w.org\/{rel}","templated":true}]}}