{"id":75599,"date":"2025-08-12T17:04:19","date_gmt":"2025-08-12T21:04:19","guid":{"rendered":"https:\/\/web.molina.cl\/?p=75599"},"modified":"2025-08-12T17:04:19","modified_gmt":"2025-08-12T21:04:19","slug":"molina-celebro-por-partida-doble-el-dia-de-la-ninez","status":"publish","type":"post","link":"https:\/\/web.molina.cl\/?p=75599","title":{"rendered":"Molina celebr\u00f3 por partida doble el D\u00eda de la Ni\u00f1ez"},"content":{"rendered":"\n<h2 class=\"wp-block-heading\">Las actividades se realizaron durante todo el fin de semana tanto en el estadio municipal como en la Plaza de Lontu\u00e9.<\/h2>\n\n\n\n<p>Un panorama lleno de actividades y sana diversi\u00f3n se vivi\u00f3 en Molina con motivo de la celebraci\u00f3n especial pensada para los m\u00e1s peque\u00f1os, desarroll\u00e1ndose de manera simult\u00e1nea en la explanada del estadio municipal y en la Plaza de Lontu\u00e9.<\/p>\n\n\n\n<p>El evento, denominado Espacios Recreativos para la Ni\u00f1ez, cont\u00f3 con una serie de atracciones pensadas por el municipio para brindar un ambiente familiar y gratuito sin necesidad de salir de la tur\u00edstica comuna.<\/p>\n\n\n\n<p>Durante todo el fin de semana, se sucedieron entretenciones con juegos inflables, m\u00fasica, pinta-caritas, exposici\u00f3n de bomberos y show art\u00edstico pensado especialmente en la infancia.<\/p>\n\n\n\n<p>Adem\u00e1s, manteniendo la innovaci\u00f3n que implic\u00f3 la m\u00e1s reciente edici\u00f3n del Festival de la Vendimia, se volvi\u00f3 a implementar un punto de calma para que la comunidad TEA pudiese recurrir en caso de alguna eventualidad.<\/p>\n\n\n\n<p>Realizando un balance tras las intensas jornadas, el alcalde de Molina, Felipe M\u00e9ndez, afirm\u00f3 que \u201cestamos contentos por esta celebraci\u00f3n en la que tuvimos una multitudinaria convocatoria de ni\u00f1os y ni\u00f1as tanto de Molina como de los sectores rurales. Agradecemos el trabajo de nuestros equipos para celebrar a los ni\u00f1os como se lo merecen, as\u00ed que seguiremos realizando actividades para ellos\u201d.<\/p>\n\n\n\n<figure class=\"wp-block-gallery has-nested-images columns-default is-cropped wp-block-gallery-1 is-layout-flex wp-block-gallery-is-layout-flex\">\n<figure class=\"wp-block-image size-large\"><img loading=\"lazy\" decoding=\"async\" width=\"1024\" height=\"768\" data-id=\"75602\" src=\"https:\/\/web.molina.cl\/wp-content\/uploads\/2025\/08\/Foto-1-1024x768.jpeg\" alt=\"\" class=\"wp-image-75602\" srcset=\"https:\/\/web.molina.cl\/wp-content\/uploads\/2025\/08\/Foto-1-1024x768.jpeg 1024w, https:\/\/web.molina.cl\/wp-content\/uploads\/2025\/08\/Foto-1-300x225.jpeg 300w, https:\/\/web.molina.cl\/wp-content\/uploads\/2025\/08\/Foto-1-768x576.jpeg 768w, https:\/\/web.molina.cl\/wp-content\/uploads\/2025\/08\/Foto-1-1536x1152.jpeg 1536w, https:\/\/web.molina.cl\/wp-content\/uploads\/2025\/08\/Foto-1-2048x1536.jpeg 2048w, https:\/\/web.molina.cl\/wp-content\/uploads\/2025\/08\/Foto-1-560x420.jpeg 560w, https:\/\/web.molina.cl\/wp-content\/uploads\/2025\/08\/Foto-1-80x60.jpeg 80w, https:\/\/web.molina.cl\/wp-content\/uploads\/2025\/08\/Foto-1-696x522.jpeg 696w, https:\/\/web.molina.cl\/wp-content\/uploads\/2025\/08\/Foto-1-1068x801.jpeg 1068w, https:\/\/web.molina.cl\/wp-content\/uploads\/2025\/08\/Foto-1-1920x1440.jpeg 1920w, https:\/\/web.molina.cl\/wp-content\/uploads\/2025\/08\/Foto-1-265x198.jpeg 265w\" sizes=\"(max-width: 1024px) 100vw, 1024px\" \/><\/figure>\n\n\n\n<figure class=\"wp-block-image size-large\"><img loading=\"lazy\" decoding=\"async\" width=\"1024\" height=\"768\" data-id=\"75601\" src=\"https:\/\/web.molina.cl\/wp-content\/uploads\/2025\/08\/Foto-2-1-1024x768.jpeg\" alt=\"\" class=\"wp-image-75601\" srcset=\"https:\/\/web.molina.cl\/wp-content\/uploads\/2025\/08\/Foto-2-1-1024x768.jpeg 1024w, https:\/\/web.molina.cl\/wp-content\/uploads\/2025\/08\/Foto-2-1-300x225.jpeg 300w, https:\/\/web.molina.cl\/wp-content\/uploads\/2025\/08\/Foto-2-1-768x576.jpeg 768w, https:\/\/web.molina.cl\/wp-content\/uploads\/2025\/08\/Foto-2-1-1536x1152.jpeg 1536w, https:\/\/web.molina.cl\/wp-content\/uploads\/2025\/08\/Foto-2-1-2048x1536.jpeg 2048w, https:\/\/web.molina.cl\/wp-content\/uploads\/2025\/08\/Foto-2-1-560x420.jpeg 560w, https:\/\/web.molina.cl\/wp-content\/uploads\/2025\/08\/Foto-2-1-80x60.jpeg 80w, https:\/\/web.molina.cl\/wp-content\/uploads\/2025\/08\/Foto-2-1-696x522.jpeg 696w, https:\/\/web.molina.cl\/wp-content\/uploads\/2025\/08\/Foto-2-1-1068x801.jpeg 1068w, https:\/\/web.molina.cl\/wp-content\/uploads\/2025\/08\/Foto-2-1-1920x1440.jpeg 1920w, https:\/\/web.molina.cl\/wp-content\/uploads\/2025\/08\/Foto-2-1-265x198.jpeg 265w\" sizes=\"(max-width: 1024px) 100vw, 1024px\" \/><\/figure>\n\n\n\n<figure class=\"wp-block-image size-large\"><img loading=\"lazy\" decoding=\"async\" width=\"1024\" height=\"768\" data-id=\"75600\" src=\"https:\/\/web.molina.cl\/wp-content\/uploads\/2025\/08\/Foto-3-1024x768.jpeg\" alt=\"\" class=\"wp-image-75600\" srcset=\"https:\/\/web.molina.cl\/wp-content\/uploads\/2025\/08\/Foto-3-1024x768.jpeg 1024w, https:\/\/web.molina.cl\/wp-content\/uploads\/2025\/08\/Foto-3-300x225.jpeg 300w, https:\/\/web.molina.cl\/wp-content\/uploads\/2025\/08\/Foto-3-768x576.jpeg 768w, https:\/\/web.molina.cl\/wp-content\/uploads\/2025\/08\/Foto-3-1536x1152.jpeg 1536w, https:\/\/web.molina.cl\/wp-content\/uploads\/2025\/08\/Foto-3-2048x1536.jpeg 2048w, https:\/\/web.molina.cl\/wp-content\/uploads\/2025\/08\/Foto-3-560x420.jpeg 560w, https:\/\/web.molina.cl\/wp-content\/uploads\/2025\/08\/Foto-3-80x60.jpeg 80w, https:\/\/web.molina.cl\/wp-content\/uploads\/2025\/08\/Foto-3-696x522.jpeg 696w, https:\/\/web.molina.cl\/wp-content\/uploads\/2025\/08\/Foto-3-1068x801.jpeg 1068w, https:\/\/web.molina.cl\/wp-content\/uploads\/2025\/08\/Foto-3-1920x1440.jpeg 1920w, https:\/\/web.molina.cl\/wp-content\/uploads\/2025\/08\/Foto-3-265x198.jpeg 265w\" sizes=\"(max-width: 1024px) 100vw, 1024px\" \/><\/figure>\n<\/figure>\n","protected":false},"excerpt":{"rendered":"<p>Las actividades se realizaron durante todo el fin de semana tanto en el estadio municipal como en la Plaza de Lontu\u00e9. Un panorama lleno de actividades y sana diversi\u00f3n se vivi\u00f3 en Molina con motivo de la celebraci\u00f3n especial pensada para los m\u00e1s peque\u00f1os, desarroll\u00e1ndose de manera simult\u00e1nea en la explanada del estadio municipal y [&hellip;]<\/p>\n","protected":false},"author":2,"featured_media":75602,"comment_status":"closed","ping_status":"open","sticky":false,"template":"","format":"standard","meta":{"footnotes":""},"categories":[3,16,64],"tags":[],"_links":{"self":[{"href":"https:\/\/web.molina.cl\/index.php?rest_route=\/wp\/v2\/posts\/75599"}],"collection":[{"href":"https:\/\/web.molina.cl\/index.php?rest_route=\/wp\/v2\/posts"}],"about":[{"href":"https:\/\/web.molina.cl\/index.php?rest_route=\/wp\/v2\/types\/post"}],"author":[{"embeddable":true,"href":"https:\/\/web.molina.cl\/index.php?rest_route=\/wp\/v2\/users\/2"}],"replies":[{"embeddable":true,"href":"https:\/\/web.molina.cl\/index.php?rest_route=%2Fwp%2Fv2%2Fcomments&post=75599"}],"version-history":[{"count":1,"href":"https:\/\/web.molina.cl\/index.php?rest_route=\/wp\/v2\/posts\/75599\/revisions"}],"predecessor-version":[{"id":75603,"href":"https:\/\/web.molina.cl\/index.php?rest_route=\/wp\/v2\/posts\/75599\/revisions\/75603"}],"wp:featuredmedia":[{"embeddable":true,"href":"https:\/\/web.molina.cl\/index.php?rest_route=\/wp\/v2\/media\/75602"}],"wp:attachment":[{"href":"https:\/\/web.molina.cl\/index.php?rest_route=%2Fwp%2Fv2%2Fmedia&parent=75599"}],"wp:term":[{"taxonomy":"category","embeddable":true,"href":"https:\/\/web.molina.cl\/index.php?rest_route=%2Fwp%2Fv2%2Fcategories&post=75599"},{"taxonomy":"post_tag","embeddable":true,"href":"https:\/\/web.molina.cl\/index.php?rest_route=%2Fwp%2Fv2%2Ftags&post=75599"}],"curies":[{"name":"wp","href":"https:\/\/api.w.org\/{rel}","templated":true}]}}