{"id":75593,"date":"2025-08-12T16:47:11","date_gmt":"2025-08-12T20:47:11","guid":{"rendered":"https:\/\/web.molina.cl\/?p=75593"},"modified":"2025-08-12T16:47:12","modified_gmt":"2025-08-12T20:47:12","slug":"fortalecen-vinculos-para-trabajo-en-red-entre-emprendedores-turisticos-de-molina","status":"publish","type":"post","link":"https:\/\/web.molina.cl\/?p=75593","title":{"rendered":"Fortalecen v\u00ednculos para trabajo en red entre emprendedores tur\u00edsticos de Molina"},"content":{"rendered":"\n<h2 class=\"wp-block-heading\">Desde la Corporaci\u00f3n Municipal de Turismo abordaron una de las principales falencias del rubro: el desconocimiento de los dem\u00e1s servicios existentes.<\/h2>\n\n\n\n<p>Suele suceder que, cuando un visitante llega a Molina, pregunta por alojamiento en un local de comida o viceversa; teniendo muchas veces como respuesta un cl\u00e1sico \u201cno s\u00e9\u201d.<\/p>\n\n\n\n<p>Para revertir esta situaci\u00f3n, la Corporaci\u00f3n Municipal de Turismo y Fomento Productivo de Molina organiz\u00f3 el primer encuentro de emprendedores del rubro con el objetivo de conocer la amplia gama de productos y servicios en el \u00e1rea.<\/p>\n\n\n\n<p>La meta es alcanzar un trabajo en red que permita brindar informaci\u00f3n completa a los turistas acerca de las posibilidades no solo en el sector de Radal Siete Tazas, sino que en todos los rincones de la comuna.<\/p>\n\n\n\n<p>El coordinador de la actividad, Sebasti\u00e1n Unda, destac\u00f3 los resultados del encuentro que reuni\u00f3 a m\u00e1s de 40 emprendedores, se\u00f1alando que \u201cde manera participativa, pudimos dialogar y reflexionar sobre experiencias locales. Con las mesas participativas esperamos realizar un diagn\u00f3stico como Corporaci\u00f3n para establecer una planificaci\u00f3n estructurada de aqu\u00ed a 2028\u201d.<\/p>\n\n\n\n<p><strong>BUENA ACOGIDA ENTRE EMPRENDEDORES<\/strong><\/p>\n\n\n\n<p>Los propietarios de emprendimientos tur\u00edsticos de diversa \u00edndole agradecieron la convocatoria, puesto que demuestra la importancia de escucharlos al momento de definir las pol\u00edticas p\u00fablicas.<\/p>\n\n\n\n<p>\u00d3scar Su\u00e1rez, quien comercializa artesan\u00edas, fotograf\u00edas y souvenirs, coment\u00f3 que \u201cnos sirvi\u00f3 mucho conectarnos con otros rubros donde no hab\u00eda enlaces, como los que tienen dormitorios, pan amasado y ese tipo de negocios. El sue\u00f1o de todos es que seamos una potencia nacional, que estemos entre los primeros cinco parques nacionales. Estamos en pa\u00f1ales y nos queda mucho trabajo por recorrer\u201d.<\/p>\n\n\n\n<p>Misma opini\u00f3n manifiesta Mirta Salazar, molinense conocida por ser la ganadora de \u201cCazuelas y Caldillos\u201d. En palabras de la experta gastron\u00f3mica, \u201cme encant\u00f3, porque siempre ten\u00edamos reuniones, pero nunca para conocer a los dem\u00e1s emprendedores y saber a qu\u00e9 se dedican. Yo, por ejemplo, no sab\u00eda que hab\u00eda caba\u00f1as y ahora le puedo decir a la gente de afuera cuando pregunte\u201d.<\/p>\n\n\n\n<figure class=\"wp-block-gallery has-nested-images columns-default is-cropped wp-block-gallery-1 is-layout-flex wp-block-gallery-is-layout-flex\">\n<figure class=\"wp-block-image size-large\"><img loading=\"lazy\" decoding=\"async\" width=\"1024\" height=\"768\" data-id=\"75597\" src=\"https:\/\/web.molina.cl\/wp-content\/uploads\/2025\/08\/Molina-1024x768.jpg\" alt=\"\" class=\"wp-image-75597\" srcset=\"https:\/\/web.molina.cl\/wp-content\/uploads\/2025\/08\/Molina-1024x768.jpg 1024w, https:\/\/web.molina.cl\/wp-content\/uploads\/2025\/08\/Molina-300x225.jpg 300w, https:\/\/web.molina.cl\/wp-content\/uploads\/2025\/08\/Molina-768x576.jpg 768w, https:\/\/web.molina.cl\/wp-content\/uploads\/2025\/08\/Molina-1536x1152.jpg 1536w, https:\/\/web.molina.cl\/wp-content\/uploads\/2025\/08\/Molina-2048x1536.jpg 2048w, https:\/\/web.molina.cl\/wp-content\/uploads\/2025\/08\/Molina-560x420.jpg 560w, https:\/\/web.molina.cl\/wp-content\/uploads\/2025\/08\/Molina-80x60.jpg 80w, https:\/\/web.molina.cl\/wp-content\/uploads\/2025\/08\/Molina-696x522.jpg 696w, https:\/\/web.molina.cl\/wp-content\/uploads\/2025\/08\/Molina-1068x801.jpg 1068w, https:\/\/web.molina.cl\/wp-content\/uploads\/2025\/08\/Molina-1920x1440.jpg 1920w, https:\/\/web.molina.cl\/wp-content\/uploads\/2025\/08\/Molina-265x198.jpg 265w\" sizes=\"(max-width: 1024px) 100vw, 1024px\" \/><\/figure>\n<\/figure>\n","protected":false},"excerpt":{"rendered":"<p>Desde la Corporaci\u00f3n Municipal de Turismo abordaron una de las principales falencias del rubro: el desconocimiento de los dem\u00e1s servicios existentes. Suele suceder que, cuando un visitante llega a Molina, pregunta por alojamiento en un local de comida o viceversa; teniendo muchas veces como respuesta un cl\u00e1sico \u201cno s\u00e9\u201d. Para revertir esta situaci\u00f3n, la Corporaci\u00f3n [&hellip;]<\/p>\n","protected":false},"author":2,"featured_media":75597,"comment_status":"closed","ping_status":"open","sticky":false,"template":"","format":"standard","meta":{"footnotes":""},"categories":[8],"tags":[],"_links":{"self":[{"href":"https:\/\/web.molina.cl\/index.php?rest_route=\/wp\/v2\/posts\/75593"}],"collection":[{"href":"https:\/\/web.molina.cl\/index.php?rest_route=\/wp\/v2\/posts"}],"about":[{"href":"https:\/\/web.molina.cl\/index.php?rest_route=\/wp\/v2\/types\/post"}],"author":[{"embeddable":true,"href":"https:\/\/web.molina.cl\/index.php?rest_route=\/wp\/v2\/users\/2"}],"replies":[{"embeddable":true,"href":"https:\/\/web.molina.cl\/index.php?rest_route=%2Fwp%2Fv2%2Fcomments&post=75593"}],"version-history":[{"count":1,"href":"https:\/\/web.molina.cl\/index.php?rest_route=\/wp\/v2\/posts\/75593\/revisions"}],"predecessor-version":[{"id":75598,"href":"https:\/\/web.molina.cl\/index.php?rest_route=\/wp\/v2\/posts\/75593\/revisions\/75598"}],"wp:featuredmedia":[{"embeddable":true,"href":"https:\/\/web.molina.cl\/index.php?rest_route=\/wp\/v2\/media\/75597"}],"wp:attachment":[{"href":"https:\/\/web.molina.cl\/index.php?rest_route=%2Fwp%2Fv2%2Fmedia&parent=75593"}],"wp:term":[{"taxonomy":"category","embeddable":true,"href":"https:\/\/web.molina.cl\/index.php?rest_route=%2Fwp%2Fv2%2Fcategories&post=75593"},{"taxonomy":"post_tag","embeddable":true,"href":"https:\/\/web.molina.cl\/index.php?rest_route=%2Fwp%2Fv2%2Ftags&post=75593"}],"curies":[{"name":"wp","href":"https:\/\/api.w.org\/{rel}","templated":true}]}}