{"id":75583,"date":"2025-08-12T16:30:51","date_gmt":"2025-08-12T20:30:51","guid":{"rendered":"https:\/\/web.molina.cl\/?p=75583"},"modified":"2025-08-12T16:30:52","modified_gmt":"2025-08-12T20:30:52","slug":"aprueban-mas-de-100-nuevos-cupos-del-programa-chile-cuida-en-molina","status":"publish","type":"post","link":"https:\/\/web.molina.cl\/?p=75583","title":{"rendered":"Aprueban m\u00e1s de 100 nuevos cupos del programa Chile Cuida en Molina"},"content":{"rendered":"\n<h2 class=\"wp-block-heading\">El beneficio se concret\u00f3 tras reuni\u00f3n entre el alcalde Felipe M\u00e9ndez y la Subsecretaria de Servicios Sociales, Francisca Gallegos.<\/h2>\n\n\n\n<p>Pensando en las personas mayores y con dependencia severa, el alcalde de Molina, Felipe M\u00e9ndez, particip\u00f3 en Talca de una reuni\u00f3n con sus pares de la Regi\u00f3n del Maule para firmar el convenio de colaboraci\u00f3n de la Red de Apoyos y Cuidados del Ministerio de Desarrollo Social y Familia.<\/p>\n\n\n\n<p>En la oportunidad y, tras entrevistarse con la Subsecretaria de Servicios Sociales, Francisca Gallegos, se confirm\u00f3 el aumento de 15 a 126 cupos para la comuna de esta iniciativa enmarcada en el programa Chile Cuida, lo que permitir\u00e1 contar con m\u00e1s profesionales y prestaciones tanto para usuarios como para cuidadores, mejorando la cobertura y buen trato hacia quienes m\u00e1s lo necesitan.<\/p>\n\n\n\n<p>\u201cHemos querido compartir la buena noticia de que uno de los programas centrales de Chile Cuida, como es la Red Local de Apoyos y Cuidados, ampliar\u00e1 su cobertura en la comuna, pasando de 15 cupos a 126, todo gracias a la voluntad del alcalde, quien nos ha solicitado dar prioridad a las necesidades tanto de las personas que cuidan como de quienes requieren cuidados\u201d, anunci\u00f3 la autoridad nacional.<\/p>\n\n\n\n<p>Junto con destacar que \u201ces muy significativo el n\u00famero que logramos aumentar\u201d, el alcalde Felipe M\u00e9ndez record\u00f3 que \u201cnosotros ya estamos en construcci\u00f3n del primer centro de cuidados en Lontu\u00e9, pero tambi\u00e9n hemos planteado la necesidad de contar con uno en Molina, as\u00ed que haremos todos los buenos oficios para ello\u201d.<\/p>\n\n\n\n<p>El programa cuenta con tres componentes principales: el Plan de Cuidados, el servicio de atenci\u00f3n domiciliaria que disminuye tambi\u00e9n la sobrecarga de la persona cuidadora y los servicios especializados. Estos \u00faltimos contemplan terapia ocupacional, kinesiolog\u00eda y psicolog\u00eda, como tambi\u00e9n ayudas t\u00e9cnicas.<\/p>\n\n\n\n<figure class=\"wp-block-gallery has-nested-images columns-default is-cropped wp-block-gallery-1 is-layout-flex wp-block-gallery-is-layout-flex\">\n<figure class=\"wp-block-image size-large\"><img loading=\"lazy\" decoding=\"async\" width=\"1024\" height=\"769\" data-id=\"75585\" src=\"https:\/\/web.molina.cl\/wp-content\/uploads\/2025\/08\/Foto-1-3-1024x769.jpg\" alt=\"\" class=\"wp-image-75585\" srcset=\"https:\/\/web.molina.cl\/wp-content\/uploads\/2025\/08\/Foto-1-3-1024x769.jpg 1024w, https:\/\/web.molina.cl\/wp-content\/uploads\/2025\/08\/Foto-1-3-300x225.jpg 300w, https:\/\/web.molina.cl\/wp-content\/uploads\/2025\/08\/Foto-1-3-768x577.jpg 768w, https:\/\/web.molina.cl\/wp-content\/uploads\/2025\/08\/Foto-1-3-1536x1153.jpg 1536w, https:\/\/web.molina.cl\/wp-content\/uploads\/2025\/08\/Foto-1-3-2048x1538.jpg 2048w, https:\/\/web.molina.cl\/wp-content\/uploads\/2025\/08\/Foto-1-3-559x420.jpg 559w, https:\/\/web.molina.cl\/wp-content\/uploads\/2025\/08\/Foto-1-3-80x60.jpg 80w, https:\/\/web.molina.cl\/wp-content\/uploads\/2025\/08\/Foto-1-3-696x523.jpg 696w, https:\/\/web.molina.cl\/wp-content\/uploads\/2025\/08\/Foto-1-3-1068x802.jpg 1068w, https:\/\/web.molina.cl\/wp-content\/uploads\/2025\/08\/Foto-1-3-1920x1441.jpg 1920w, https:\/\/web.molina.cl\/wp-content\/uploads\/2025\/08\/Foto-1-3-265x198.jpg 265w\" sizes=\"(max-width: 1024px) 100vw, 1024px\" \/><\/figure>\n\n\n\n<figure class=\"wp-block-image size-large\"><img loading=\"lazy\" decoding=\"async\" width=\"1024\" height=\"769\" data-id=\"75584\" src=\"https:\/\/web.molina.cl\/wp-content\/uploads\/2025\/08\/Foto-2-1024x769.jpeg\" alt=\"\" class=\"wp-image-75584\" srcset=\"https:\/\/web.molina.cl\/wp-content\/uploads\/2025\/08\/Foto-2-1024x769.jpeg 1024w, https:\/\/web.molina.cl\/wp-content\/uploads\/2025\/08\/Foto-2-300x225.jpeg 300w, https:\/\/web.molina.cl\/wp-content\/uploads\/2025\/08\/Foto-2-768x576.jpeg 768w, https:\/\/web.molina.cl\/wp-content\/uploads\/2025\/08\/Foto-2-1536x1153.jpeg 1536w, https:\/\/web.molina.cl\/wp-content\/uploads\/2025\/08\/Foto-2-560x420.jpeg 560w, https:\/\/web.molina.cl\/wp-content\/uploads\/2025\/08\/Foto-2-80x60.jpeg 80w, https:\/\/web.molina.cl\/wp-content\/uploads\/2025\/08\/Foto-2-696x522.jpeg 696w, https:\/\/web.molina.cl\/wp-content\/uploads\/2025\/08\/Foto-2-1068x802.jpeg 1068w, https:\/\/web.molina.cl\/wp-content\/uploads\/2025\/08\/Foto-2-265x198.jpeg 265w, https:\/\/web.molina.cl\/wp-content\/uploads\/2025\/08\/Foto-2.jpeg 1600w\" sizes=\"(max-width: 1024px) 100vw, 1024px\" \/><\/figure>\n<\/figure>\n","protected":false},"excerpt":{"rendered":"<p>El beneficio se concret\u00f3 tras reuni\u00f3n entre el alcalde Felipe M\u00e9ndez y la Subsecretaria de Servicios Sociales, Francisca Gallegos. Pensando en las personas mayores y con dependencia severa, el alcalde de Molina, Felipe M\u00e9ndez, particip\u00f3 en Talca de una reuni\u00f3n con sus pares de la Regi\u00f3n del Maule para firmar el convenio de colaboraci\u00f3n de [&hellip;]<\/p>\n","protected":false},"author":2,"featured_media":75585,"comment_status":"closed","ping_status":"open","sticky":false,"template":"","format":"standard","meta":{"footnotes":""},"categories":[80,3,4],"tags":[],"_links":{"self":[{"href":"https:\/\/web.molina.cl\/index.php?rest_route=\/wp\/v2\/posts\/75583"}],"collection":[{"href":"https:\/\/web.molina.cl\/index.php?rest_route=\/wp\/v2\/posts"}],"about":[{"href":"https:\/\/web.molina.cl\/index.php?rest_route=\/wp\/v2\/types\/post"}],"author":[{"embeddable":true,"href":"https:\/\/web.molina.cl\/index.php?rest_route=\/wp\/v2\/users\/2"}],"replies":[{"embeddable":true,"href":"https:\/\/web.molina.cl\/index.php?rest_route=%2Fwp%2Fv2%2Fcomments&post=75583"}],"version-history":[{"count":1,"href":"https:\/\/web.molina.cl\/index.php?rest_route=\/wp\/v2\/posts\/75583\/revisions"}],"predecessor-version":[{"id":75586,"href":"https:\/\/web.molina.cl\/index.php?rest_route=\/wp\/v2\/posts\/75583\/revisions\/75586"}],"wp:featuredmedia":[{"embeddable":true,"href":"https:\/\/web.molina.cl\/index.php?rest_route=\/wp\/v2\/media\/75585"}],"wp:attachment":[{"href":"https:\/\/web.molina.cl\/index.php?rest_route=%2Fwp%2Fv2%2Fmedia&parent=75583"}],"wp:term":[{"taxonomy":"category","embeddable":true,"href":"https:\/\/web.molina.cl\/index.php?rest_route=%2Fwp%2Fv2%2Fcategories&post=75583"},{"taxonomy":"post_tag","embeddable":true,"href":"https:\/\/web.molina.cl\/index.php?rest_route=%2Fwp%2Fv2%2Ftags&post=75583"}],"curies":[{"name":"wp","href":"https:\/\/api.w.org\/{rel}","templated":true}]}}