{"id":75575,"date":"2025-08-12T16:26:26","date_gmt":"2025-08-12T20:26:26","guid":{"rendered":"https:\/\/web.molina.cl\/?p=75575"},"modified":"2025-08-12T16:26:27","modified_gmt":"2025-08-12T20:26:27","slug":"vecinos-destacan-solucion-a-decadas-de-inundacion-en-historica-poblacion-de-molina","status":"publish","type":"post","link":"https:\/\/web.molina.cl\/?p=75575","title":{"rendered":"Vecinos destacan soluci\u00f3n a d\u00e9cadas de inundaci\u00f3n en hist\u00f3rica poblaci\u00f3n de Molina"},"content":{"rendered":"\n<h2 class=\"wp-block-heading\">Los residentes de calle Manuel Urenda, en la villa Servicio Seguro Social, agradecieron los trabajos que permitieron mitigar los efectos de las recientes lluvias.<\/h2>\n\n\n\n<p>D\u00e9cadas de anegamiento, espera y desilusiones llegaron a su fin para los habitantes de la calle Manuel Urenda en la villa Servicio Seguro Social de Molina, quienes lograron pasar las recientes lluvias sin inundaciones en su poblaci\u00f3n.<\/p>\n\n\n\n<p>Terminando con lo que ya era una triste tradici\u00f3n, los residentes no tuvieron anegamiento en el sector gracias a las obras realizadas hasta el momento como parte de un proyecto financiado \u00edntegramente por el municipio con 35 millones de pesos y a cargo de la Constructora DyV.<\/p>\n\n\n\n<p>Las faenas en curso contemplaron la instalaci\u00f3n de una rejilla de unos cinco metros con sumidero para la evacuaci\u00f3n de aguas lluvias, lo que se ver\u00e1 complementado con la pavimentaci\u00f3n de un tramo de unos 300 metros que brindar\u00e1 mejores condiciones para transitar.<\/p>\n\n\n\n<p><strong>LAS OBRAS CONTIN\u00daAN<\/strong><\/p>\n\n\n\n<p>Pese a que a\u00fan no se encuentra finalizada la intervenci\u00f3n, que deber\u00eda estar lista en las pr\u00f3ximas semanas, los vecinos manifestaron su alegr\u00eda al ver solucionada la extensa problem\u00e1tica.<\/p>\n\n\n\n<p>Fernando Navarro revela que, en las inmediaciones de su casa, sol\u00eda tener hasta 30 cm de agua acumulada, panorama que ahora cambi\u00f3 radicalmente. \u201cTen\u00edamos un problema end\u00e9mico, desde que se inaugur\u00f3 la poblaci\u00f3n. Pasaron todas estas administraciones, pero ahora reci\u00e9n logramos formar un Comit\u00e9 de Adelanto y gracias al alcalde Felipe M\u00e9ndez se instal\u00f3 este colector que ha funcionado\u201d, coment\u00f3 el residente.<\/p>\n\n\n\n<p>Por su parte, la presidenta de la Junta de Vecinos Servicio Seguro Social, Mar\u00eda Eugenia Mel\u00e9ndez, mira el futuro con entusiasmo, afirmando que \u201cestamos muy contentos, porque aparte del colector viene la pavimentaci\u00f3n, algo que desde 1960 no se hac\u00eda\u201d.<\/p>\n\n\n\n<p>Destacando la inversi\u00f3n pensada en la comunidad, el alcalde de Molina, Felipe M\u00e9ndez, se\u00f1al\u00f3 que \u201cme siento contento por el trabajo que ha permitido que no tengan inundaciones en su sector, ya que sus calles y patios se anegaban, mientras que ahora estamos pr\u00f3ximos a pavimentar tambi\u00e9n. Hemos aprobado estos recursos en el Concejo Municipal para dar soluciones concretas a las familias que tanto lo necesitan\u201d.<\/p>\n\n\n\n<p>Cabe destacar que la poblaci\u00f3n Servicio Seguro Social es uno de los barrios ic\u00f3nicos de la comuna, aleda\u00f1o al centro comercial y que conecta de manera interior con el estadio municipal.<\/p>\n\n\n\n<p>Por tanto, estas obras permiten no solo que la villa se encuentre con un hermoseamiento importante, sino que tambi\u00e9n cuente con condiciones seguras y dignas ante la ca\u00edda de aguas lluvias.<\/p>\n\n\n\n<figure class=\"wp-block-gallery has-nested-images columns-default is-cropped wp-block-gallery-1 is-layout-flex wp-block-gallery-is-layout-flex\">\n<figure class=\"wp-block-image size-large\"><img loading=\"lazy\" decoding=\"async\" width=\"1024\" height=\"768\" data-id=\"75576\" src=\"https:\/\/web.molina.cl\/wp-content\/uploads\/2025\/08\/Foto-1-1-1024x768.jpg\" alt=\"\" class=\"wp-image-75576\" srcset=\"https:\/\/web.molina.cl\/wp-content\/uploads\/2025\/08\/Foto-1-1-1024x768.jpg 1024w, https:\/\/web.molina.cl\/wp-content\/uploads\/2025\/08\/Foto-1-1-300x225.jpg 300w, https:\/\/web.molina.cl\/wp-content\/uploads\/2025\/08\/Foto-1-1-768x576.jpg 768w, https:\/\/web.molina.cl\/wp-content\/uploads\/2025\/08\/Foto-1-1-1536x1152.jpg 1536w, https:\/\/web.molina.cl\/wp-content\/uploads\/2025\/08\/Foto-1-1-2048x1536.jpg 2048w, https:\/\/web.molina.cl\/wp-content\/uploads\/2025\/08\/Foto-1-1-560x420.jpg 560w, https:\/\/web.molina.cl\/wp-content\/uploads\/2025\/08\/Foto-1-1-80x60.jpg 80w, https:\/\/web.molina.cl\/wp-content\/uploads\/2025\/08\/Foto-1-1-696x522.jpg 696w, https:\/\/web.molina.cl\/wp-content\/uploads\/2025\/08\/Foto-1-1-1068x801.jpg 1068w, https:\/\/web.molina.cl\/wp-content\/uploads\/2025\/08\/Foto-1-1-1920x1440.jpg 1920w, https:\/\/web.molina.cl\/wp-content\/uploads\/2025\/08\/Foto-1-1-265x198.jpg 265w\" sizes=\"(max-width: 1024px) 100vw, 1024px\" \/><\/figure>\n\n\n\n<figure class=\"wp-block-image size-large\"><img loading=\"lazy\" decoding=\"async\" width=\"1024\" height=\"768\" data-id=\"75577\" src=\"https:\/\/web.molina.cl\/wp-content\/uploads\/2025\/08\/Foto-2-1-1024x768.jpg\" alt=\"\" class=\"wp-image-75577\" srcset=\"https:\/\/web.molina.cl\/wp-content\/uploads\/2025\/08\/Foto-2-1-1024x768.jpg 1024w, https:\/\/web.molina.cl\/wp-content\/uploads\/2025\/08\/Foto-2-1-300x225.jpg 300w, https:\/\/web.molina.cl\/wp-content\/uploads\/2025\/08\/Foto-2-1-768x576.jpg 768w, https:\/\/web.molina.cl\/wp-content\/uploads\/2025\/08\/Foto-2-1-1536x1152.jpg 1536w, https:\/\/web.molina.cl\/wp-content\/uploads\/2025\/08\/Foto-2-1-2048x1536.jpg 2048w, https:\/\/web.molina.cl\/wp-content\/uploads\/2025\/08\/Foto-2-1-560x420.jpg 560w, https:\/\/web.molina.cl\/wp-content\/uploads\/2025\/08\/Foto-2-1-80x60.jpg 80w, https:\/\/web.molina.cl\/wp-content\/uploads\/2025\/08\/Foto-2-1-696x522.jpg 696w, https:\/\/web.molina.cl\/wp-content\/uploads\/2025\/08\/Foto-2-1-1068x801.jpg 1068w, https:\/\/web.molina.cl\/wp-content\/uploads\/2025\/08\/Foto-2-1-1920x1440.jpg 1920w, https:\/\/web.molina.cl\/wp-content\/uploads\/2025\/08\/Foto-2-1-265x198.jpg 265w\" sizes=\"(max-width: 1024px) 100vw, 1024px\" \/><\/figure>\n<\/figure>\n","protected":false},"excerpt":{"rendered":"<p>Los residentes de calle Manuel Urenda, en la villa Servicio Seguro Social, agradecieron los trabajos que permitieron mitigar los efectos de las recientes lluvias. D\u00e9cadas de anegamiento, espera y desilusiones llegaron a su fin para los habitantes de la calle Manuel Urenda en la villa Servicio Seguro Social de Molina, quienes lograron pasar las recientes [&hellip;]<\/p>\n","protected":false},"author":2,"featured_media":75577,"comment_status":"closed","ping_status":"open","sticky":false,"template":"","format":"standard","meta":{"footnotes":""},"categories":[6],"tags":[],"_links":{"self":[{"href":"https:\/\/web.molina.cl\/index.php?rest_route=\/wp\/v2\/posts\/75575"}],"collection":[{"href":"https:\/\/web.molina.cl\/index.php?rest_route=\/wp\/v2\/posts"}],"about":[{"href":"https:\/\/web.molina.cl\/index.php?rest_route=\/wp\/v2\/types\/post"}],"author":[{"embeddable":true,"href":"https:\/\/web.molina.cl\/index.php?rest_route=\/wp\/v2\/users\/2"}],"replies":[{"embeddable":true,"href":"https:\/\/web.molina.cl\/index.php?rest_route=%2Fwp%2Fv2%2Fcomments&post=75575"}],"version-history":[{"count":1,"href":"https:\/\/web.molina.cl\/index.php?rest_route=\/wp\/v2\/posts\/75575\/revisions"}],"predecessor-version":[{"id":75578,"href":"https:\/\/web.molina.cl\/index.php?rest_route=\/wp\/v2\/posts\/75575\/revisions\/75578"}],"wp:featuredmedia":[{"embeddable":true,"href":"https:\/\/web.molina.cl\/index.php?rest_route=\/wp\/v2\/media\/75577"}],"wp:attachment":[{"href":"https:\/\/web.molina.cl\/index.php?rest_route=%2Fwp%2Fv2%2Fmedia&parent=75575"}],"wp:term":[{"taxonomy":"category","embeddable":true,"href":"https:\/\/web.molina.cl\/index.php?rest_route=%2Fwp%2Fv2%2Fcategories&post=75575"},{"taxonomy":"post_tag","embeddable":true,"href":"https:\/\/web.molina.cl\/index.php?rest_route=%2Fwp%2Fv2%2Ftags&post=75575"}],"curies":[{"name":"wp","href":"https:\/\/api.w.org\/{rel}","templated":true}]}}