{"id":754,"date":"2014-06-21T16:45:38","date_gmt":"2014-06-21T19:45:38","guid":{"rendered":"http:\/\/web.molina.cl\/?p=754"},"modified":"2020-11-25T08:45:05","modified_gmt":"2020-11-25T12:45:05","slug":"hermosa-y-emocionante-celebracion-del-ano-nuevo-mapuche-en-molina","status":"publish","type":"post","link":"https:\/\/web.molina.cl\/?p=754","title":{"rendered":"Hermosa y emocionante celebraci\u00f3n del a\u00f1o nuevo Mapuche en Molina"},"content":{"rendered":"<p style=\"text-align: justify;\">Desde el viernes 20 hasta el domingo 22 del presente se lleva a cabo la tercera Feria Campesina Intercomunal y celebraci\u00f3n del a\u00f1o nuevo Mapuche en la comuna de Molina, evento que re\u00fane a distintas comunidades ind\u00edgenas del pa\u00eds.<br \/>\n<!--more--><\/p>\n<p style=\"text-align: justify;\">Durante su ceremonia inaugural desarrollada el d\u00eda s\u00e1bado en la Plaza de Armas de Molina, a la que asistieron diversas autoridades como la Alcaldesa de la comuna, Priscilla Castillo; el Lonco y Representante de la Asociaci\u00f3n Ind\u00edgena Comunal, Juan \u00d1ancupil Railaf; el Director Regional del Consejo de la Cultura y las Artes, Edgardo C\u00e1ceres; el Encargado Nacional de la Unidad de Pueblos Originales del Consejo de la Cultura y las Artes, Jorge Gonz\u00e1lez; los Concejales de Molina, Patricio Vergara y Manuel Calqu\u00edn; y representantes de la comuna de Sagrada Familia, como lo fueron la Concejal, Anselma Hern\u00e1ndez y el Presidente de la Asociaci\u00f3n de emprendedores cuenca del Mataquito, &nbsp;Jos\u00e9 Rivera.<\/p>\n<p style=\"text-align: justify;\">Esta celebraci\u00f3n est\u00e1 acompa\u00f1ada de una serie de ceremonias religiosas que reciben el a\u00f1o nuevo ind\u00edgena como es el Wetripantu. La plantaci\u00f3n de los arboles sagrados, como lo son el canelo y el maqui, al comp\u00e1s de las melod\u00edas, cantos y bailes tradicionales mapuches fueron la parte mas emocionante de este acto.<\/p>\n<p style=\"text-align: justify;\"><b>WETRIPANTU<\/b><\/p>\n<p style=\"text-align: justify;\">La fiesta del a\u00f1o nuevo Mapuche o Wetripantu, es un d\u00eda sagrado y festivo para los Mapuches, que se celebra cada 24 de junio, d\u00eda en que se produce el equinoccio de invierno. Es este fen\u00f3meno de la naturaleza el que es motivo de celebraci\u00f3n para estas comunidades, donde se realizan ceremonias para pedir al \u201cCAHO NGENECHEN\u201d (Dios Padre), la llegada de mejores d\u00edas para la tierra, las cosechas, los animales y el bienestar de la comunidad.<\/p>\n<p style=\"text-align: justify;\">Por tal raz\u00f3n, la Municipalidad de Molina, celebra y recibe este nuevo a\u00f1o junto a la comunidad mapuche. El objetivo de la actual administraci\u00f3n municipal que preside la Alcaldesa, Priscilla Castillo Gerli, es incorporar a este modelo en Molina, con la finalidad de compartir la riqueza espiritual y cultural de estos pueblos con la familia y habitantes de la comuna.<\/p>\n<p style=\"text-align: justify;\">\u201cEs importante esta celebraci\u00f3n por que como chilenos cada uno tiene un pedacito de alma mapuche. El hecho de nacer en esta tierra significa que venimos de un pueblo que a trav\u00e9s de la historia es luchador y un pueblo que tiene una tremenda fortaleza. Quiero dar las gracias por que hoy estamos celebrando en Molina este cambio de estaci\u00f3n, el wetripantu, que es muy distinta a nuestras celebraciones, por que este es el verdadero cambio de estaci\u00f3n, &nbsp;es un cambio de ciclo que traer\u00e1 mucha riqueza espiritual y cultural para nuestra tierra\u201d precis\u00f3 la Alcaldesa de Molina, Priscilla Castillo.<\/p>\n<p style=\"text-align: justify;\">Por su parte, el Director Regional del Consejo de la Cultura y las Artes hizo menci\u00f3n a lo importante de esta celebraci\u00f3n \u2013 \u201cel a\u00f1o nuevo mapuche tiene la significaci\u00f3n, que nos llega la luz de un nuevo ciclo, de la tierra y la naturaleza. Yo nunca hab\u00eda estado en la celebraci\u00f3n de un Wetripantu con estas caracter\u00edsticas como lo hice hoy en Molina y agradezco a las autoridades que me permitieron participar en esta linda actividad. La intenci\u00f3n del Gobierno es escuchar y provocar acercamiento, trabajaremos por el encuentro de los pueblos originarios y de la ya anunciada &nbsp;nueva institucionalidad, la creaci\u00f3n del Ministerio\u201d, indic\u00f3 Edgardo C\u00e1ceres.<\/p>\n<p style=\"text-align: justify;\"><b>FERIA CAMPESINA<\/b><\/p>\n<p style=\"text-align: justify;\">La tercera feria campesina intercomunal, se instal\u00f3 el d\u00eda viernes en la Plaza de Armas de Molina y se mantendr\u00e1 hasta la tarde del domingo, con muestras de productores hort\u00edcolas, artesanos y expositores del mundo gastron\u00f3mico.<\/p>\n","protected":false},"excerpt":{"rendered":"<p>Desde el viernes 20 hasta el domingo 22 del presente se lleva a cabo la tercera Feria Campesina Intercomunal y celebraci\u00f3n del a\u00f1o nuevo Mapuche en la comuna de Molina, evento que re\u00fane a distintas comunidades ind\u00edgenas del pa\u00eds.<\/p>\n","protected":false},"author":1,"featured_media":755,"comment_status":"open","ping_status":"open","sticky":false,"template":"","format":"standard","meta":{"footnotes":""},"categories":[2,4,45],"tags":[],"_links":{"self":[{"href":"https:\/\/web.molina.cl\/index.php?rest_route=\/wp\/v2\/posts\/754"}],"collection":[{"href":"https:\/\/web.molina.cl\/index.php?rest_route=\/wp\/v2\/posts"}],"about":[{"href":"https:\/\/web.molina.cl\/index.php?rest_route=\/wp\/v2\/types\/post"}],"author":[{"embeddable":true,"href":"https:\/\/web.molina.cl\/index.php?rest_route=\/wp\/v2\/users\/1"}],"replies":[{"embeddable":true,"href":"https:\/\/web.molina.cl\/index.php?rest_route=%2Fwp%2Fv2%2Fcomments&post=754"}],"version-history":[{"count":1,"href":"https:\/\/web.molina.cl\/index.php?rest_route=\/wp\/v2\/posts\/754\/revisions"}],"predecessor-version":[{"id":42878,"href":"https:\/\/web.molina.cl\/index.php?rest_route=\/wp\/v2\/posts\/754\/revisions\/42878"}],"wp:featuredmedia":[{"embeddable":true,"href":"https:\/\/web.molina.cl\/index.php?rest_route=\/"}],"wp:attachment":[{"href":"https:\/\/web.molina.cl\/index.php?rest_route=%2Fwp%2Fv2%2Fmedia&parent=754"}],"wp:term":[{"taxonomy":"category","embeddable":true,"href":"https:\/\/web.molina.cl\/index.php?rest_route=%2Fwp%2Fv2%2Fcategories&post=754"},{"taxonomy":"post_tag","embeddable":true,"href":"https:\/\/web.molina.cl\/index.php?rest_route=%2Fwp%2Fv2%2Ftags&post=754"}],"curies":[{"name":"wp","href":"https:\/\/api.w.org\/{rel}","templated":true}]}}