{"id":75255,"date":"2025-08-04T09:37:37","date_gmt":"2025-08-04T13:37:37","guid":{"rendered":"https:\/\/web.molina.cl\/?p=75255"},"modified":"2025-08-04T09:37:38","modified_gmt":"2025-08-04T13:37:38","slug":"promesa-cumplida-chileatiende-inicia-actividades-por-primera-vez-en-molina","status":"publish","type":"post","link":"https:\/\/web.molina.cl\/?p=75255","title":{"rendered":"Promesa cumplida: ChileAtiende inicia actividades por primera vez en Molina"},"content":{"rendered":"\n<h2 class=\"wp-block-heading\">La oficina virtual del popular servicio estatal comenz\u00f3 a funcionar en la tur\u00edstica comuna luego de gestiones realizadas este a\u00f1o por el alcalde.<\/h2>\n\n\n\n<p>Haciendo historia, comenz\u00f3 a funcionar oficialmente el punto de ChileAtiende en Molina.<\/p>\n\n\n\n<p>A trav\u00e9s de un Punto de Atenci\u00f3n Virtual (PAV), la popular red de multiservicios del Estado inici\u00f3 actividades en la tur\u00edstica comuna, contando con una funcionaria capacitada por el Instituto de Previsi\u00f3n Social (IPS).<\/p>\n\n\n\n<p>Se trata de uno de los proyectos impulsados por el alcalde de Molina, Felipe M\u00e9ndez, pr\u00e1cticamente desde que asumi\u00f3 la administraci\u00f3n del municipio, reuni\u00e9ndose para tal efecto en abril de este a\u00f1o con el Director(s) del IPS, Juan Jos\u00e9 C\u00e1rcamo.<\/p>\n\n\n\n<p>Desde entonces, en cuesti\u00f3n de meses se concret\u00f3 la llegada de ChileAtiende a tierras molinenses, lo que para la autoridad es un verdadero hito, especialmente para los adultos mayores que deb\u00edan trasladarse hasta Curic\u00f3 para realizar sus tr\u00e1mites.<\/p>\n\n\n\n<p>\u201cAcabamos de hacer la prueba oficial para un tr\u00e1mite y la verdad es que contestan de inmediato, igual que si fuera presencial en una oficina. Estamos muy contentos y esperamos que sea bien utilizado por los habitantes de nuestra comuna\u201d, dijo el jefe comunal.<\/p>\n\n\n\n<p><strong>ALTA CONVOCATORIA<\/strong><\/p>\n\n\n\n<p>La ceremonia de inauguraci\u00f3n del Punto de Atenci\u00f3n Virtual de ChileAtiende estuvo marcada por una alta convocatoria de dirigentes sociales de la comuna, quienes concurrieron para observar en vivo c\u00f3mo funcionar\u00e1 la plataforma en Molina.<\/p>\n\n\n\n<p>Pero lo que sin duda llam\u00f3 la atenci\u00f3n fue el testimonio de Irene Mu\u00f1oz, quien a trav\u00e9s de este servicio pudo gestionar y obtener el bono \u201cBodas de Oro\u201d, tras cumplir 50 a\u00f1os de matrimonio con su esposo.<\/p>\n\n\n\n<p>\u201cEs muy bueno y f\u00e1cil, nos atendieron muy bien y r\u00e1pido el tr\u00e1mite de las bodas de oro, que es muy importante. Yo ya casi no viajo sola Curic\u00f3, porque tengo que subirme a la micro y me duelen las rodillas\u201d, declar\u00f3 la usuaria.<\/p>\n\n\n\n<p>Por su parte, la Jefa de la Divisi\u00f3n Canales de Atenci\u00f3n del IPS, Paula Manque, destac\u00f3 que son m\u00e1s de 21 instituciones del Estado con las que tiene convenio la instituci\u00f3n que hoy trae el programa ChileAtiende a Molina.<\/p>\n\n\n\n<p>\u201cEs un hito muy importante para el servicio, la comuna y el Estado. Hoy no solo nos acercamos a un territorio, sino que tambi\u00e9n pueden innovar y acercarse a las casas de las personas a trav\u00e9s de esta misma herramienta, puesto que se puede llevar esta sucursal virtual a quienes requieran de atenci\u00f3n domiciliaria por presentar problemas de desplazamiento. Es un ejemplo relevador de c\u00f3mo podemos poner la tecnolog\u00eda al servicio de las personas\u201d, se\u00f1al\u00f3.<\/p>\n\n\n\n<p>El Punto de Atenci\u00f3n Virtual de ChileAtiende est\u00e1 disponible de lunes a viernes, de 08:30 a 14:00 horas, en el Departamento Social del municipio, ubicado en calle Independencia N\u00b0 1926.<\/p>\n\n\n\n<figure class=\"wp-block-gallery has-nested-images columns-default is-cropped wp-block-gallery-1 is-layout-flex wp-block-gallery-is-layout-flex\">\n<figure class=\"wp-block-image size-large\"><img loading=\"lazy\" decoding=\"async\" width=\"1024\" height=\"582\" data-id=\"75256\" src=\"https:\/\/web.molina.cl\/wp-content\/uploads\/2025\/08\/Chile-Atiende-1024x582.jpeg\" alt=\"\" class=\"wp-image-75256\" srcset=\"https:\/\/web.molina.cl\/wp-content\/uploads\/2025\/08\/Chile-Atiende-1024x582.jpeg 1024w, https:\/\/web.molina.cl\/wp-content\/uploads\/2025\/08\/Chile-Atiende-300x171.jpeg 300w, https:\/\/web.molina.cl\/wp-content\/uploads\/2025\/08\/Chile-Atiende-768x437.jpeg 768w, https:\/\/web.molina.cl\/wp-content\/uploads\/2025\/08\/Chile-Atiende-1536x874.jpeg 1536w, https:\/\/web.molina.cl\/wp-content\/uploads\/2025\/08\/Chile-Atiende-738x420.jpeg 738w, https:\/\/web.molina.cl\/wp-content\/uploads\/2025\/08\/Chile-Atiende-696x396.jpeg 696w, https:\/\/web.molina.cl\/wp-content\/uploads\/2025\/08\/Chile-Atiende-1068x607.jpeg 1068w, https:\/\/web.molina.cl\/wp-content\/uploads\/2025\/08\/Chile-Atiende.jpeg 1600w\" sizes=\"(max-width: 1024px) 100vw, 1024px\" \/><\/figure>\n\n\n\n<figure class=\"wp-block-image size-large\"><img loading=\"lazy\" decoding=\"async\" width=\"1024\" height=\"576\" data-id=\"75257\" src=\"https:\/\/web.molina.cl\/wp-content\/uploads\/2025\/08\/Foto-1-1024x576.png\" alt=\"\" class=\"wp-image-75257\" srcset=\"https:\/\/web.molina.cl\/wp-content\/uploads\/2025\/08\/Foto-1-1024x576.png 1024w, https:\/\/web.molina.cl\/wp-content\/uploads\/2025\/08\/Foto-1-300x169.png 300w, https:\/\/web.molina.cl\/wp-content\/uploads\/2025\/08\/Foto-1-768x432.png 768w, https:\/\/web.molina.cl\/wp-content\/uploads\/2025\/08\/Foto-1-1536x864.png 1536w, https:\/\/web.molina.cl\/wp-content\/uploads\/2025\/08\/Foto-1-747x420.png 747w, https:\/\/web.molina.cl\/wp-content\/uploads\/2025\/08\/Foto-1-696x392.png 696w, https:\/\/web.molina.cl\/wp-content\/uploads\/2025\/08\/Foto-1-1068x601.png 1068w, https:\/\/web.molina.cl\/wp-content\/uploads\/2025\/08\/Foto-1.png 1920w\" sizes=\"(max-width: 1024px) 100vw, 1024px\" \/><\/figure>\n<\/figure>\n","protected":false},"excerpt":{"rendered":"<p>La oficina virtual del popular servicio estatal comenz\u00f3 a funcionar en la tur\u00edstica comuna luego de gestiones realizadas este a\u00f1o por el alcalde. Haciendo historia, comenz\u00f3 a funcionar oficialmente el punto de ChileAtiende en Molina. A trav\u00e9s de un Punto de Atenci\u00f3n Virtual (PAV), la popular red de multiservicios del Estado inici\u00f3 actividades en la [&hellip;]<\/p>\n","protected":false},"author":2,"featured_media":75257,"comment_status":"closed","ping_status":"open","sticky":false,"template":"","format":"standard","meta":{"footnotes":""},"categories":[80,3,4],"tags":[],"_links":{"self":[{"href":"https:\/\/web.molina.cl\/index.php?rest_route=\/wp\/v2\/posts\/75255"}],"collection":[{"href":"https:\/\/web.molina.cl\/index.php?rest_route=\/wp\/v2\/posts"}],"about":[{"href":"https:\/\/web.molina.cl\/index.php?rest_route=\/wp\/v2\/types\/post"}],"author":[{"embeddable":true,"href":"https:\/\/web.molina.cl\/index.php?rest_route=\/wp\/v2\/users\/2"}],"replies":[{"embeddable":true,"href":"https:\/\/web.molina.cl\/index.php?rest_route=%2Fwp%2Fv2%2Fcomments&post=75255"}],"version-history":[{"count":1,"href":"https:\/\/web.molina.cl\/index.php?rest_route=\/wp\/v2\/posts\/75255\/revisions"}],"predecessor-version":[{"id":75258,"href":"https:\/\/web.molina.cl\/index.php?rest_route=\/wp\/v2\/posts\/75255\/revisions\/75258"}],"wp:featuredmedia":[{"embeddable":true,"href":"https:\/\/web.molina.cl\/index.php?rest_route=\/wp\/v2\/media\/75257"}],"wp:attachment":[{"href":"https:\/\/web.molina.cl\/index.php?rest_route=%2Fwp%2Fv2%2Fmedia&parent=75255"}],"wp:term":[{"taxonomy":"category","embeddable":true,"href":"https:\/\/web.molina.cl\/index.php?rest_route=%2Fwp%2Fv2%2Fcategories&post=75255"},{"taxonomy":"post_tag","embeddable":true,"href":"https:\/\/web.molina.cl\/index.php?rest_route=%2Fwp%2Fv2%2Ftags&post=75255"}],"curies":[{"name":"wp","href":"https:\/\/api.w.org\/{rel}","templated":true}]}}