{"id":75201,"date":"2025-07-23T16:12:24","date_gmt":"2025-07-23T20:12:24","guid":{"rendered":"https:\/\/web.molina.cl\/?p=75201"},"modified":"2025-07-23T16:12:25","modified_gmt":"2025-07-23T20:12:25","slug":"comenzo-a-funcionar-call-center-para-horas-medicas-de-poblacion-de-riesgo-en-molina","status":"publish","type":"post","link":"https:\/\/web.molina.cl\/?p=75201","title":{"rendered":"Comenz\u00f3 a funcionar call center para horas m\u00e9dicas de poblaci\u00f3n de riesgo en Molina"},"content":{"rendered":"\n<h2 class=\"wp-block-heading\">La medida se implement\u00f3 en los dos Cesfam de la comuna.<\/h2>\n\n\n\n<p>Proteger a la poblaci\u00f3n de riesgo y evitar su exposici\u00f3n a temperaturas extremas es el objetivo del nuevo Call Center que comenz\u00f3 a funcionar en los Centros de Salud Familiar (Cesfam) de Molina y Lontu\u00e9.<\/p>\n\n\n\n<p>La medida est\u00e1 enfocada, en su primera etapa, en la poblaci\u00f3n de riesgo, vale decir: mayores de 70 a\u00f1os, menores de 5 a\u00f1os, pacientes y cuidadores del Programa de Atenci\u00f3n Domiciliaria para Personas con Dependencia Severa (PADDS), y embarazadas desde las 30 semanas de gestaci\u00f3n.<\/p>\n\n\n\n<p>La central de llamados estar\u00e1 activa de lunes a viernes, de 08:30 a 11:00 horas, horario en el que los molinenses podr\u00e1n llamar al +56983111079; mientras que los lontueninos podr\u00e1n hacerlo al +56983112104.<\/p>\n\n\n\n<p>De acuerdo a la Directora(s) Comunal de Salud, Nicole Villalobos, la iniciativa obedece a una necesidad manifestada desde hace tiempo por los usuarios de la red local, requerimiento que fue tomado con especial atenci\u00f3n por la administraci\u00f3n municipal.<\/p>\n\n\n\n<p>\u201cLa estrategia call center est\u00e1 encomendada por nuestro alcalde Felipe M\u00e9ndez y tiene por objetivo acercar la salud a todos los vecinos de la comuna, mejorando el acceso oportuno para cubrir sus necesidades. Si bien, est\u00e1 pensada para beneficiar a una poblaci\u00f3n espec\u00edfica en los Cesfam de Lontu\u00e9 y Molina, m\u00e1s adelante podremos incorporar a nuestras postas rurales y al Anexo Oriente\u201d, se\u00f1al\u00f3 la profesional.<\/p>\n\n\n\n<figure class=\"wp-block-image size-large\"><img loading=\"lazy\" decoding=\"async\" width=\"1024\" height=\"768\" src=\"https:\/\/web.molina.cl\/wp-content\/uploads\/2025\/07\/Cesfam-Molina-1024x768.jpeg\" alt=\"\" class=\"wp-image-75202\" srcset=\"https:\/\/web.molina.cl\/wp-content\/uploads\/2025\/07\/Cesfam-Molina-1024x768.jpeg 1024w, https:\/\/web.molina.cl\/wp-content\/uploads\/2025\/07\/Cesfam-Molina-300x225.jpeg 300w, https:\/\/web.molina.cl\/wp-content\/uploads\/2025\/07\/Cesfam-Molina-768x576.jpeg 768w, https:\/\/web.molina.cl\/wp-content\/uploads\/2025\/07\/Cesfam-Molina-1536x1152.jpeg 1536w, https:\/\/web.molina.cl\/wp-content\/uploads\/2025\/07\/Cesfam-Molina-2048x1536.jpeg 2048w, https:\/\/web.molina.cl\/wp-content\/uploads\/2025\/07\/Cesfam-Molina-560x420.jpeg 560w, https:\/\/web.molina.cl\/wp-content\/uploads\/2025\/07\/Cesfam-Molina-80x60.jpeg 80w, https:\/\/web.molina.cl\/wp-content\/uploads\/2025\/07\/Cesfam-Molina-696x522.jpeg 696w, https:\/\/web.molina.cl\/wp-content\/uploads\/2025\/07\/Cesfam-Molina-1068x801.jpeg 1068w, https:\/\/web.molina.cl\/wp-content\/uploads\/2025\/07\/Cesfam-Molina-1920x1440.jpeg 1920w, https:\/\/web.molina.cl\/wp-content\/uploads\/2025\/07\/Cesfam-Molina-265x198.jpeg 265w\" sizes=\"(max-width: 1024px) 100vw, 1024px\" \/><\/figure>\n","protected":false},"excerpt":{"rendered":"<p>La medida se implement\u00f3 en los dos Cesfam de la comuna. Proteger a la poblaci\u00f3n de riesgo y evitar su exposici\u00f3n a temperaturas extremas es el objetivo del nuevo Call Center que comenz\u00f3 a funcionar en los Centros de Salud Familiar (Cesfam) de Molina y Lontu\u00e9. La medida est\u00e1 enfocada, en su primera etapa, en [&hellip;]<\/p>\n","protected":false},"author":2,"featured_media":75202,"comment_status":"closed","ping_status":"open","sticky":false,"template":"","format":"standard","meta":{"footnotes":""},"categories":[7],"tags":[],"_links":{"self":[{"href":"https:\/\/web.molina.cl\/index.php?rest_route=\/wp\/v2\/posts\/75201"}],"collection":[{"href":"https:\/\/web.molina.cl\/index.php?rest_route=\/wp\/v2\/posts"}],"about":[{"href":"https:\/\/web.molina.cl\/index.php?rest_route=\/wp\/v2\/types\/post"}],"author":[{"embeddable":true,"href":"https:\/\/web.molina.cl\/index.php?rest_route=\/wp\/v2\/users\/2"}],"replies":[{"embeddable":true,"href":"https:\/\/web.molina.cl\/index.php?rest_route=%2Fwp%2Fv2%2Fcomments&post=75201"}],"version-history":[{"count":1,"href":"https:\/\/web.molina.cl\/index.php?rest_route=\/wp\/v2\/posts\/75201\/revisions"}],"predecessor-version":[{"id":75203,"href":"https:\/\/web.molina.cl\/index.php?rest_route=\/wp\/v2\/posts\/75201\/revisions\/75203"}],"wp:featuredmedia":[{"embeddable":true,"href":"https:\/\/web.molina.cl\/index.php?rest_route=\/wp\/v2\/media\/75202"}],"wp:attachment":[{"href":"https:\/\/web.molina.cl\/index.php?rest_route=%2Fwp%2Fv2%2Fmedia&parent=75201"}],"wp:term":[{"taxonomy":"category","embeddable":true,"href":"https:\/\/web.molina.cl\/index.php?rest_route=%2Fwp%2Fv2%2Fcategories&post=75201"},{"taxonomy":"post_tag","embeddable":true,"href":"https:\/\/web.molina.cl\/index.php?rest_route=%2Fwp%2Fv2%2Ftags&post=75201"}],"curies":[{"name":"wp","href":"https:\/\/api.w.org\/{rel}","templated":true}]}}