{"id":75123,"date":"2025-07-21T13:23:12","date_gmt":"2025-07-21T17:23:12","guid":{"rendered":"https:\/\/web.molina.cl\/?p=75123"},"modified":"2025-07-21T13:23:44","modified_gmt":"2025-07-21T17:23:44","slug":"otro-mas-consiguen-importante-avance-para-comite-habitacional-valles-de-molina-7","status":"publish","type":"post","link":"https:\/\/web.molina.cl\/?p=75123","title":{"rendered":"Otro m\u00e1s: consiguen importante avance para comit\u00e9 habitacional Valles de Molina 7"},"content":{"rendered":"\n<h2 class=\"wp-block-heading\">La comuna es la que lidera en proyectos de vivienda a nivel provincial y logr\u00f3 otro paso m\u00e1s para brindar soluci\u00f3n definitiva a m\u00e1s de 126 familias.<\/h2>\n\n\n\n<p>Mostrando los resultados del trabajo en equipo con diversas autoridades, el alcalde de Molina, Felipe M\u00e9ndez, anunci\u00f3 buenas noticias para las 126 familias que integran el comit\u00e9 de vivienda \u201cValles de Molina 7\u201d.<\/p>\n\n\n\n<p>Tras gestiones ante el Secretario Regional Ministerial (Seremi) de Vivienda, Pablo Campos, y acompa\u00f1ado por el diputado Alexis Sep\u00falveda, el jefe edilicio notific\u00f3 a los integrantes del conjunto habitacional la aprobaci\u00f3n del Informe Favorable de Construcci\u00f3n (IFC), que permite avanzar en el camino que llevar\u00e1 a la construcci\u00f3n de las casas.<\/p>\n\n\n\n<p>Para Fernanda Salazar, presidenta del grupo conformado hace tres a\u00f1os, es un enorme paso, raz\u00f3n por la que \u201cestamos muy agradecidos de nuestro alcalde, que nunca nos ha dejado solos, de don Alexis y el Seremi de Vivienda, porque nos permiten seguir avanzando con el sue\u00f1o de la casa propia\u201d.<\/p>\n\n\n\n<p><strong>NO SE OLVIDAN DE LONTU\u00c9<\/strong><\/p>\n\n\n\n<p>Pero eso no es todo, ya que el alcalde aprovech\u00f3 la reuni\u00f3n en Talca para solicitar la entrega de un terreno en Lontu\u00e9 que es propiedad de Serviu, para que se puedan edificar las viviendas del complejo Don Patricio.<\/p>\n\n\n\n<p>\u201cSeguimos trabajando fuertemente, para que m\u00e1s familias de la comuna cumplan su sue\u00f1o de tener la casa propia. Ya nos han dado el vamos para el IFC para Valles de Molina 7, algo muy anhelado desde hace un tiempo, y tambi\u00e9n estamos solicitando un terreno de Serviu en Lontu\u00e9 para el comit\u00e9 habitacional Don Patricio. Continuamos avanzando, porque en Molina se cumplen los sue\u00f1os\u201d, dijo la m\u00e1xima autoridad local.<\/p>\n\n\n\n<p>El entusiasmo es compartido tambi\u00e9n por los integrantes de este \u00faltimo grupos habitacional que aglutina a 150 familias. Su presidenta, Alejandra Gavil\u00e1n, afirma sentirse \u201cfeliz, porque logramos destrabar el terreno que pertenece a Serviu para ser traspasado al grupo y seguir avanzando en la postulaci\u00f3n a nuestras viviendas. Agradecer al alcalde que nunca nos ha dejado solos en este proceso en el que ya llevamos ocho a\u00f1os, al diputado Alexis Sep\u00falveda y al Seremi\u201d.<\/p>\n\n\n\n<figure class=\"wp-block-gallery has-nested-images columns-default is-cropped wp-block-gallery-1 is-layout-flex wp-block-gallery-is-layout-flex\">\n<figure class=\"wp-block-image size-large\"><img loading=\"lazy\" decoding=\"async\" width=\"1024\" height=\"653\" data-id=\"75124\" src=\"https:\/\/web.molina.cl\/wp-content\/uploads\/2025\/07\/Valles-7-1024x653.jpg\" alt=\"\" class=\"wp-image-75124\" srcset=\"https:\/\/web.molina.cl\/wp-content\/uploads\/2025\/07\/Valles-7-1024x653.jpg 1024w, https:\/\/web.molina.cl\/wp-content\/uploads\/2025\/07\/Valles-7-300x191.jpg 300w, https:\/\/web.molina.cl\/wp-content\/uploads\/2025\/07\/Valles-7-768x490.jpg 768w, https:\/\/web.molina.cl\/wp-content\/uploads\/2025\/07\/Valles-7-1536x979.jpg 1536w, https:\/\/web.molina.cl\/wp-content\/uploads\/2025\/07\/Valles-7-2048x1306.jpg 2048w, https:\/\/web.molina.cl\/wp-content\/uploads\/2025\/07\/Valles-7-659x420.jpg 659w, https:\/\/web.molina.cl\/wp-content\/uploads\/2025\/07\/Valles-7-696x444.jpg 696w, https:\/\/web.molina.cl\/wp-content\/uploads\/2025\/07\/Valles-7-1068x681.jpg 1068w, https:\/\/web.molina.cl\/wp-content\/uploads\/2025\/07\/Valles-7-1920x1224.jpg 1920w\" sizes=\"(max-width: 1024px) 100vw, 1024px\" \/><\/figure>\n<\/figure>\n","protected":false},"excerpt":{"rendered":"<p>La comuna es la que lidera en proyectos de vivienda a nivel provincial y logr\u00f3 otro paso m\u00e1s para brindar soluci\u00f3n definitiva a m\u00e1s de 126 familias. Mostrando los resultados del trabajo en equipo con diversas autoridades, el alcalde de Molina, Felipe M\u00e9ndez, anunci\u00f3 buenas noticias para las 126 familias que integran el comit\u00e9 de [&hellip;]<\/p>\n","protected":false},"author":2,"featured_media":75124,"comment_status":"closed","ping_status":"open","sticky":false,"template":"","format":"standard","meta":{"footnotes":""},"categories":[3,6,9],"tags":[],"_links":{"self":[{"href":"https:\/\/web.molina.cl\/index.php?rest_route=\/wp\/v2\/posts\/75123"}],"collection":[{"href":"https:\/\/web.molina.cl\/index.php?rest_route=\/wp\/v2\/posts"}],"about":[{"href":"https:\/\/web.molina.cl\/index.php?rest_route=\/wp\/v2\/types\/post"}],"author":[{"embeddable":true,"href":"https:\/\/web.molina.cl\/index.php?rest_route=\/wp\/v2\/users\/2"}],"replies":[{"embeddable":true,"href":"https:\/\/web.molina.cl\/index.php?rest_route=%2Fwp%2Fv2%2Fcomments&post=75123"}],"version-history":[{"count":1,"href":"https:\/\/web.molina.cl\/index.php?rest_route=\/wp\/v2\/posts\/75123\/revisions"}],"predecessor-version":[{"id":75125,"href":"https:\/\/web.molina.cl\/index.php?rest_route=\/wp\/v2\/posts\/75123\/revisions\/75125"}],"wp:featuredmedia":[{"embeddable":true,"href":"https:\/\/web.molina.cl\/index.php?rest_route=\/wp\/v2\/media\/75124"}],"wp:attachment":[{"href":"https:\/\/web.molina.cl\/index.php?rest_route=%2Fwp%2Fv2%2Fmedia&parent=75123"}],"wp:term":[{"taxonomy":"category","embeddable":true,"href":"https:\/\/web.molina.cl\/index.php?rest_route=%2Fwp%2Fv2%2Fcategories&post=75123"},{"taxonomy":"post_tag","embeddable":true,"href":"https:\/\/web.molina.cl\/index.php?rest_route=%2Fwp%2Fv2%2Ftags&post=75123"}],"curies":[{"name":"wp","href":"https:\/\/api.w.org\/{rel}","templated":true}]}}