{"id":75114,"date":"2025-07-21T12:14:25","date_gmt":"2025-07-21T16:14:25","guid":{"rendered":"https:\/\/web.molina.cl\/?p=75114"},"modified":"2025-07-21T12:14:27","modified_gmt":"2025-07-21T16:14:27","slug":"nunca-mas-en-la-calle-entregan-comodato-de-sede-social-a-club-de-taekwondo-en-molina","status":"publish","type":"post","link":"https:\/\/web.molina.cl\/?p=75114","title":{"rendered":"Nunca m\u00e1s en la calle: entregan comodato de sede social a club de taekwondo en Molina"},"content":{"rendered":"\n<h2 class=\"wp-block-heading\">Por m\u00e1s de 20 a\u00f1os, los ni\u00f1os y j\u00f3venes estuvieron entrenando en lugares como la Plaza de Molina, soportando fr\u00edo y calor extremo.<\/h2>\n\n\n\n<p>Poniendo fin a dos d\u00e9cadas sin contar con un recinto donde poder practicar las artes marciales, el Club Deportivo de Taekwondo Tae Mok Kwan, m\u00e1s conocido como \u201cMolina Kim\u201d, recibi\u00f3 una especial noticia.<\/p>\n\n\n\n<p>A contar de hoy, los ni\u00f1os y j\u00f3venes de la academia podr\u00e1n ocupar, con todo el respaldo legal, la sede social de una de las poblaciones c\u00e9ntricas de la comuna, como es la villa Doctor Hurtado.<\/p>\n\n\n\n<p>La decisi\u00f3n fue tomada de manera un\u00e1nime en el Concejo Municipal molinense, luego de la votaci\u00f3n que otorg\u00f3 la entrega en comodato por 10 a\u00f1os del inmueble a la organizaci\u00f3n deportiva.<\/p>\n\n\n\n<p><strong>DE LA CALLE A LA SEDE<\/strong><\/p>\n\n\n\n<p>Una vez aprobada la medida, el alcalde de Molina, Felipe M\u00e9ndez, record\u00f3 que \u201ces una agrupaci\u00f3n que la gente vio muchas veces en la Plaza entrenando con fr\u00edo, calor y con lluvia inclusive. Por tanto, hoy con el Concejo Municipal les estamos entregando dignidad. Les otorgamos el uso de una sede social a trav\u00e9s de la misma Junta de Vecinos que decidi\u00f3 entregarla, as\u00ed que ahora contar\u00e1n con su casa. El entrenar en la Plaza, ahora ser\u00e1 solo para exhibiciones\u201d.<\/p>\n\n\n\n<p>Sobre dejar la calle, el instructor del club, Ricardo Cancino, reconoci\u00f3 que sentir\u00e1 \u201cun poco de nostalgia, porque son m\u00e1s de 20 a\u00f1os. Lamentablemente, las otras administraciones municipales lo tomaron como que \u00e9ramos parte del entorno y nunca trataron de sacarnos de ah\u00ed. Perdimos muchos chicos en el invierno, bajando de 100 a 12 alumnos en invierno\u201d.<\/p>\n\n\n\n<p>De acuerdo al maestro o \u201csabomnim\u201d de la organizaci\u00f3n, son 48 ni\u00f1os y j\u00f3venes los que, a la fecha, entrenan bajo su tutela; cifra que podr\u00eda aumentar al contar con una infraestructura permanente.<\/p>\n\n\n\n<p>Desde la directiva, Claudia Cerda, explica que tienen alumnos de diversos sectores, como Itahue, San Jorge de Romeral, Buena Fe e incluso de Camarico y San Gerardo. \u201cGracias, nada m\u00e1s que gracias\u201d, dijo la apoderada en medio de la votaci\u00f3n, destacando lo que defini\u00f3 como \u201ceste nuevo comienzo que se le da al club\u201d.<\/p>\n\n\n\n<p><strong>PIDEN MEA CULPA<\/strong><\/p>\n\n\n\n<p>Durante la sesi\u00f3n del Concejo Municipal en la que se aprob\u00f3 de forma un\u00e1nime el comodato al club, uno de los aspectos en los que hicieron hincapi\u00e9 los participantes fue el d\u00e9ficit en infraestructura deportiva del que no se ocuparon las anteriores autoridades locales; situaci\u00f3n que est\u00e1n comenzando a revertir en la comuna.<\/p>\n\n\n\n<p>Tras dar su voto positivo a la medida, el concejal Jos\u00e9 Luis Lizana se\u00f1al\u00f3 que \u201ccomo autoridad, creo que es bueno hacer un mea culpa y pedir las disculpas. Da un poco de pudor que en 20 a\u00f1os de trabajo nunca se hizo el reconocimiento, pero despu\u00e9s para estar en la foto, las autoridades eran s\u00faper buenas. No se prioriz\u00f3, desde la administraci\u00f3n, la infraestructura y por eso hoy tenemos un d\u00e9ficit, donde llega a dar pena ver villas con sus canchas botadas y destruidas. Cuando hablamos de seguridad y de los ni\u00f1os y adolescentes, es el deporte el que los saca de esos lugares\u201d.<\/p>\n\n\n\n<p>Ratificando lo anterior, el concejal Cristian Mart\u00ednez afirm\u00f3 que \u201cm\u00e1s all\u00e1 de lo pintoresco, est\u00e1 la dignidad de cada uno de los ni\u00f1os que entrenaba ah\u00ed. En una administraci\u00f3n que estuvo 12 a\u00f1os, los espacios deportivos fueron casi nulos, el apoyo era casi al puro f\u00fatbol. Sin embargo, ahora podr\u00e1n postular a proyectos de implementaci\u00f3n o a subvenciones\u201d.<\/p>\n\n\n\n<figure class=\"wp-block-gallery has-nested-images columns-default is-cropped wp-block-gallery-1 is-layout-flex wp-block-gallery-is-layout-flex\">\n<figure class=\"wp-block-image size-large\"><img loading=\"lazy\" decoding=\"async\" width=\"1024\" height=\"768\" data-id=\"75116\" src=\"https:\/\/web.molina.cl\/wp-content\/uploads\/2025\/07\/Molina-Kim-1024x768.jpg\" alt=\"\" class=\"wp-image-75116\" srcset=\"https:\/\/web.molina.cl\/wp-content\/uploads\/2025\/07\/Molina-Kim-1024x768.jpg 1024w, https:\/\/web.molina.cl\/wp-content\/uploads\/2025\/07\/Molina-Kim-300x225.jpg 300w, https:\/\/web.molina.cl\/wp-content\/uploads\/2025\/07\/Molina-Kim-768x576.jpg 768w, https:\/\/web.molina.cl\/wp-content\/uploads\/2025\/07\/Molina-Kim-1536x1152.jpg 1536w, https:\/\/web.molina.cl\/wp-content\/uploads\/2025\/07\/Molina-Kim-2048x1536.jpg 2048w, https:\/\/web.molina.cl\/wp-content\/uploads\/2025\/07\/Molina-Kim-560x420.jpg 560w, https:\/\/web.molina.cl\/wp-content\/uploads\/2025\/07\/Molina-Kim-80x60.jpg 80w, https:\/\/web.molina.cl\/wp-content\/uploads\/2025\/07\/Molina-Kim-696x522.jpg 696w, https:\/\/web.molina.cl\/wp-content\/uploads\/2025\/07\/Molina-Kim-1068x801.jpg 1068w, https:\/\/web.molina.cl\/wp-content\/uploads\/2025\/07\/Molina-Kim-1920x1440.jpg 1920w, https:\/\/web.molina.cl\/wp-content\/uploads\/2025\/07\/Molina-Kim-265x198.jpg 265w\" sizes=\"(max-width: 1024px) 100vw, 1024px\" \/><\/figure>\n\n\n\n<figure class=\"wp-block-image size-large\"><img loading=\"lazy\" decoding=\"async\" width=\"1024\" height=\"769\" data-id=\"75120\" src=\"https:\/\/web.molina.cl\/wp-content\/uploads\/2025\/07\/Foto-2-2-1024x769.jpg\" alt=\"\" class=\"wp-image-75120\" srcset=\"https:\/\/web.molina.cl\/wp-content\/uploads\/2025\/07\/Foto-2-2-1024x769.jpg 1024w, https:\/\/web.molina.cl\/wp-content\/uploads\/2025\/07\/Foto-2-2-300x225.jpg 300w, https:\/\/web.molina.cl\/wp-content\/uploads\/2025\/07\/Foto-2-2-768x577.jpg 768w, https:\/\/web.molina.cl\/wp-content\/uploads\/2025\/07\/Foto-2-2-1536x1153.jpg 1536w, https:\/\/web.molina.cl\/wp-content\/uploads\/2025\/07\/Foto-2-2-2048x1538.jpg 2048w, https:\/\/web.molina.cl\/wp-content\/uploads\/2025\/07\/Foto-2-2-559x420.jpg 559w, https:\/\/web.molina.cl\/wp-content\/uploads\/2025\/07\/Foto-2-2-80x60.jpg 80w, https:\/\/web.molina.cl\/wp-content\/uploads\/2025\/07\/Foto-2-2-696x523.jpg 696w, https:\/\/web.molina.cl\/wp-content\/uploads\/2025\/07\/Foto-2-2-1068x802.jpg 1068w, https:\/\/web.molina.cl\/wp-content\/uploads\/2025\/07\/Foto-2-2-1920x1441.jpg 1920w, https:\/\/web.molina.cl\/wp-content\/uploads\/2025\/07\/Foto-2-2-265x198.jpg 265w\" sizes=\"(max-width: 1024px) 100vw, 1024px\" \/><\/figure>\n\n\n\n<figure class=\"wp-block-image size-large\"><img loading=\"lazy\" decoding=\"async\" width=\"1024\" height=\"769\" data-id=\"75121\" src=\"https:\/\/web.molina.cl\/wp-content\/uploads\/2025\/07\/Foto-3-3-1024x769.jpg\" alt=\"\" class=\"wp-image-75121\" srcset=\"https:\/\/web.molina.cl\/wp-content\/uploads\/2025\/07\/Foto-3-3-1024x769.jpg 1024w, https:\/\/web.molina.cl\/wp-content\/uploads\/2025\/07\/Foto-3-3-300x225.jpg 300w, https:\/\/web.molina.cl\/wp-content\/uploads\/2025\/07\/Foto-3-3-768x577.jpg 768w, https:\/\/web.molina.cl\/wp-content\/uploads\/2025\/07\/Foto-3-3-1536x1153.jpg 1536w, https:\/\/web.molina.cl\/wp-content\/uploads\/2025\/07\/Foto-3-3-2048x1538.jpg 2048w, https:\/\/web.molina.cl\/wp-content\/uploads\/2025\/07\/Foto-3-3-559x420.jpg 559w, https:\/\/web.molina.cl\/wp-content\/uploads\/2025\/07\/Foto-3-3-80x60.jpg 80w, https:\/\/web.molina.cl\/wp-content\/uploads\/2025\/07\/Foto-3-3-696x523.jpg 696w, https:\/\/web.molina.cl\/wp-content\/uploads\/2025\/07\/Foto-3-3-1068x802.jpg 1068w, https:\/\/web.molina.cl\/wp-content\/uploads\/2025\/07\/Foto-3-3-1920x1441.jpg 1920w, https:\/\/web.molina.cl\/wp-content\/uploads\/2025\/07\/Foto-3-3-265x198.jpg 265w\" sizes=\"(max-width: 1024px) 100vw, 1024px\" \/><\/figure>\n\n\n\n<figure class=\"wp-block-image size-large\"><img loading=\"lazy\" decoding=\"async\" width=\"1024\" height=\"769\" data-id=\"75117\" src=\"https:\/\/web.molina.cl\/wp-content\/uploads\/2025\/07\/Foto-4-1-1024x769.jpg\" alt=\"\" class=\"wp-image-75117\" srcset=\"https:\/\/web.molina.cl\/wp-content\/uploads\/2025\/07\/Foto-4-1-1024x769.jpg 1024w, https:\/\/web.molina.cl\/wp-content\/uploads\/2025\/07\/Foto-4-1-300x225.jpg 300w, https:\/\/web.molina.cl\/wp-content\/uploads\/2025\/07\/Foto-4-1-768x577.jpg 768w, https:\/\/web.molina.cl\/wp-content\/uploads\/2025\/07\/Foto-4-1-1536x1153.jpg 1536w, https:\/\/web.molina.cl\/wp-content\/uploads\/2025\/07\/Foto-4-1-2048x1538.jpg 2048w, https:\/\/web.molina.cl\/wp-content\/uploads\/2025\/07\/Foto-4-1-559x420.jpg 559w, https:\/\/web.molina.cl\/wp-content\/uploads\/2025\/07\/Foto-4-1-80x60.jpg 80w, https:\/\/web.molina.cl\/wp-content\/uploads\/2025\/07\/Foto-4-1-696x523.jpg 696w, https:\/\/web.molina.cl\/wp-content\/uploads\/2025\/07\/Foto-4-1-1068x802.jpg 1068w, https:\/\/web.molina.cl\/wp-content\/uploads\/2025\/07\/Foto-4-1-1920x1441.jpg 1920w, https:\/\/web.molina.cl\/wp-content\/uploads\/2025\/07\/Foto-4-1-265x198.jpg 265w\" sizes=\"(max-width: 1024px) 100vw, 1024px\" \/><\/figure>\n\n\n\n<figure class=\"wp-block-image size-large\"><img loading=\"lazy\" decoding=\"async\" width=\"1024\" height=\"769\" data-id=\"75119\" src=\"https:\/\/web.molina.cl\/wp-content\/uploads\/2025\/07\/Foto-5-1-1024x769.jpg\" alt=\"\" class=\"wp-image-75119\" srcset=\"https:\/\/web.molina.cl\/wp-content\/uploads\/2025\/07\/Foto-5-1-1024x769.jpg 1024w, https:\/\/web.molina.cl\/wp-content\/uploads\/2025\/07\/Foto-5-1-300x225.jpg 300w, https:\/\/web.molina.cl\/wp-content\/uploads\/2025\/07\/Foto-5-1-768x577.jpg 768w, https:\/\/web.molina.cl\/wp-content\/uploads\/2025\/07\/Foto-5-1-1536x1153.jpg 1536w, https:\/\/web.molina.cl\/wp-content\/uploads\/2025\/07\/Foto-5-1-2048x1538.jpg 2048w, https:\/\/web.molina.cl\/wp-content\/uploads\/2025\/07\/Foto-5-1-559x420.jpg 559w, https:\/\/web.molina.cl\/wp-content\/uploads\/2025\/07\/Foto-5-1-80x60.jpg 80w, https:\/\/web.molina.cl\/wp-content\/uploads\/2025\/07\/Foto-5-1-696x523.jpg 696w, https:\/\/web.molina.cl\/wp-content\/uploads\/2025\/07\/Foto-5-1-1068x802.jpg 1068w, https:\/\/web.molina.cl\/wp-content\/uploads\/2025\/07\/Foto-5-1-1920x1441.jpg 1920w, https:\/\/web.molina.cl\/wp-content\/uploads\/2025\/07\/Foto-5-1-265x198.jpg 265w\" sizes=\"(max-width: 1024px) 100vw, 1024px\" \/><\/figure>\n<\/figure>\n","protected":false},"excerpt":{"rendered":"<p>Por m\u00e1s de 20 a\u00f1os, los ni\u00f1os y j\u00f3venes estuvieron entrenando en lugares como la Plaza de Molina, soportando fr\u00edo y calor extremo. Poniendo fin a dos d\u00e9cadas sin contar con un recinto donde poder practicar las artes marciales, el Club Deportivo de Taekwondo Tae Mok Kwan, m\u00e1s conocido como \u201cMolina Kim\u201d, recibi\u00f3 una especial [&hellip;]<\/p>\n","protected":false},"author":2,"featured_media":75116,"comment_status":"closed","ping_status":"open","sticky":false,"template":"","format":"standard","meta":{"footnotes":""},"categories":[35],"tags":[],"_links":{"self":[{"href":"https:\/\/web.molina.cl\/index.php?rest_route=\/wp\/v2\/posts\/75114"}],"collection":[{"href":"https:\/\/web.molina.cl\/index.php?rest_route=\/wp\/v2\/posts"}],"about":[{"href":"https:\/\/web.molina.cl\/index.php?rest_route=\/wp\/v2\/types\/post"}],"author":[{"embeddable":true,"href":"https:\/\/web.molina.cl\/index.php?rest_route=\/wp\/v2\/users\/2"}],"replies":[{"embeddable":true,"href":"https:\/\/web.molina.cl\/index.php?rest_route=%2Fwp%2Fv2%2Fcomments&post=75114"}],"version-history":[{"count":1,"href":"https:\/\/web.molina.cl\/index.php?rest_route=\/wp\/v2\/posts\/75114\/revisions"}],"predecessor-version":[{"id":75122,"href":"https:\/\/web.molina.cl\/index.php?rest_route=\/wp\/v2\/posts\/75114\/revisions\/75122"}],"wp:featuredmedia":[{"embeddable":true,"href":"https:\/\/web.molina.cl\/index.php?rest_route=\/wp\/v2\/media\/75116"}],"wp:attachment":[{"href":"https:\/\/web.molina.cl\/index.php?rest_route=%2Fwp%2Fv2%2Fmedia&parent=75114"}],"wp:term":[{"taxonomy":"category","embeddable":true,"href":"https:\/\/web.molina.cl\/index.php?rest_route=%2Fwp%2Fv2%2Fcategories&post=75114"},{"taxonomy":"post_tag","embeddable":true,"href":"https:\/\/web.molina.cl\/index.php?rest_route=%2Fwp%2Fv2%2Ftags&post=75114"}],"curies":[{"name":"wp","href":"https:\/\/api.w.org\/{rel}","templated":true}]}}