{"id":751,"date":"2014-06-25T16:42:11","date_gmt":"2014-06-25T19:42:11","guid":{"rendered":"http:\/\/web.molina.cl\/?p=751"},"modified":"2020-11-25T08:45:03","modified_gmt":"2020-11-25T12:45:03","slug":"priscilla-castillo-invertiremos-mas-de-950-millones-en-poblacion-region-del-maule-de-molina-gracias-al-programa-quiero-mi-barrio","status":"publish","type":"post","link":"https:\/\/web.molina.cl\/?p=751","title":{"rendered":"Priscilla Castillo: \u201cInvertiremos m\u00e1s de $950 millones en poblaci\u00f3n regi\u00f3n del maule de Molina gracias al programa quiero mi barrio\u201d"},"content":{"rendered":"<p style=\"text-align: justify;\">Durante la jornada del martes 24 de junio, se realiz\u00f3 en la sede social de la Poblaci\u00f3n Regi\u00f3n del Maule de Molina, la reuni\u00f3n informativa del programa \u201cQuiero Mi Barrio\u201d recientemente adjudicado a esta poblaci\u00f3n. A dicha reuni\u00f3n asistieron &nbsp;la Alcaldesa, Priscilla Castillo; el diputado, Roberto Le\u00f3n; el SEREMI de Vivienda Rodrigo Sep\u00falveda, diferentes dirigentes y vecinos de la poblaci\u00f3n Regi\u00f3n del Maule, con el fin para dar a conocer el Programa de Recuperaci\u00f3n de Barrios \u201cQuiero mi Barrio\u201d con el que ser\u00e1 beneficiada esta comunidad.<!--more--><\/p>\n<p style=\"text-align: justify;\">Durante la reuni\u00f3n, a la que asistieron m\u00e1s de 300 personas, se dieron a conocer los principales puntos de intervenci\u00f3n del proyecto, se respondieron dudas e inquietudes por parte de las autoridades y se establecieron los principales lineamientos para comenzar el trabajo.<\/p>\n<p style=\"text-align: justify;\">Este programa se enmarca dentro de los \u201c50 compromisos en 100 primeros d\u00edas de Gobierno\u201d de la Presidenta de la Rep\u00fablica, Michelle Bachelet, donde la medida N\u00ba27 asigna m\u00e1s de $950 millones para ser invertidos en este barrio en los diferentes proyectos que decida la misma comunidad, siendo asesorada por un grupo de expertos del Ministerio de la Vivienda y de la Municipalidad.<\/p>\n<p style=\"text-align: justify;\"><b>PROYECTO PARTICIPATIVO<\/b><\/p>\n<p style=\"text-align: justify;\">\u201cInvertiremos mas de de $950 millones en la poblaci\u00f3n regi\u00f3n del Maule gracias al programa Quiero Mi Barrio y junto a la comunidad vamos a decidir en que invertir estas platas, la idea es que sea un trabajo participativo y no &nbsp;se trabaje dentro de cuatro murallas\u201d, &nbsp;enfatiz\u00f3 la Alcaldesa de Molina, Priscilla Castillo Gerli, quien personalmente invit\u00f3 a los vecinos a esta reuni\u00f3n informativa en un puerta a puerta realizado durante la semana pasada.<\/p>\n<p style=\"text-align: justify;\">Este proyecto es muy importante, ya que es adjudicado a barrios que se encuentren con deterioro urbano y vulnerabilidad social, por lo tanto ayuda en el crecimiento de las comunidades, dando la oportunidad de escuchar a sus habitantes en sus diversas necesidades, formando un consejo vecinal que entregar\u00e1 todos sus aportes respecto a c\u00f3mo realizar esta millonaria inversi\u00f3n.<\/p>\n<p style=\"text-align: justify;\"><b>&nbsp;<\/b><b>APORTE<\/b><\/p>\n<p style=\"text-align: justify;\">Son cerca de 614 familias que se ver\u00e1n beneficiadas con esta intervenci\u00f3n que comenzar\u00e1 con la etapa de levantamiento de informaci\u00f3n durante el mes de agosto.<br \/>\nLa aplicaci\u00f3n de este programa consta de 36 meses de trabajo, en donde se recabar\u00e1 la informaci\u00f3n necesaria desde la comunidad para poder llegar a resultados que ayuden a mejorar la calidad de vida de todos los habitantes de la poblaci\u00f3n Regi\u00f3n del Maule.<\/p>\n","protected":false},"excerpt":{"rendered":"<p>Durante la jornada del martes 24 de junio, se realiz\u00f3 en la sede social de la Poblaci\u00f3n Regi\u00f3n del Maule de Molina, la reuni\u00f3n informativa del programa \u201cQuiero Mi Barrio\u201d recientemente adjudicado a esta poblaci\u00f3n. A dicha reuni\u00f3n asistieron &nbsp;la Alcaldesa, Priscilla Castillo; el diputado, Roberto Le\u00f3n; el SEREMI de Vivienda Rodrigo Sep\u00falveda, diferentes dirigentes [&hellip;]<\/p>\n","protected":false},"author":1,"featured_media":752,"comment_status":"open","ping_status":"open","sticky":false,"template":"","format":"standard","meta":{"footnotes":""},"categories":[3,6,9],"tags":[],"_links":{"self":[{"href":"https:\/\/web.molina.cl\/index.php?rest_route=\/wp\/v2\/posts\/751"}],"collection":[{"href":"https:\/\/web.molina.cl\/index.php?rest_route=\/wp\/v2\/posts"}],"about":[{"href":"https:\/\/web.molina.cl\/index.php?rest_route=\/wp\/v2\/types\/post"}],"author":[{"embeddable":true,"href":"https:\/\/web.molina.cl\/index.php?rest_route=\/wp\/v2\/users\/1"}],"replies":[{"embeddable":true,"href":"https:\/\/web.molina.cl\/index.php?rest_route=%2Fwp%2Fv2%2Fcomments&post=751"}],"version-history":[{"count":1,"href":"https:\/\/web.molina.cl\/index.php?rest_route=\/wp\/v2\/posts\/751\/revisions"}],"predecessor-version":[{"id":42877,"href":"https:\/\/web.molina.cl\/index.php?rest_route=\/wp\/v2\/posts\/751\/revisions\/42877"}],"wp:featuredmedia":[{"embeddable":true,"href":"https:\/\/web.molina.cl\/index.php?rest_route=\/"}],"wp:attachment":[{"href":"https:\/\/web.molina.cl\/index.php?rest_route=%2Fwp%2Fv2%2Fmedia&parent=751"}],"wp:term":[{"taxonomy":"category","embeddable":true,"href":"https:\/\/web.molina.cl\/index.php?rest_route=%2Fwp%2Fv2%2Fcategories&post=751"},{"taxonomy":"post_tag","embeddable":true,"href":"https:\/\/web.molina.cl\/index.php?rest_route=%2Fwp%2Fv2%2Ftags&post=751"}],"curies":[{"name":"wp","href":"https:\/\/api.w.org\/{rel}","templated":true}]}}