{"id":74078,"date":"2025-06-17T13:53:06","date_gmt":"2025-06-17T17:53:06","guid":{"rendered":"https:\/\/web.molina.cl\/?p=74078"},"modified":"2025-06-17T13:53:08","modified_gmt":"2025-06-17T17:53:08","slug":"crece-la-infraestructura-deportiva-en-molina-con-entrega-de-5-multi-canchas-a-la-comunidad","status":"publish","type":"post","link":"https:\/\/web.molina.cl\/?p=74078","title":{"rendered":"Crece la infraestructura deportiva en Molina con entrega de 5 multi-canchas a la comunidad"},"content":{"rendered":"\n<h2 class=\"wp-block-heading\">Los proyectos fueron dise\u00f1ados por el municipio y financiados por el Gobierno Regional del Maule.<\/h2>\n\n\n\n<p>Concretando lo que parti\u00f3 como una idea y termin\u00f3 con espacios mejorados en los barrios, el municipio de Molina entreg\u00f3 5 multi-canchas a la comunidad, mediante un acto simb\u00f3lico realizado en la villa Nueva Oriente.<\/p>\n\n\n\n<p>En la oportunidad, los vecinos recibieron, de manos del alcalde Felipe M\u00e9ndez, las llaves de los recintos que ahora cuentan con cierre perimetral y una serie de mejoras.<\/p>\n\n\n\n<p>Adem\u00e1s del barrio en el que se llev\u00f3 a cabo la ceremonia, se realizaron intervenciones en las poblaciones Diego Portales, Servicio Seguro Social, Regi\u00f3n del Maule y Vi\u00f1a Lontu\u00e9.<\/p>\n\n\n\n<p>En total, fueron 185 millones de pesos de inversi\u00f3n con los que se realizaron obras como cierre perimetral, recambio de mallas, instalaci\u00f3n el\u00e9ctrica, servicios higi\u00e9nicos, reparaci\u00f3n de grietas, pintura y poda de \u00e1rboles, entre otras.<\/p>\n\n\n\n<p>Tras cortar la cinta que dio por entregados los inmuebles, el alcalde Felipe M\u00e9ndez, se\u00f1al\u00f3 que con el equipo municipal \u201cestamos muy agradecidos y esperamos seguir contando con el respaldo del Gobernador Pedro \u00c1lvarez-Salamanca. Actualmente, nos encontramos postulando a nuevos proyectos, as\u00ed que esperamos pronto tener m\u00e1s financiamiento del Gobierno Regional para ir mejorando la calidad de vida de los ni\u00f1os, j\u00f3venes y las familias en general\u201d.<\/p>\n\n\n\n<p>Por su parte, la presidenta de la Junta de Vecinos Nueva Oriente, Jacqueline Fern\u00e1ndez, record\u00f3 que, con su directiva, \u201cnos la hemos jugado toda. Hemos dejado los pies en la calle para conseguirlo, porque hace m\u00e1s de 25 a\u00f1os que esta cancha no se arreglaba. Muchas gracias al alcalde Felipe M\u00e9ndez, a los concejales y a todos\u201d.<\/p>\n\n\n\n<figure class=\"wp-block-gallery has-nested-images columns-default is-cropped wp-block-gallery-1 is-layout-flex wp-block-gallery-is-layout-flex\">\n<figure class=\"wp-block-image size-large\"><img loading=\"lazy\" decoding=\"async\" width=\"1024\" height=\"769\" data-id=\"74079\" src=\"https:\/\/web.molina.cl\/wp-content\/uploads\/2025\/06\/Foto-1-4-1024x769.jpg\" alt=\"\" class=\"wp-image-74079\" srcset=\"https:\/\/web.molina.cl\/wp-content\/uploads\/2025\/06\/Foto-1-4-1024x769.jpg 1024w, https:\/\/web.molina.cl\/wp-content\/uploads\/2025\/06\/Foto-1-4-300x225.jpg 300w, https:\/\/web.molina.cl\/wp-content\/uploads\/2025\/06\/Foto-1-4-768x577.jpg 768w, https:\/\/web.molina.cl\/wp-content\/uploads\/2025\/06\/Foto-1-4-1536x1153.jpg 1536w, https:\/\/web.molina.cl\/wp-content\/uploads\/2025\/06\/Foto-1-4-2048x1538.jpg 2048w, https:\/\/web.molina.cl\/wp-content\/uploads\/2025\/06\/Foto-1-4-559x420.jpg 559w, https:\/\/web.molina.cl\/wp-content\/uploads\/2025\/06\/Foto-1-4-80x60.jpg 80w, https:\/\/web.molina.cl\/wp-content\/uploads\/2025\/06\/Foto-1-4-696x523.jpg 696w, https:\/\/web.molina.cl\/wp-content\/uploads\/2025\/06\/Foto-1-4-1068x802.jpg 1068w, https:\/\/web.molina.cl\/wp-content\/uploads\/2025\/06\/Foto-1-4-1920x1441.jpg 1920w, https:\/\/web.molina.cl\/wp-content\/uploads\/2025\/06\/Foto-1-4-265x198.jpg 265w\" sizes=\"(max-width: 1024px) 100vw, 1024px\" \/><\/figure>\n\n\n\n<figure class=\"wp-block-image size-large\"><img loading=\"lazy\" decoding=\"async\" width=\"1024\" height=\"769\" data-id=\"74080\" src=\"https:\/\/web.molina.cl\/wp-content\/uploads\/2025\/06\/Foto-2-2-1024x769.jpg\" alt=\"\" class=\"wp-image-74080\" srcset=\"https:\/\/web.molina.cl\/wp-content\/uploads\/2025\/06\/Foto-2-2-1024x769.jpg 1024w, https:\/\/web.molina.cl\/wp-content\/uploads\/2025\/06\/Foto-2-2-300x225.jpg 300w, https:\/\/web.molina.cl\/wp-content\/uploads\/2025\/06\/Foto-2-2-768x577.jpg 768w, https:\/\/web.molina.cl\/wp-content\/uploads\/2025\/06\/Foto-2-2-1536x1153.jpg 1536w, https:\/\/web.molina.cl\/wp-content\/uploads\/2025\/06\/Foto-2-2-2048x1538.jpg 2048w, https:\/\/web.molina.cl\/wp-content\/uploads\/2025\/06\/Foto-2-2-559x420.jpg 559w, https:\/\/web.molina.cl\/wp-content\/uploads\/2025\/06\/Foto-2-2-80x60.jpg 80w, https:\/\/web.molina.cl\/wp-content\/uploads\/2025\/06\/Foto-2-2-696x523.jpg 696w, https:\/\/web.molina.cl\/wp-content\/uploads\/2025\/06\/Foto-2-2-1068x802.jpg 1068w, https:\/\/web.molina.cl\/wp-content\/uploads\/2025\/06\/Foto-2-2-1920x1441.jpg 1920w, https:\/\/web.molina.cl\/wp-content\/uploads\/2025\/06\/Foto-2-2-265x198.jpg 265w\" sizes=\"(max-width: 1024px) 100vw, 1024px\" \/><\/figure>\n<\/figure>\n","protected":false},"excerpt":{"rendered":"<p>Los proyectos fueron dise\u00f1ados por el municipio y financiados por el Gobierno Regional del Maule. Concretando lo que parti\u00f3 como una idea y termin\u00f3 con espacios mejorados en los barrios, el municipio de Molina entreg\u00f3 5 multi-canchas a la comunidad, mediante un acto simb\u00f3lico realizado en la villa Nueva Oriente. En la oportunidad, los vecinos [&hellip;]<\/p>\n","protected":false},"author":2,"featured_media":74079,"comment_status":"closed","ping_status":"open","sticky":false,"template":"","format":"standard","meta":{"footnotes":""},"categories":[35,6],"tags":[],"_links":{"self":[{"href":"https:\/\/web.molina.cl\/index.php?rest_route=\/wp\/v2\/posts\/74078"}],"collection":[{"href":"https:\/\/web.molina.cl\/index.php?rest_route=\/wp\/v2\/posts"}],"about":[{"href":"https:\/\/web.molina.cl\/index.php?rest_route=\/wp\/v2\/types\/post"}],"author":[{"embeddable":true,"href":"https:\/\/web.molina.cl\/index.php?rest_route=\/wp\/v2\/users\/2"}],"replies":[{"embeddable":true,"href":"https:\/\/web.molina.cl\/index.php?rest_route=%2Fwp%2Fv2%2Fcomments&post=74078"}],"version-history":[{"count":1,"href":"https:\/\/web.molina.cl\/index.php?rest_route=\/wp\/v2\/posts\/74078\/revisions"}],"predecessor-version":[{"id":74081,"href":"https:\/\/web.molina.cl\/index.php?rest_route=\/wp\/v2\/posts\/74078\/revisions\/74081"}],"wp:featuredmedia":[{"embeddable":true,"href":"https:\/\/web.molina.cl\/index.php?rest_route=\/wp\/v2\/media\/74079"}],"wp:attachment":[{"href":"https:\/\/web.molina.cl\/index.php?rest_route=%2Fwp%2Fv2%2Fmedia&parent=74078"}],"wp:term":[{"taxonomy":"category","embeddable":true,"href":"https:\/\/web.molina.cl\/index.php?rest_route=%2Fwp%2Fv2%2Fcategories&post=74078"},{"taxonomy":"post_tag","embeddable":true,"href":"https:\/\/web.molina.cl\/index.php?rest_route=%2Fwp%2Fv2%2Ftags&post=74078"}],"curies":[{"name":"wp","href":"https:\/\/api.w.org\/{rel}","templated":true}]}}