{"id":73826,"date":"2025-06-04T11:15:03","date_gmt":"2025-06-04T15:15:03","guid":{"rendered":"https:\/\/web.molina.cl\/?p=73826"},"modified":"2025-06-04T11:15:06","modified_gmt":"2025-06-04T15:15:06","slug":"donan-equipamientos-clinicos-de-mas-de-160-millones-de-pesos-al-municipio-de-molina","status":"publish","type":"post","link":"https:\/\/web.molina.cl\/?p=73826","title":{"rendered":"Donan equipamientos cl\u00ednicos de m\u00e1s de 160 millones de pesos al municipio de Molina"},"content":{"rendered":"\n<h2 class=\"wp-block-heading\">El aporte solidario fue otorgado por la Iglesia de Jesucristo de los Santos de los \u00daltimos D\u00edas.<\/h2>\n\n\n\n<p>Un importante apoyo para fortalecer su red de recintos sanitarios recibi\u00f3 el Departamento de Salud del municipio de Molina, gracias a la donaci\u00f3n entregada por la Iglesia de Jesucristo de los Santos de los \u00daltimos D\u00edas.<\/p>\n\n\n\n<p>Se trata de una serie de insumos y equipamientos cl\u00ednicos que permitir\u00e1n mejorar la cobertura de servicios en los Cesfam y postas rurales, beneficiando as\u00ed a los pacientes.<\/p>\n\n\n\n<p>Entre los artefactos ofrecidos, se encuentran equipos multiparam\u00e9tricos, desfibriladores externos autom\u00e1ticos (DEA), refrigeradores para vacunas, generadores el\u00e9ctricos y ec\u00f3grafos.<\/p>\n\n\n\n<p>En total, los implementos suman una cuant\u00eda de m\u00e1s de 160 millones de pesos, lo que da muestra de la envergadura de lo donado por parte de la congregaci\u00f3n.<\/p>\n\n\n\n<p><strong>APORTE REAL Y CONCRETO<\/strong><\/p>\n\n\n\n<p>El presidente de la estaca Curic\u00f3 de la congregaci\u00f3n, Juan Gonz\u00e1lez Meza, explic\u00f3 que \u201ccomo miembro de la iglesia, para nosotros es un privilegio poder prestar esta ayuda que va directo hacia la comunidad. La indicaci\u00f3n que tenemos de Cristo es ir y ayudar a nuestro pr\u00f3jimo. Por eso, nos esforzamos en hacer lo que Cristo mismo har\u00eda, tal como lo cuando san\u00f3 a las personas o estuvo con el enfermo y el necesitado\u201d.<\/p>\n\n\n\n<p>Junto con agradecer el aporte solidario, el alcalde de Molina, Felipe M\u00e9ndez, afirm\u00f3 que \u201cesta donaci\u00f3n que es un aporte real y concreto, que ir\u00e1 en ayuda espec\u00edficamente de todos nuestros pacientes. Estos insumos m\u00e9dicos estar\u00e1n a disposici\u00f3n de nuestros profesionales para entregar una mejor atenci\u00f3n a los usuarios\u201d.<\/p>\n\n\n\n<p>Misma opini\u00f3n manifest\u00f3 la Directora(s) Comunal de Salud, Nicole Villalobos, quien indic\u00f3 que \u201cesto nos permitir\u00e1 fortalecer el trabajo en las distintas comunidades, usuarios y familias. Esperamos con ello resolver de mejor manera con insumos de calidad y el equipamiento necesario\u201d.<\/p>\n\n\n\n<figure class=\"wp-block-gallery has-nested-images columns-default is-cropped wp-block-gallery-1 is-layout-flex wp-block-gallery-is-layout-flex\">\n<figure class=\"wp-block-image size-large\"><img loading=\"lazy\" decoding=\"async\" width=\"1024\" height=\"768\" data-id=\"73828\" src=\"https:\/\/web.molina.cl\/wp-content\/uploads\/2025\/06\/Foto-1-1024x768.jpeg\" alt=\"\" class=\"wp-image-73828\" srcset=\"https:\/\/web.molina.cl\/wp-content\/uploads\/2025\/06\/Foto-1-1024x768.jpeg 1024w, https:\/\/web.molina.cl\/wp-content\/uploads\/2025\/06\/Foto-1-300x225.jpeg 300w, https:\/\/web.molina.cl\/wp-content\/uploads\/2025\/06\/Foto-1-768x576.jpeg 768w, https:\/\/web.molina.cl\/wp-content\/uploads\/2025\/06\/Foto-1-1536x1152.jpeg 1536w, https:\/\/web.molina.cl\/wp-content\/uploads\/2025\/06\/Foto-1-2048x1536.jpeg 2048w, https:\/\/web.molina.cl\/wp-content\/uploads\/2025\/06\/Foto-1-560x420.jpeg 560w, https:\/\/web.molina.cl\/wp-content\/uploads\/2025\/06\/Foto-1-80x60.jpeg 80w, https:\/\/web.molina.cl\/wp-content\/uploads\/2025\/06\/Foto-1-696x522.jpeg 696w, https:\/\/web.molina.cl\/wp-content\/uploads\/2025\/06\/Foto-1-1068x801.jpeg 1068w, https:\/\/web.molina.cl\/wp-content\/uploads\/2025\/06\/Foto-1-1920x1440.jpeg 1920w, https:\/\/web.molina.cl\/wp-content\/uploads\/2025\/06\/Foto-1-265x198.jpeg 265w\" sizes=\"(max-width: 1024px) 100vw, 1024px\" \/><\/figure>\n\n\n\n<figure class=\"wp-block-image size-large\"><img loading=\"lazy\" decoding=\"async\" width=\"1024\" height=\"768\" data-id=\"73827\" src=\"https:\/\/web.molina.cl\/wp-content\/uploads\/2025\/06\/Foto-2-1024x768.jpeg\" alt=\"\" class=\"wp-image-73827\" srcset=\"https:\/\/web.molina.cl\/wp-content\/uploads\/2025\/06\/Foto-2-1024x768.jpeg 1024w, https:\/\/web.molina.cl\/wp-content\/uploads\/2025\/06\/Foto-2-300x225.jpeg 300w, https:\/\/web.molina.cl\/wp-content\/uploads\/2025\/06\/Foto-2-768x576.jpeg 768w, https:\/\/web.molina.cl\/wp-content\/uploads\/2025\/06\/Foto-2-1536x1152.jpeg 1536w, https:\/\/web.molina.cl\/wp-content\/uploads\/2025\/06\/Foto-2-2048x1536.jpeg 2048w, https:\/\/web.molina.cl\/wp-content\/uploads\/2025\/06\/Foto-2-560x420.jpeg 560w, https:\/\/web.molina.cl\/wp-content\/uploads\/2025\/06\/Foto-2-80x60.jpeg 80w, https:\/\/web.molina.cl\/wp-content\/uploads\/2025\/06\/Foto-2-696x522.jpeg 696w, https:\/\/web.molina.cl\/wp-content\/uploads\/2025\/06\/Foto-2-1068x801.jpeg 1068w, https:\/\/web.molina.cl\/wp-content\/uploads\/2025\/06\/Foto-2-1920x1440.jpeg 1920w, https:\/\/web.molina.cl\/wp-content\/uploads\/2025\/06\/Foto-2-265x198.jpeg 265w\" sizes=\"(max-width: 1024px) 100vw, 1024px\" \/><\/figure>\n<\/figure>\n","protected":false},"excerpt":{"rendered":"<p>El aporte solidario fue otorgado por la Iglesia de Jesucristo de los Santos de los \u00daltimos D\u00edas. Un importante apoyo para fortalecer su red de recintos sanitarios recibi\u00f3 el Departamento de Salud del municipio de Molina, gracias a la donaci\u00f3n entregada por la Iglesia de Jesucristo de los Santos de los \u00daltimos D\u00edas. Se trata [&hellip;]<\/p>\n","protected":false},"author":2,"featured_media":73828,"comment_status":"closed","ping_status":"open","sticky":false,"template":"","format":"standard","meta":{"footnotes":""},"categories":[37,7],"tags":[],"_links":{"self":[{"href":"https:\/\/web.molina.cl\/index.php?rest_route=\/wp\/v2\/posts\/73826"}],"collection":[{"href":"https:\/\/web.molina.cl\/index.php?rest_route=\/wp\/v2\/posts"}],"about":[{"href":"https:\/\/web.molina.cl\/index.php?rest_route=\/wp\/v2\/types\/post"}],"author":[{"embeddable":true,"href":"https:\/\/web.molina.cl\/index.php?rest_route=\/wp\/v2\/users\/2"}],"replies":[{"embeddable":true,"href":"https:\/\/web.molina.cl\/index.php?rest_route=%2Fwp%2Fv2%2Fcomments&post=73826"}],"version-history":[{"count":1,"href":"https:\/\/web.molina.cl\/index.php?rest_route=\/wp\/v2\/posts\/73826\/revisions"}],"predecessor-version":[{"id":73829,"href":"https:\/\/web.molina.cl\/index.php?rest_route=\/wp\/v2\/posts\/73826\/revisions\/73829"}],"wp:featuredmedia":[{"embeddable":true,"href":"https:\/\/web.molina.cl\/index.php?rest_route=\/wp\/v2\/media\/73828"}],"wp:attachment":[{"href":"https:\/\/web.molina.cl\/index.php?rest_route=%2Fwp%2Fv2%2Fmedia&parent=73826"}],"wp:term":[{"taxonomy":"category","embeddable":true,"href":"https:\/\/web.molina.cl\/index.php?rest_route=%2Fwp%2Fv2%2Fcategories&post=73826"},{"taxonomy":"post_tag","embeddable":true,"href":"https:\/\/web.molina.cl\/index.php?rest_route=%2Fwp%2Fv2%2Ftags&post=73826"}],"curies":[{"name":"wp","href":"https:\/\/api.w.org\/{rel}","templated":true}]}}