{"id":735,"date":"2014-08-08T15:58:51","date_gmt":"2014-08-08T18:58:51","guid":{"rendered":"http:\/\/web.molina.cl\/?p=735"},"modified":"2020-11-25T08:44:56","modified_gmt":"2020-11-25T12:44:56","slug":"municipalidad-de-molina-actualiza-su-plan-de-desarrollo-comunal-pladeco-con-la-comunidad","status":"publish","type":"post","link":"https:\/\/web.molina.cl\/?p=735","title":{"rendered":"Municipalidad de Molina actualiza su Plan de Desarrollo Comunal (PLADECO) con la comunidad"},"content":{"rendered":"<p style=\"text-align: justify;\">Varias reuniones de trabajo ya se han realizado en la comuna de Molina por la actualizaci\u00f3n del Plan de Desarrollo Comunal (PLADECO), el que no se actualizaba desde el a\u00f1o 2006. En directo trabajo con la comunidad se realizar\u00e1 la actualizaci\u00f3n a este instrumento, que mostrar\u00e1 los principales ejes de desarrollo de la comuna para los pr\u00f3ximos a\u00f1os.<\/p>\n<p style=\"text-align: justify;\">&nbsp;El primer encuentro se realiz\u00f3 con los funcionarios municipales, luego con la c\u00e1mara de comercio de Molina y con las comunidades de Tres Esquinas, San Jorge de Romeral, Buena Paz, Pichingal, El Yacal y Alupenhue.&nbsp; En todos estos encuentros la comunidad se ha mostrado bastante conforme al ser considerados para este trabajo.<\/p>\n<p style=\"text-align: justify;\">&nbsp;<b>FUTUROS ENCUENTROS<\/b><\/p>\n<p style=\"text-align: justify;\">&nbsp;Dentro de este mes se programan nuevos encuentros con la comunidad, como lo son:<\/p>\n<p style=\"text-align: justify;\"><strong>Jueves&nbsp; 07 de agosto con los vecinos&nbsp; de Lontu\u00e9, Casa Blanca, Entre R\u00edos y Pirhu\u00edn a las 19:00 horas en el Liceo Juan Morales de Lontu\u00e9.<\/strong><\/p>\n<p style=\"text-align: justify;\"><strong>Martes 12 de agosto con los vecinos de Itahue, Cerrillo Bascu\u00f1\u00e1n, Puente Alto, Pulmud\u00f3n y Santa Julia, a las 19:00 horas en la Sede Social de Puente Alto.<\/strong><\/p>\n<p style=\"text-align: justify;\"><strong>Jueves 14 de agosto con los vecinos de Buena F\u00e9, La Palmilla, Valdesina, Fuente de Agua, El Progreso y Radal, a las 19:00 horas en la Escuela La Palmilla.<\/strong><\/p>\n<p style=\"text-align: justify;\"><strong>Martes 19 de agosto con los vecinos de Molina urbano, a las 19:00 horas en el Teatro Municipal.<\/strong><\/p>\n<p style=\"text-align: justify;\">&nbsp;La alcaldesa de la comuna, Priscilla Castillo Gerli, entreg\u00f3 los lineamientos para que el levantamiento de informaci\u00f3n se realizara junto a los vecinos y en sus comunidades. \u201cEl Plan de Desarrollo Comunal es una planificaci\u00f3n de los proyectos a realizar en la comuna y que mejor que sean los mismos vecinos quienes entreguen esa informaci\u00f3n y no s\u00f3lo se trabaje dentro de cuatro murallas\u201d, indic\u00f3 la primera autoridad de Molina.<\/p>\n","protected":false},"excerpt":{"rendered":"<p>Varias reuniones de trabajo ya se han realizado en la comuna de Molina por la actualizaci\u00f3n del Plan de Desarrollo Comunal (PLADECO), el que no se actualizaba desde el a\u00f1o 2006. En directo trabajo con la comunidad se realizar\u00e1 la actualizaci\u00f3n a este instrumento, que mostrar\u00e1 los principales ejes de desarrollo de la comuna para [&hellip;]<\/p>\n","protected":false},"author":1,"featured_media":736,"comment_status":"open","ping_status":"open","sticky":false,"template":"","format":"standard","meta":{"footnotes":""},"categories":[3,4],"tags":[],"_links":{"self":[{"href":"https:\/\/web.molina.cl\/index.php?rest_route=\/wp\/v2\/posts\/735"}],"collection":[{"href":"https:\/\/web.molina.cl\/index.php?rest_route=\/wp\/v2\/posts"}],"about":[{"href":"https:\/\/web.molina.cl\/index.php?rest_route=\/wp\/v2\/types\/post"}],"author":[{"embeddable":true,"href":"https:\/\/web.molina.cl\/index.php?rest_route=\/wp\/v2\/users\/1"}],"replies":[{"embeddable":true,"href":"https:\/\/web.molina.cl\/index.php?rest_route=%2Fwp%2Fv2%2Fcomments&post=735"}],"version-history":[{"count":1,"href":"https:\/\/web.molina.cl\/index.php?rest_route=\/wp\/v2\/posts\/735\/revisions"}],"predecessor-version":[{"id":42873,"href":"https:\/\/web.molina.cl\/index.php?rest_route=\/wp\/v2\/posts\/735\/revisions\/42873"}],"wp:featuredmedia":[{"embeddable":true,"href":"https:\/\/web.molina.cl\/index.php?rest_route=\/"}],"wp:attachment":[{"href":"https:\/\/web.molina.cl\/index.php?rest_route=%2Fwp%2Fv2%2Fmedia&parent=735"}],"wp:term":[{"taxonomy":"category","embeddable":true,"href":"https:\/\/web.molina.cl\/index.php?rest_route=%2Fwp%2Fv2%2Fcategories&post=735"},{"taxonomy":"post_tag","embeddable":true,"href":"https:\/\/web.molina.cl\/index.php?rest_route=%2Fwp%2Fv2%2Ftags&post=735"}],"curies":[{"name":"wp","href":"https:\/\/api.w.org\/{rel}","templated":true}]}}