{"id":73367,"date":"2025-05-09T11:50:33","date_gmt":"2025-05-09T15:50:33","guid":{"rendered":"https:\/\/web.molina.cl\/?p=73367"},"modified":"2025-05-09T11:50:35","modified_gmt":"2025-05-09T15:50:35","slug":"mas-de-300-jovenes-que-suenan-con-la-casa-propia-recibieron-asesoria-del-municipio-de-molina","status":"publish","type":"post","link":"https:\/\/web.molina.cl\/?p=73367","title":{"rendered":"M\u00e1s de 300 j\u00f3venes que sue\u00f1an con la casa propia recibieron asesor\u00eda del municipio de Molina"},"content":{"rendered":"\n<h2 class=\"wp-block-heading\">El alcalde Felipe M\u00e9ndez se\u00f1al\u00f3 que est\u00e1n acercando estos beneficios a la poblaci\u00f3n adolescente de la comuna, por lo que convoc\u00f3 a los equipos de la Oficina de la Juventud y de la Oficina de Vivienda.<\/h2>\n\n\n\n<p>De forma pionera en la comuna y en el Maule, el municipio de Molina convoc\u00f3 a m\u00e1s de 300 j\u00f3venes de la comuna para brindarles una charla informativa sobre los beneficios habitacionales existentes en el pa\u00eds.<\/p>\n\n\n\n<p>Con un teatro municipal a su m\u00e1xima capacidad, los adolescentes conocieron los pormenores de los pasos a seguir para conseguir el anhelado sue\u00f1o de la casa propia, as\u00ed como los organismos en los que pueden realizar los tr\u00e1mites.<\/p>\n\n\n\n<p>El operativo corresponde a la primera actividad de la recientemente instalada Oficina de la Juventud, en conjunto con la Oficina de Vivienda; por lo que se dispuso de un gran contingente de profesionales asesorando a los participantes en \u00e1mbitos como el Registro Social de Hogares, los subsidios disponibles y los montos m\u00ednimos de ahorro requeridos.<\/p>\n\n\n\n<p><strong>POTENTE EQUIPO MUNICIPAL<\/strong><\/p>\n\n\n\n<p>Encabezando la jornada, el alcalde molinense, Felipe M\u00e9ndez, destac\u00f3 la importancia de dar espacio a los j\u00f3venes, ya que \u201cla idea es que se puedan informar con esta primera charla que es hist\u00f3rica, nunca antes se hab\u00eda realizado algo as\u00ed en la Molina. A nivel provincial, somos la comuna que lidera en materia habitacional con nuestros proyectos y queremos que tambi\u00e9n est\u00e9n disponibles para los j\u00f3venes de nuestra comuna\u201d.<\/p>\n\n\n\n<p>En l\u00ednea con lo anterior, por primera vez en su historia, Molina cuenta con una Oficina Municipal de la Juventud, siendo \u00e9sta la primera actividad realizada pensando en las necesidades que los propios usuarios manifiestan.<\/p>\n\n\n\n<p>La encargada comunal del programa, Francia Mendoza, se\u00f1al\u00f3 que \u201cestamos muy felices de esta primera convocatoria, as\u00ed que esperamos que se replique esta iniciativa y muchas otras. La idea es que sigan participando en las diversas actividades que tenemos, en \u00e1reas como cultura y deportes, entre otras\u201d.<\/p>\n\n\n\n<p>Por su parte, la Encargada de la Oficina Municipal de Vivienda, Luzmira Albornoz, coment\u00f3 que la jornada sirvi\u00f3 para \u201cinformar respecto de los distintos tipos de subsidios a los que pueden optar, como son los existentes para comprar vivienda nueva o usada, construcci\u00f3n en sitio propio y el subsidio de arriendo. Como sabemos, dentro de las metas de nuestro alcalde es entregar beneficios a m\u00e1s de 2.000 familias y en eso estamos trabajando fuertemente\u201d.<\/p>\n\n\n\n<p><strong>LOS J\u00d3VENES OPINAN<\/strong><\/p>\n\n\n\n<p>Los protagonistas de la actividad quedaron gratamente sorprendidos y entusiasmados con la informaci\u00f3n entregada por los profesionales del municipio.<\/p>\n\n\n\n<p>Tal es el caso de Benjam\u00edn Ram\u00edrez, joven de 21 a\u00f1os, que lleg\u00f3 desde el sector rural de Buena Paz y afirm\u00f3 que \u201ces una iniciativa muy innovadora que se incite a los j\u00f3venes a ahorrar y pensar en la vivienda, porque la mayor\u00eda de los j\u00f3venes de mi edad estamos m\u00e1s pendiente de qu\u00e9 carrera estudiar y no nos damos cuenta de que desde ya podemos empezar a ahorrar para la vivienda\u201d.<\/p>\n\n\n\n<p>Similar opini\u00f3n manifiesta Aylin Cisternas, quien reconoci\u00f3 que \u201chace un tiempo estaba buscando la oportunidad y me pareci\u00f3 s\u00faper buena. Cumplo con los requisitos hasta el momento, as\u00ed que eso me deja feliz y motivada. Le agradezco a la Municipalidad por dar estos espacios y momentos para los j\u00f3venes, porque nos ayudan a motivarnos en nuestros estudios y trabajos\u201d.<\/p>\n\n\n\n<p>Debido al rotundo \u00e9xito en convocatoria de la charla sobre beneficios habitacionales para j\u00f3venes, el equipo municipal no descarta repetir la instancia en el futuro, pensando en acercar los beneficios e informar a la comunidad.<\/p>\n\n\n\n<figure class=\"wp-block-gallery has-nested-images columns-default is-cropped wp-block-gallery-1 is-layout-flex wp-block-gallery-is-layout-flex\">\n<figure class=\"wp-block-image size-large\"><img loading=\"lazy\" decoding=\"async\" width=\"1024\" height=\"769\" data-id=\"73378\" src=\"https:\/\/web.molina.cl\/wp-content\/uploads\/2025\/05\/Foto-1-2-1024x769.jpg\" alt=\"\" class=\"wp-image-73378\" srcset=\"https:\/\/web.molina.cl\/wp-content\/uploads\/2025\/05\/Foto-1-2-1024x769.jpg 1024w, https:\/\/web.molina.cl\/wp-content\/uploads\/2025\/05\/Foto-1-2-300x225.jpg 300w, https:\/\/web.molina.cl\/wp-content\/uploads\/2025\/05\/Foto-1-2-768x577.jpg 768w, https:\/\/web.molina.cl\/wp-content\/uploads\/2025\/05\/Foto-1-2-1536x1153.jpg 1536w, https:\/\/web.molina.cl\/wp-content\/uploads\/2025\/05\/Foto-1-2-2048x1538.jpg 2048w, https:\/\/web.molina.cl\/wp-content\/uploads\/2025\/05\/Foto-1-2-559x420.jpg 559w, https:\/\/web.molina.cl\/wp-content\/uploads\/2025\/05\/Foto-1-2-80x60.jpg 80w, https:\/\/web.molina.cl\/wp-content\/uploads\/2025\/05\/Foto-1-2-696x523.jpg 696w, https:\/\/web.molina.cl\/wp-content\/uploads\/2025\/05\/Foto-1-2-1068x802.jpg 1068w, https:\/\/web.molina.cl\/wp-content\/uploads\/2025\/05\/Foto-1-2-1920x1441.jpg 1920w, https:\/\/web.molina.cl\/wp-content\/uploads\/2025\/05\/Foto-1-2-265x198.jpg 265w\" sizes=\"(max-width: 1024px) 100vw, 1024px\" \/><\/figure>\n\n\n\n<figure class=\"wp-block-image size-large\"><img loading=\"lazy\" decoding=\"async\" width=\"1024\" height=\"769\" data-id=\"73379\" src=\"https:\/\/web.molina.cl\/wp-content\/uploads\/2025\/05\/Foto-2-2-1024x769.jpg\" alt=\"\" class=\"wp-image-73379\" srcset=\"https:\/\/web.molina.cl\/wp-content\/uploads\/2025\/05\/Foto-2-2-1024x769.jpg 1024w, https:\/\/web.molina.cl\/wp-content\/uploads\/2025\/05\/Foto-2-2-300x225.jpg 300w, https:\/\/web.molina.cl\/wp-content\/uploads\/2025\/05\/Foto-2-2-768x577.jpg 768w, https:\/\/web.molina.cl\/wp-content\/uploads\/2025\/05\/Foto-2-2-1536x1153.jpg 1536w, https:\/\/web.molina.cl\/wp-content\/uploads\/2025\/05\/Foto-2-2-2048x1538.jpg 2048w, https:\/\/web.molina.cl\/wp-content\/uploads\/2025\/05\/Foto-2-2-559x420.jpg 559w, https:\/\/web.molina.cl\/wp-content\/uploads\/2025\/05\/Foto-2-2-80x60.jpg 80w, https:\/\/web.molina.cl\/wp-content\/uploads\/2025\/05\/Foto-2-2-696x523.jpg 696w, https:\/\/web.molina.cl\/wp-content\/uploads\/2025\/05\/Foto-2-2-1068x802.jpg 1068w, https:\/\/web.molina.cl\/wp-content\/uploads\/2025\/05\/Foto-2-2-1920x1441.jpg 1920w, https:\/\/web.molina.cl\/wp-content\/uploads\/2025\/05\/Foto-2-2-265x198.jpg 265w\" sizes=\"(max-width: 1024px) 100vw, 1024px\" \/><\/figure>\n\n\n\n<figure class=\"wp-block-image size-large\"><img loading=\"lazy\" decoding=\"async\" width=\"1024\" height=\"769\" data-id=\"73376\" src=\"https:\/\/web.molina.cl\/wp-content\/uploads\/2025\/05\/Foto-3-1-1024x769.jpg\" alt=\"\" class=\"wp-image-73376\" srcset=\"https:\/\/web.molina.cl\/wp-content\/uploads\/2025\/05\/Foto-3-1-1024x769.jpg 1024w, https:\/\/web.molina.cl\/wp-content\/uploads\/2025\/05\/Foto-3-1-300x225.jpg 300w, https:\/\/web.molina.cl\/wp-content\/uploads\/2025\/05\/Foto-3-1-768x577.jpg 768w, https:\/\/web.molina.cl\/wp-content\/uploads\/2025\/05\/Foto-3-1-1536x1153.jpg 1536w, https:\/\/web.molina.cl\/wp-content\/uploads\/2025\/05\/Foto-3-1-2048x1538.jpg 2048w, https:\/\/web.molina.cl\/wp-content\/uploads\/2025\/05\/Foto-3-1-559x420.jpg 559w, https:\/\/web.molina.cl\/wp-content\/uploads\/2025\/05\/Foto-3-1-80x60.jpg 80w, https:\/\/web.molina.cl\/wp-content\/uploads\/2025\/05\/Foto-3-1-696x523.jpg 696w, https:\/\/web.molina.cl\/wp-content\/uploads\/2025\/05\/Foto-3-1-1068x802.jpg 1068w, https:\/\/web.molina.cl\/wp-content\/uploads\/2025\/05\/Foto-3-1-1920x1441.jpg 1920w, https:\/\/web.molina.cl\/wp-content\/uploads\/2025\/05\/Foto-3-1-265x198.jpg 265w\" sizes=\"(max-width: 1024px) 100vw, 1024px\" \/><\/figure>\n\n\n\n<figure class=\"wp-block-image size-large\"><img loading=\"lazy\" decoding=\"async\" width=\"1024\" height=\"769\" data-id=\"73377\" src=\"https:\/\/web.molina.cl\/wp-content\/uploads\/2025\/05\/Foto-4-1024x769.jpg\" alt=\"\" class=\"wp-image-73377\" srcset=\"https:\/\/web.molina.cl\/wp-content\/uploads\/2025\/05\/Foto-4-1024x769.jpg 1024w, https:\/\/web.molina.cl\/wp-content\/uploads\/2025\/05\/Foto-4-300x225.jpg 300w, https:\/\/web.molina.cl\/wp-content\/uploads\/2025\/05\/Foto-4-768x577.jpg 768w, https:\/\/web.molina.cl\/wp-content\/uploads\/2025\/05\/Foto-4-1536x1153.jpg 1536w, https:\/\/web.molina.cl\/wp-content\/uploads\/2025\/05\/Foto-4-2048x1538.jpg 2048w, https:\/\/web.molina.cl\/wp-content\/uploads\/2025\/05\/Foto-4-559x420.jpg 559w, https:\/\/web.molina.cl\/wp-content\/uploads\/2025\/05\/Foto-4-80x60.jpg 80w, https:\/\/web.molina.cl\/wp-content\/uploads\/2025\/05\/Foto-4-696x523.jpg 696w, https:\/\/web.molina.cl\/wp-content\/uploads\/2025\/05\/Foto-4-1068x802.jpg 1068w, https:\/\/web.molina.cl\/wp-content\/uploads\/2025\/05\/Foto-4-1920x1441.jpg 1920w, https:\/\/web.molina.cl\/wp-content\/uploads\/2025\/05\/Foto-4-265x198.jpg 265w\" sizes=\"(max-width: 1024px) 100vw, 1024px\" \/><\/figure>\n\n\n\n<figure class=\"wp-block-image size-large\"><img loading=\"lazy\" decoding=\"async\" width=\"1024\" height=\"769\" data-id=\"73373\" src=\"https:\/\/web.molina.cl\/wp-content\/uploads\/2025\/05\/Foto-5-1024x769.jpg\" alt=\"\" class=\"wp-image-73373\" srcset=\"https:\/\/web.molina.cl\/wp-content\/uploads\/2025\/05\/Foto-5-1024x769.jpg 1024w, https:\/\/web.molina.cl\/wp-content\/uploads\/2025\/05\/Foto-5-300x225.jpg 300w, https:\/\/web.molina.cl\/wp-content\/uploads\/2025\/05\/Foto-5-768x577.jpg 768w, https:\/\/web.molina.cl\/wp-content\/uploads\/2025\/05\/Foto-5-1536x1153.jpg 1536w, https:\/\/web.molina.cl\/wp-content\/uploads\/2025\/05\/Foto-5-2048x1538.jpg 2048w, https:\/\/web.molina.cl\/wp-content\/uploads\/2025\/05\/Foto-5-559x420.jpg 559w, https:\/\/web.molina.cl\/wp-content\/uploads\/2025\/05\/Foto-5-80x60.jpg 80w, https:\/\/web.molina.cl\/wp-content\/uploads\/2025\/05\/Foto-5-696x523.jpg 696w, https:\/\/web.molina.cl\/wp-content\/uploads\/2025\/05\/Foto-5-1068x802.jpg 1068w, https:\/\/web.molina.cl\/wp-content\/uploads\/2025\/05\/Foto-5-1920x1441.jpg 1920w, https:\/\/web.molina.cl\/wp-content\/uploads\/2025\/05\/Foto-5-265x198.jpg 265w\" sizes=\"(max-width: 1024px) 100vw, 1024px\" \/><\/figure>\n\n\n\n<figure class=\"wp-block-image size-large\"><img loading=\"lazy\" decoding=\"async\" width=\"1024\" height=\"769\" data-id=\"73380\" src=\"https:\/\/web.molina.cl\/wp-content\/uploads\/2025\/05\/Foto-6-1-1024x769.jpg\" alt=\"\" class=\"wp-image-73380\" srcset=\"https:\/\/web.molina.cl\/wp-content\/uploads\/2025\/05\/Foto-6-1-1024x769.jpg 1024w, https:\/\/web.molina.cl\/wp-content\/uploads\/2025\/05\/Foto-6-1-300x225.jpg 300w, https:\/\/web.molina.cl\/wp-content\/uploads\/2025\/05\/Foto-6-1-768x577.jpg 768w, https:\/\/web.molina.cl\/wp-content\/uploads\/2025\/05\/Foto-6-1-1536x1153.jpg 1536w, https:\/\/web.molina.cl\/wp-content\/uploads\/2025\/05\/Foto-6-1-2048x1538.jpg 2048w, https:\/\/web.molina.cl\/wp-content\/uploads\/2025\/05\/Foto-6-1-559x420.jpg 559w, https:\/\/web.molina.cl\/wp-content\/uploads\/2025\/05\/Foto-6-1-80x60.jpg 80w, https:\/\/web.molina.cl\/wp-content\/uploads\/2025\/05\/Foto-6-1-696x523.jpg 696w, https:\/\/web.molina.cl\/wp-content\/uploads\/2025\/05\/Foto-6-1-1068x802.jpg 1068w, https:\/\/web.molina.cl\/wp-content\/uploads\/2025\/05\/Foto-6-1-1920x1441.jpg 1920w, https:\/\/web.molina.cl\/wp-content\/uploads\/2025\/05\/Foto-6-1-265x198.jpg 265w\" sizes=\"(max-width: 1024px) 100vw, 1024px\" \/><\/figure>\n\n\n\n<figure class=\"wp-block-image size-large\"><img loading=\"lazy\" decoding=\"async\" width=\"1024\" height=\"769\" data-id=\"73381\" src=\"https:\/\/web.molina.cl\/wp-content\/uploads\/2025\/05\/Foto-7-1-1024x769.jpg\" alt=\"\" class=\"wp-image-73381\" srcset=\"https:\/\/web.molina.cl\/wp-content\/uploads\/2025\/05\/Foto-7-1-1024x769.jpg 1024w, https:\/\/web.molina.cl\/wp-content\/uploads\/2025\/05\/Foto-7-1-300x225.jpg 300w, https:\/\/web.molina.cl\/wp-content\/uploads\/2025\/05\/Foto-7-1-768x577.jpg 768w, https:\/\/web.molina.cl\/wp-content\/uploads\/2025\/05\/Foto-7-1-1536x1153.jpg 1536w, https:\/\/web.molina.cl\/wp-content\/uploads\/2025\/05\/Foto-7-1-2048x1538.jpg 2048w, https:\/\/web.molina.cl\/wp-content\/uploads\/2025\/05\/Foto-7-1-559x420.jpg 559w, https:\/\/web.molina.cl\/wp-content\/uploads\/2025\/05\/Foto-7-1-80x60.jpg 80w, https:\/\/web.molina.cl\/wp-content\/uploads\/2025\/05\/Foto-7-1-696x523.jpg 696w, https:\/\/web.molina.cl\/wp-content\/uploads\/2025\/05\/Foto-7-1-1068x802.jpg 1068w, https:\/\/web.molina.cl\/wp-content\/uploads\/2025\/05\/Foto-7-1-1920x1441.jpg 1920w, https:\/\/web.molina.cl\/wp-content\/uploads\/2025\/05\/Foto-7-1-265x198.jpg 265w\" sizes=\"(max-width: 1024px) 100vw, 1024px\" \/><\/figure>\n\n\n\n<figure class=\"wp-block-image size-large\"><img loading=\"lazy\" decoding=\"async\" width=\"1024\" height=\"769\" data-id=\"73370\" src=\"https:\/\/web.molina.cl\/wp-content\/uploads\/2025\/05\/Foto-8-1024x769.jpg\" alt=\"\" class=\"wp-image-73370\" srcset=\"https:\/\/web.molina.cl\/wp-content\/uploads\/2025\/05\/Foto-8-1024x769.jpg 1024w, https:\/\/web.molina.cl\/wp-content\/uploads\/2025\/05\/Foto-8-300x225.jpg 300w, https:\/\/web.molina.cl\/wp-content\/uploads\/2025\/05\/Foto-8-768x577.jpg 768w, https:\/\/web.molina.cl\/wp-content\/uploads\/2025\/05\/Foto-8-1536x1153.jpg 1536w, https:\/\/web.molina.cl\/wp-content\/uploads\/2025\/05\/Foto-8-2048x1538.jpg 2048w, https:\/\/web.molina.cl\/wp-content\/uploads\/2025\/05\/Foto-8-559x420.jpg 559w, https:\/\/web.molina.cl\/wp-content\/uploads\/2025\/05\/Foto-8-80x60.jpg 80w, https:\/\/web.molina.cl\/wp-content\/uploads\/2025\/05\/Foto-8-696x523.jpg 696w, https:\/\/web.molina.cl\/wp-content\/uploads\/2025\/05\/Foto-8-1068x802.jpg 1068w, https:\/\/web.molina.cl\/wp-content\/uploads\/2025\/05\/Foto-8-1920x1441.jpg 1920w, https:\/\/web.molina.cl\/wp-content\/uploads\/2025\/05\/Foto-8-265x198.jpg 265w\" sizes=\"(max-width: 1024px) 100vw, 1024px\" \/><\/figure>\n\n\n\n<figure class=\"wp-block-image size-large\"><img loading=\"lazy\" decoding=\"async\" width=\"1024\" height=\"769\" data-id=\"73382\" src=\"https:\/\/web.molina.cl\/wp-content\/uploads\/2025\/05\/Foto-9-1-1024x769.jpg\" alt=\"\" class=\"wp-image-73382\" srcset=\"https:\/\/web.molina.cl\/wp-content\/uploads\/2025\/05\/Foto-9-1-1024x769.jpg 1024w, https:\/\/web.molina.cl\/wp-content\/uploads\/2025\/05\/Foto-9-1-300x225.jpg 300w, https:\/\/web.molina.cl\/wp-content\/uploads\/2025\/05\/Foto-9-1-768x577.jpg 768w, https:\/\/web.molina.cl\/wp-content\/uploads\/2025\/05\/Foto-9-1-1536x1153.jpg 1536w, https:\/\/web.molina.cl\/wp-content\/uploads\/2025\/05\/Foto-9-1-2048x1538.jpg 2048w, https:\/\/web.molina.cl\/wp-content\/uploads\/2025\/05\/Foto-9-1-559x420.jpg 559w, https:\/\/web.molina.cl\/wp-content\/uploads\/2025\/05\/Foto-9-1-80x60.jpg 80w, https:\/\/web.molina.cl\/wp-content\/uploads\/2025\/05\/Foto-9-1-696x523.jpg 696w, https:\/\/web.molina.cl\/wp-content\/uploads\/2025\/05\/Foto-9-1-1068x802.jpg 1068w, https:\/\/web.molina.cl\/wp-content\/uploads\/2025\/05\/Foto-9-1-1920x1441.jpg 1920w, https:\/\/web.molina.cl\/wp-content\/uploads\/2025\/05\/Foto-9-1-265x198.jpg 265w\" sizes=\"(max-width: 1024px) 100vw, 1024px\" \/><\/figure>\n\n\n\n<figure class=\"wp-block-image size-large\"><img loading=\"lazy\" decoding=\"async\" width=\"1024\" height=\"769\" data-id=\"73383\" src=\"https:\/\/web.molina.cl\/wp-content\/uploads\/2025\/05\/Foto-10-1-1024x769.jpg\" alt=\"\" class=\"wp-image-73383\" srcset=\"https:\/\/web.molina.cl\/wp-content\/uploads\/2025\/05\/Foto-10-1-1024x769.jpg 1024w, https:\/\/web.molina.cl\/wp-content\/uploads\/2025\/05\/Foto-10-1-300x225.jpg 300w, https:\/\/web.molina.cl\/wp-content\/uploads\/2025\/05\/Foto-10-1-768x577.jpg 768w, https:\/\/web.molina.cl\/wp-content\/uploads\/2025\/05\/Foto-10-1-1536x1153.jpg 1536w, https:\/\/web.molina.cl\/wp-content\/uploads\/2025\/05\/Foto-10-1-2048x1538.jpg 2048w, https:\/\/web.molina.cl\/wp-content\/uploads\/2025\/05\/Foto-10-1-559x420.jpg 559w, https:\/\/web.molina.cl\/wp-content\/uploads\/2025\/05\/Foto-10-1-80x60.jpg 80w, https:\/\/web.molina.cl\/wp-content\/uploads\/2025\/05\/Foto-10-1-696x523.jpg 696w, https:\/\/web.molina.cl\/wp-content\/uploads\/2025\/05\/Foto-10-1-1068x802.jpg 1068w, https:\/\/web.molina.cl\/wp-content\/uploads\/2025\/05\/Foto-10-1-1920x1441.jpg 1920w, https:\/\/web.molina.cl\/wp-content\/uploads\/2025\/05\/Foto-10-1-265x198.jpg 265w\" sizes=\"(max-width: 1024px) 100vw, 1024px\" \/><\/figure>\n<\/figure>\n","protected":false},"excerpt":{"rendered":"<p>El alcalde Felipe M\u00e9ndez se\u00f1al\u00f3 que est\u00e1n acercando estos beneficios a la poblaci\u00f3n adolescente de la comuna, por lo que convoc\u00f3 a los equipos de la Oficina de la Juventud y de la Oficina de Vivienda. De forma pionera en la comuna y en el Maule, el municipio de Molina convoc\u00f3 a m\u00e1s de 300 [&hellip;]<\/p>\n","protected":false},"author":2,"featured_media":73378,"comment_status":"closed","ping_status":"open","sticky":false,"template":"","format":"standard","meta":{"footnotes":""},"categories":[3324,40,9],"tags":[],"_links":{"self":[{"href":"https:\/\/web.molina.cl\/index.php?rest_route=\/wp\/v2\/posts\/73367"}],"collection":[{"href":"https:\/\/web.molina.cl\/index.php?rest_route=\/wp\/v2\/posts"}],"about":[{"href":"https:\/\/web.molina.cl\/index.php?rest_route=\/wp\/v2\/types\/post"}],"author":[{"embeddable":true,"href":"https:\/\/web.molina.cl\/index.php?rest_route=\/wp\/v2\/users\/2"}],"replies":[{"embeddable":true,"href":"https:\/\/web.molina.cl\/index.php?rest_route=%2Fwp%2Fv2%2Fcomments&post=73367"}],"version-history":[{"count":1,"href":"https:\/\/web.molina.cl\/index.php?rest_route=\/wp\/v2\/posts\/73367\/revisions"}],"predecessor-version":[{"id":73384,"href":"https:\/\/web.molina.cl\/index.php?rest_route=\/wp\/v2\/posts\/73367\/revisions\/73384"}],"wp:featuredmedia":[{"embeddable":true,"href":"https:\/\/web.molina.cl\/index.php?rest_route=\/wp\/v2\/media\/73378"}],"wp:attachment":[{"href":"https:\/\/web.molina.cl\/index.php?rest_route=%2Fwp%2Fv2%2Fmedia&parent=73367"}],"wp:term":[{"taxonomy":"category","embeddable":true,"href":"https:\/\/web.molina.cl\/index.php?rest_route=%2Fwp%2Fv2%2Fcategories&post=73367"},{"taxonomy":"post_tag","embeddable":true,"href":"https:\/\/web.molina.cl\/index.php?rest_route=%2Fwp%2Fv2%2Ftags&post=73367"}],"curies":[{"name":"wp","href":"https:\/\/api.w.org\/{rel}","templated":true}]}}